{"id":102689,"date":"2023-11-25T08:48:58","date_gmt":"2023-11-25T11:48:58","guid":{"rendered":"https:\/\/cdnoticias.com\/?p=102689"},"modified":"2023-11-25T08:49:00","modified_gmt":"2023-11-25T11:49:00","slug":"carlos-demanins-q-e-p-d","status":"publish","type":"post","link":"https:\/\/cdnoticias.com\/index.php\/2023\/11\/25\/carlos-demanins-q-e-p-d\/","title":{"rendered":"Carlos Demanins (Q.E.P.D.)"},"content":{"rendered":"<p>Falleci\u00f3 en Olavarr\u00eda el d\u00eda 25 de noviembre de 2023 a los 93 a\u00f1os de edad. Su hija Silvina; su hijo pol\u00edtico Claudio; sus nietos Mart\u00edn, Marina, Luj\u00e1n y Mercedes y dem\u00e1s deudos participan su fallecimiento.<\/p>\n<p>Sus restos son velados en Espa\u00f1a 2942 departamento &#8220;B&#8221; y ser\u00e1n inhumados este s\u00e1bado a las 13:30 en el cementerio Loma de Paz, previo responso en la capilla ardiente. Vecino de barrio Mariano Moreno. Nacido en Claromec\u00f3. Jubilado. Ex Gerente de la Sociedad Rural Argentina.<\/p>\n","protected":false},"excerpt":{"rendered":"<p>Falleci\u00f3 en Olavarr\u00eda el d\u00eda 25 de noviembre de 2023 a los 93 a\u00f1os de edad. Su hija Silvina; su<\/p>\n","protected":false},"author":2,"featured_media":100390,"comment_status":"closed","ping_status":"closed","sticky":false,"template":"","format":"standard","meta":{"_jetpack_memberships_contains_paid_content":false,"footnotes":""},"categories":[10],"tags":[],"class_list":["post-102689","post","type-post","status-publish","format-standard","has-post-thumbnail","hentry","category-necrologicas"],"jetpack_featured_media_url":"https:\/\/i0.wp.com\/cdnoticias.com\/wp-content\/uploads\/2023\/10\/necrologicas-390-x-240.jpg?fit=390%2C240&ssl=1","jetpack_sharing_enabled":true,"_links":{"self":[{"href":"https:\/\/cdnoticias.com\/index.php\/wp-json\/wp\/v2\/posts\/102689","targetHints":{"allow":["GET"]}}],"collection":[{"href":"https:\/\/cdnoticias.com\/index.php\/wp-json\/wp\/v2\/posts"}],"about":[{"href":"https:\/\/cdnoticias.com\/index.php\/wp-json\/wp\/v2\/types\/post"}],"author":[{"embeddable":true,"href":"https:\/\/cdnoticias.com\/index.php\/wp-json\/wp\/v2\/users\/2"}],"replies":[{"embeddable":true,"href":"https:\/\/cdnoticias.com\/index.php\/wp-json\/wp\/v2\/comments?post=102689"}],"version-history":[{"count":0,"href":"https:\/\/cdnoticias.com\/index.php\/wp-json\/wp\/v2\/posts\/102689\/revisions"}],"wp:featuredmedia":[{"embeddable":true,"href":"https:\/\/cdnoticias.com\/index.php\/wp-json\/wp\/v2\/media\/100390"}],"wp:attachment":[{"href":"https:\/\/cdnoticias.com\/index.php\/wp-json\/wp\/v2\/media?parent=102689"}],"wp:term":[{"taxonomy":"category","embeddable":true,"href":"https:\/\/cdnoticias.com\/index.php\/wp-json\/wp\/v2\/categories?post=102689"},{"taxonomy":"post_tag","embeddable":true,"href":"https:\/\/cdnoticias.com\/index.php\/wp-json\/wp\/v2\/tags?post=102689"}],"curies":[{"name":"wp","href":"https:\/\/api.w.org\/{rel}","templated":true}]}}