{"id":102678,"date":"2023-11-25T10:03:05","date_gmt":"2023-11-25T13:03:05","guid":{"rendered":"https:\/\/cdnoticias.com\/?p=102678"},"modified":"2023-11-25T13:14:15","modified_gmt":"2023-11-25T16:14:15","slug":"vivo-la-ciudad-con-absoluta-felicidad-la-elijo-para-vivir-y-no-pienso-irme","status":"publish","type":"post","link":"https:\/\/cdnoticias.com\/index.php\/2023\/11\/25\/vivo-la-ciudad-con-absoluta-felicidad-la-elijo-para-vivir-y-no-pienso-irme\/","title":{"rendered":"\u201cVivo la ciudad con absoluta felicidad, la elijo para vivir, y no pienso irme\u201d"},"content":{"rendered":"\n<p>El ex Intendente Jos\u00e9 Eseverri dialog\u00f3 con Central de Noticias en el marco de un nuevo aniversario de la ciudad. C\u00f3mo ve la pr\u00f3xima gesti\u00f3n en relaci\u00f3n al contexto nacional y c\u00f3mo vive el ser olavarriense. \u201cCreo que puede haber una mirada mucho m\u00e1s exigente a un gobierno peronista que lo que fueron estos ocho a\u00f1os de Galli, donde hubo mucha disculpa durante mucho tiempo\u201d expres\u00f3.<\/p>\n\n\n\n<hr class=\"wp-block-separator aligncenter has-alpha-channel-opacity\"\/>\n\n\n\n<p><strong><em>Por: Dan<\/em><\/strong><strong style=\"font-style: italic;\">isa Jaime \/\/ @_jdanisa<\/strong><\/p>\n\n\n\n<p><em><strong>Del staff de Central de Noticias&nbsp;<\/strong><\/em><\/p>\n\n\n\n<p><\/p>\n\n\n\n<p>Olavarr\u00eda <strong>cumple 156 a\u00f1os<\/strong> este s\u00e1bado 25 de noviembre, un <strong>aniversario que la ciudad espera para festejar y celebrar<\/strong> en el Parque Helios Eseverri. La fiesta que (casi) no se hace, en este contexto de a\u00f1o electoral, finalmente se llevar\u00e1 adelante con una <a href=\"https:\/\/cdnoticias.com\/index.php\/2023\/11\/22\/aniversario-de-olavarria-se-conocio-la-grilla-de-artistas-y-actividades\/\">grilla de variados artistas locales<\/a>. <\/p>\n\n\n\n<p><\/p>\n\n\n\n<p>En el marco de un nuevo aniversario, <strong>el ex Intendente Jos\u00e9 Eseverri<\/strong> dialog\u00f3 con <em>Central de Noticias<\/em> sobre el contexto en el cual se encuentra nuestra ciudad. Un nuevo presidente electo, el peronismo retornando al Municipio y diferentes miradas de llevar a cabo una gesti\u00f3n.<\/p>\n\n\n\n<p><\/p>\n\n\n\n<p><strong><em>\u00bfQu\u00e9 pas\u00f3 en estos 8 a\u00f1os de gesti\u00f3n Municipal? <\/em><\/strong>Eseverri dijo que \u201c<strong>el balance lo hizo la gente\u201d <\/strong>y que \u201chay que aceptar la decisi\u00f3n popular. La reflexi\u00f3n sobre los \u00faltimos ocho a\u00f1os de la ciudad gener\u00f3 este cambio de gobierno que vamos a vivir\u201d.<\/p>\n\n\n\n<p><\/p>\n\n\n\n<p>En tanto agreg\u00f3 que \u201c<strong>frente a los cambios de gobierno la verdad que soy optimista. Me parece bueno para la ciudad. <\/strong>Creo que Maxi (Wesner) es una excelente persona que tiene muy buenas intenciones y una formaci\u00f3n dentro del peronismo que me parece adecuada para el momento que hoy vive Olavarr\u00eda, pero tambi\u00e9n creo que estamos b\u00e1sicamente entre las puertas de <strong>cambios de paradigma en la gesti\u00f3n p\u00fablica que van a impactar muy fuerte en ciudades como las nuestras y que, te dir\u00eda, excede la gesti\u00f3n municipal\u201d.<\/strong><\/p>\n\n\n\n<p><\/p>\n\n\n\n<figure class=\"wp-block-image aligncenter size-large\"><img data-recalc-dims=\"1\" loading=\"lazy\" decoding=\"async\" width=\"800\" height=\"450\" src=\"https:\/\/i0.wp.com\/cdnoticias.com\/wp-content\/uploads\/2023\/11\/eseverri-olavarria9.jpg?resize=800%2C450&#038;ssl=1\" alt=\"\" class=\"wp-image-102671\" srcset=\"https:\/\/i0.wp.com\/cdnoticias.com\/wp-content\/uploads\/2023\/11\/eseverri-olavarria9-scaled.jpg?resize=1024%2C576&amp;ssl=1 1024w, https:\/\/i0.wp.com\/cdnoticias.com\/wp-content\/uploads\/2023\/11\/eseverri-olavarria9-scaled.jpg?resize=300%2C169&amp;ssl=1 300w, https:\/\/i0.wp.com\/cdnoticias.com\/wp-content\/uploads\/2023\/11\/eseverri-olavarria9-scaled.jpg?resize=768%2C432&amp;ssl=1 768w, https:\/\/i0.wp.com\/cdnoticias.com\/wp-content\/uploads\/2023\/11\/eseverri-olavarria9-scaled.jpg?resize=1536%2C864&amp;ssl=1 1536w, https:\/\/i0.wp.com\/cdnoticias.com\/wp-content\/uploads\/2023\/11\/eseverri-olavarria9-scaled.jpg?resize=2048%2C1152&amp;ssl=1 2048w, https:\/\/i0.wp.com\/cdnoticias.com\/wp-content\/uploads\/2023\/11\/eseverri-olavarria9-scaled.jpg?w=1600&amp;ssl=1 1600w, https:\/\/i0.wp.com\/cdnoticias.com\/wp-content\/uploads\/2023\/11\/eseverri-olavarria9-scaled.jpg?w=2400&amp;ssl=1 2400w\" sizes=\"auto, (max-width: 800px) 100vw, 800px\" \/><\/figure>\n\n\n\n<p><\/p>\n\n\n\n<p>Eseverri reflexion\u00f3 sobre la situaci\u00f3n a futuro y sostuvo que \u201c<em>la gesti\u00f3n municipal va a tener un per\u00edodo de, me parece, la necesidad de mostrar mucha austeridad y tambi\u00e9n mucho orden: austeridad porque no tiene recursos para gastar y orden porque me parece que la gesti\u00f3n necesita un proceso de ordenamiento, de volver a tener una pol\u00edtica clara en materia de Salud por ejemplo\u201d.<\/em><\/p>\n\n\n\n<p><\/p>\n\n\n\n<p>\u201cEn paralelo va a recibir la gesti\u00f3n de Maxi un pasivo muy importante que no solamente es econ\u00f3mico, que lo vas a ver en el deterioro de los edificios municipales, en el deterioro del salario del trabajador municipal, en la p\u00e9rdida de una din\u00e1mica de la obra p\u00fablica en la cual Olavarr\u00eda estaba acostumbrada y que no se ha sostenido en los \u00faltimos a\u00f1os\u201d agreg\u00f3.<\/p>\n\n\n\n<p><\/p>\n\n\n\n<p>En tanto y en esa misma l\u00ednea, precis\u00f3 tambi\u00e9n \u201cla p\u00e9rdida de una din\u00e1mica en otros aspectos de la gesti\u00f3n, que tal vez han sido menores para esta gesti\u00f3n pero que son importantes para la ciudad como todo el aspecto cultural, el del desarrollo econ\u00f3mico, el de vender la ciudad para que se radiquen empresas en nuestra ciudad y todo eso va a tener obviamente la<strong> necesidad de encontrar la gente adecuada para llevar adelante una gesti\u00f3n<\/strong> que va a estar puesta en el ojo de los olavarrienses\u201d.<\/p>\n\n\n\n<p><\/p>\n\n\n\n<blockquote class=\"wp-block-quote is-layout-flow wp-block-quote-is-layout-flow\">\n<p>\u201cCreo que puede haber una mirada mucho m\u00e1s exigente a un gobierno peronista que lo que fueron estos ocho a\u00f1os de Galli, donde hubo mucha disculpa durante mucho tiempo a cosas que Olavarr\u00eda estaba acostumbrada a tenerlas incorporadas en su activo, que no estaban pasando y que se perdieron\u201d expres\u00f3 el ex Intendente.<\/p>\n<\/blockquote>\n\n\n\n<figure class=\"wp-block-image aligncenter size-large\"><img data-recalc-dims=\"1\" loading=\"lazy\" decoding=\"async\" width=\"800\" height=\"450\" src=\"https:\/\/i0.wp.com\/cdnoticias.com\/wp-content\/uploads\/2023\/11\/eseverri-olavarria7.jpg?resize=800%2C450&#038;ssl=1\" alt=\"\" class=\"wp-image-102669\" srcset=\"https:\/\/i0.wp.com\/cdnoticias.com\/wp-content\/uploads\/2023\/11\/eseverri-olavarria7-scaled.jpg?resize=1024%2C576&amp;ssl=1 1024w, https:\/\/i0.wp.com\/cdnoticias.com\/wp-content\/uploads\/2023\/11\/eseverri-olavarria7-scaled.jpg?resize=300%2C169&amp;ssl=1 300w, https:\/\/i0.wp.com\/cdnoticias.com\/wp-content\/uploads\/2023\/11\/eseverri-olavarria7-scaled.jpg?resize=768%2C432&amp;ssl=1 768w, https:\/\/i0.wp.com\/cdnoticias.com\/wp-content\/uploads\/2023\/11\/eseverri-olavarria7-scaled.jpg?resize=1536%2C864&amp;ssl=1 1536w, https:\/\/i0.wp.com\/cdnoticias.com\/wp-content\/uploads\/2023\/11\/eseverri-olavarria7-scaled.jpg?resize=2048%2C1152&amp;ssl=1 2048w, https:\/\/i0.wp.com\/cdnoticias.com\/wp-content\/uploads\/2023\/11\/eseverri-olavarria7-scaled.jpg?w=1600&amp;ssl=1 1600w, https:\/\/i0.wp.com\/cdnoticias.com\/wp-content\/uploads\/2023\/11\/eseverri-olavarria7-scaled.jpg?w=2400&amp;ssl=1 2400w\" sizes=\"auto, (max-width: 800px) 100vw, 800px\" \/><\/figure>\n\n\n\n<p><\/p>\n\n\n\n<p><strong>Un nuevo presidente electo: paralelismos entre Milei y Macri<\/strong><\/p>\n\n\n\n<p>Javier Milei es el nuevo presidente electo, quien se ali\u00f3 con el macrismo y en los \u00faltimos d\u00edas se pudo ver un <strong>gabinete conformado con \u201cfiguritas repetidas\u201d del 2015.<\/strong><\/p>\n\n\n\n<p><\/p>\n\n\n\n<p>Maximiliano Wesner, intendente electo, ten\u00eda un punto m\u00e1s a favor si ganaba Sergio Massa, quedando as\u00ed alineado el Municipio y provincia con Axel Kicillof. Esto no pas\u00f3 y las reconfiguraciones ser\u00e1n otras a partir del 10 de diciembre. <strong><em>\u00bfC\u00f3mo afectan las decisiones de Javier Milei en relaci\u00f3n a los Municipios?<\/em><\/strong><\/p>\n\n\n\n<p><\/p>\n\n\n\n<p>Eseverri sostuvo que <strong><em>\u201cprimero, el cambio de paradigma de la pol\u00edtica econ\u00f3mica nacional es lo m\u00e1s delicado que le va a pasar a la ciudad y que nos abre un signo interrogante muy importante porque la gesti\u00f3n p\u00fablica va a tener aparentemente otra forma de gestionarse\u201d<\/em><\/strong>.<\/p>\n\n\n\n<p><\/p>\n\n\n\n<figure class=\"wp-block-image aligncenter size-large\"><img data-recalc-dims=\"1\" loading=\"lazy\" decoding=\"async\" width=\"800\" height=\"450\" src=\"https:\/\/i0.wp.com\/cdnoticias.com\/wp-content\/uploads\/2023\/11\/eseverri-olavarria5.jpg?resize=800%2C450&#038;ssl=1\" alt=\"\" class=\"wp-image-102667\" srcset=\"https:\/\/i0.wp.com\/cdnoticias.com\/wp-content\/uploads\/2023\/11\/eseverri-olavarria5-scaled.jpg?resize=1024%2C576&amp;ssl=1 1024w, https:\/\/i0.wp.com\/cdnoticias.com\/wp-content\/uploads\/2023\/11\/eseverri-olavarria5-scaled.jpg?resize=300%2C169&amp;ssl=1 300w, https:\/\/i0.wp.com\/cdnoticias.com\/wp-content\/uploads\/2023\/11\/eseverri-olavarria5-scaled.jpg?resize=768%2C432&amp;ssl=1 768w, https:\/\/i0.wp.com\/cdnoticias.com\/wp-content\/uploads\/2023\/11\/eseverri-olavarria5-scaled.jpg?resize=1536%2C864&amp;ssl=1 1536w, https:\/\/i0.wp.com\/cdnoticias.com\/wp-content\/uploads\/2023\/11\/eseverri-olavarria5-scaled.jpg?resize=2048%2C1152&amp;ssl=1 2048w, https:\/\/i0.wp.com\/cdnoticias.com\/wp-content\/uploads\/2023\/11\/eseverri-olavarria5-scaled.jpg?w=1600&amp;ssl=1 1600w, https:\/\/i0.wp.com\/cdnoticias.com\/wp-content\/uploads\/2023\/11\/eseverri-olavarria5-scaled.jpg?w=2400&amp;ssl=1 2400w\" sizes=\"auto, (max-width: 800px) 100vw, 800px\" \/><\/figure>\n\n\n\n<p><\/p>\n\n\n\n<p>\u201cLa segunda cosa (que es el anuncio m\u00e1s delicado de lo que ha pasado estos d\u00edas) y que a nuestra ciudad le pega de una manera muy directa es la<strong> posibilidad de que el gobierno nacional corte la obra p\u00fablica<\/strong>, estas son las ideas con la que viene la gesti\u00f3n de Milei. Si esto pasa, a la ciudad le va a pegar de manera muy dura porque Olavarr\u00eda tiene un desarrollo en funci\u00f3n de la construcci\u00f3n sumamente importante desde la cementera, la cantera, el transporte por camiones y todo lo que eso significa: la gomer\u00eda, los choferes, etc\u00e9tera\u201d agreg\u00f3 Eseverri.<\/p>\n\n\n\n<p><\/p>\n\n\n\n<p>En tanto, record\u00f3 los a\u00f1os del macrismo: <strong><em>\u201cNos va a pegar en un sector de la econom\u00eda que nos va a afectar much\u00edsimo como ciudad, ya no solo como Estado municipal. Pas\u00f3 algo parecido en 2018 cuando Macri par\u00f3 la obra p\u00fablica de un d\u00eda para el otro y eso se vivi\u00f3 con desocupaci\u00f3n a nivel nacional y hoy podemos entrar en las puertas de una cosa bastante parecida\u201d<\/em><\/strong>.<\/p>\n\n\n\n<p><\/p>\n\n\n\n<p>\u201cCreo que el ordenamiento fiscal del estado es muy necesario y hay que ver c\u00f3mo lo puede hacer. Tanto a nivel nacional, provincial, pero tambi\u00e9n municipal. Olavarr\u00eda va a terminar con un d\u00e9ficit sumamente importante y eso vos no vas a tener forma de financiarlo raz\u00f3n por la cual o la pagan los proveedores, la pagan los trabajadores municipales o tendr\u00e1n que ver c\u00f3mo se ordenan las gestiones en todos los niveles\u201d reafirm\u00f3.<\/p>\n\n\n\n<p><\/p>\n\n\n\n<p><strong><em>A nivel local, \u00bfel gobierno Municipal no escuch\u00f3 a los olavarrienses?<\/em><\/strong><\/p>\n\n\n\n<p>-No se trata de escuchar a la gente, se trata de tener ideas. Creo que uno de los problemas que tiene la pol\u00edtica en los \u00faltimos a\u00f1os es el empobrecimiento de una clase dirigente que<strong> no tiene en la cabeza el dise\u00f1o de pol\u00edticas p\u00fablicas<\/strong>, y muchas veces<strong> se gestiona por impulso o simplemente segu\u00eds haciendo lo que se viene haciendo.<\/strong> Hace muchos a\u00f1os que no veo gestiones innovativas en los Municipios de la provincia de Buenos Aires. Cuando dise\u00f1as una pol\u00edtica de Salud p\u00fablica ten\u00e9s que tener muy claro hasta<strong> ideol\u00f3gicamente qu\u00e9 tipo de Salud p\u00fablica quer\u00e9s. Si es para todos, si es para algunos, si es para nadie<\/strong>. Qu\u00e9 nivel de desarrollo de la tecnolog\u00eda hospitalaria vas a tener, que desarrollo territorial vas a tener.<\/p>\n\n\n\n<p><\/p>\n\n\n\n<blockquote class=\"wp-block-quote is-layout-flow wp-block-quote-is-layout-flow\">\n<p>En ocho a\u00f1os la ciudad creci\u00f3 un mont\u00f3n, pero no hay un solo Centro de Salud adicional, no hay un solo Jard\u00edn Maternal municipal m\u00e1s, ni Centros de D\u00eda, ni Servicios Territoriales nuevos. Hay una concepci\u00f3n del poder que parec\u00eda que empezaba y terminaba a diez cuadras de la que viv\u00edan los funcionarios de la municipalidad.<\/p>\n<\/blockquote>\n\n\n\n<figure class=\"wp-block-image aligncenter size-large\"><img data-recalc-dims=\"1\" loading=\"lazy\" decoding=\"async\" width=\"800\" height=\"450\" src=\"https:\/\/i0.wp.com\/cdnoticias.com\/wp-content\/uploads\/2023\/11\/eseverri-olavarria4.jpg?resize=800%2C450&#038;ssl=1\" alt=\"\" class=\"wp-image-102666\" srcset=\"https:\/\/i0.wp.com\/cdnoticias.com\/wp-content\/uploads\/2023\/11\/eseverri-olavarria4-scaled.jpg?resize=1024%2C576&amp;ssl=1 1024w, https:\/\/i0.wp.com\/cdnoticias.com\/wp-content\/uploads\/2023\/11\/eseverri-olavarria4-scaled.jpg?resize=300%2C169&amp;ssl=1 300w, https:\/\/i0.wp.com\/cdnoticias.com\/wp-content\/uploads\/2023\/11\/eseverri-olavarria4-scaled.jpg?resize=768%2C432&amp;ssl=1 768w, https:\/\/i0.wp.com\/cdnoticias.com\/wp-content\/uploads\/2023\/11\/eseverri-olavarria4-scaled.jpg?resize=1536%2C864&amp;ssl=1 1536w, https:\/\/i0.wp.com\/cdnoticias.com\/wp-content\/uploads\/2023\/11\/eseverri-olavarria4-scaled.jpg?resize=2048%2C1152&amp;ssl=1 2048w, https:\/\/i0.wp.com\/cdnoticias.com\/wp-content\/uploads\/2023\/11\/eseverri-olavarria4-scaled.jpg?w=1600&amp;ssl=1 1600w, https:\/\/i0.wp.com\/cdnoticias.com\/wp-content\/uploads\/2023\/11\/eseverri-olavarria4-scaled.jpg?w=2400&amp;ssl=1 2400w\" sizes=\"auto, (max-width: 800px) 100vw, 800px\" \/><\/figure>\n\n\n\n<p><\/p>\n\n\n\n<p>La ciudad creci\u00f3 un mont\u00f3n y no hay expansi\u00f3n de los servicios, que no explica a su vez la contracara que es la <strong>expansi\u00f3n de la planta municipal.<\/strong> La Municipalidad no tiene un solo servicio municipal m\u00e1s desde el a\u00f1o 2015 a la actualidad y tiene un 20% m\u00e1s de personal, o m\u00e1s. Raz\u00f3n por la cual eso no lo explica, no lo justifica.<\/p>\n\n\n\n<p><\/p>\n\n\n\n<p><strong><em>\u00bfC\u00f3mo ves el sistema de salud, la obra p\u00fablica y la cultura en Olavarr\u00eda?<\/em><\/strong><\/p>\n\n\n\n<p>Cuando vos dise\u00f1as una pol\u00edtica ten\u00e9s que saber para qu\u00e9 est\u00e1. Nosotros cuando dise\u00f1amos la pol\u00edtica de salud era un<strong> hospital de alta complejidad,<\/strong> que lleg\u00f3 a ser categorizado con una nota de las m\u00e1s altas en el sistema de salud. Ten\u00edamos un centro de salud cada diez cuadras, un centro de salud cada cinco mil habitantes. Bueno, toda esa concepci\u00f3n de la Salud p\u00fablica tiene que estar en el bagaje informativo de quien es intendente, de quienes son funcionarios.<\/p>\n\n\n\n<p><\/p>\n\n\n\n<p>Lo mismo te dir\u00eda en Cultura. <strong>La cultura<\/strong> tiene primero una concepci\u00f3n que cada uno le pondr\u00e1 la que quiere, pero tiene que tener atr\u00e1s un dise\u00f1o de pol\u00edtica p\u00fablica, de <strong>entender para qu\u00e9 est\u00e1, para qu\u00e9 le sirve una ciudad<\/strong>.<\/p>\n\n\n\n<p><\/p>\n\n\n\n<blockquote class=\"wp-block-quote is-layout-flow wp-block-quote-is-layout-flow\">\n<p>Si es una pol\u00edtica p\u00fablica democr\u00e1tica o elitista, si es una con acceso a todos o algunos, si sirve para instalar la ciudad en el contexto de la provincia de Buenos Aires o no. Cuando vos ves hoy los espacios culturales que nosotros dejamos, por ejemplo, al Centro Cultural (San Jos\u00e9) se le caen las mamposter\u00edas o los techos, o lo que est\u00e1 pasando con el Teatro. Est\u00e1s viendo el abandono que hubo en estos a\u00f1os de gesti\u00f3n, entonces ha habido un no mirar esas cosas en los \u00faltimos a\u00f1os.<\/p>\n<\/blockquote>\n\n\n\n<p><\/p>\n\n\n\n<figure class=\"wp-block-image aligncenter size-large\"><img data-recalc-dims=\"1\" loading=\"lazy\" decoding=\"async\" width=\"800\" height=\"450\" src=\"https:\/\/i0.wp.com\/cdnoticias.com\/wp-content\/uploads\/2023\/11\/eseverri-olavarria1.jpg?resize=800%2C450&#038;ssl=1\" alt=\"\" class=\"wp-image-102663\" srcset=\"https:\/\/i0.wp.com\/cdnoticias.com\/wp-content\/uploads\/2023\/11\/eseverri-olavarria1-scaled.jpg?resize=1024%2C576&amp;ssl=1 1024w, https:\/\/i0.wp.com\/cdnoticias.com\/wp-content\/uploads\/2023\/11\/eseverri-olavarria1-scaled.jpg?resize=300%2C169&amp;ssl=1 300w, https:\/\/i0.wp.com\/cdnoticias.com\/wp-content\/uploads\/2023\/11\/eseverri-olavarria1-scaled.jpg?resize=768%2C432&amp;ssl=1 768w, https:\/\/i0.wp.com\/cdnoticias.com\/wp-content\/uploads\/2023\/11\/eseverri-olavarria1-scaled.jpg?resize=1536%2C864&amp;ssl=1 1536w, https:\/\/i0.wp.com\/cdnoticias.com\/wp-content\/uploads\/2023\/11\/eseverri-olavarria1-scaled.jpg?resize=2048%2C1152&amp;ssl=1 2048w, https:\/\/i0.wp.com\/cdnoticias.com\/wp-content\/uploads\/2023\/11\/eseverri-olavarria1-scaled.jpg?w=1600&amp;ssl=1 1600w, https:\/\/i0.wp.com\/cdnoticias.com\/wp-content\/uploads\/2023\/11\/eseverri-olavarria1-scaled.jpg?w=2400&amp;ssl=1 2400w\" sizes=\"auto, (max-width: 800px) 100vw, 800px\" \/><\/figure>\n\n\n\n<p><\/p>\n\n\n\n<p>Y va a llevar un buen tiempo, si est\u00e1 en la cabeza del Intendente, si est\u00e1 en la cabeza de Wesner hacer algunas de esas cosas, vas a necesitar inversi\u00f3n, recursos, vocaci\u00f3n de los funcionarios de entender para qu\u00e9 est\u00e1n.<\/p>\n\n\n\n<p><\/p>\n\n\n\n<p>Lo mismo pasa con la<strong> obra p\u00fablica. Olavarr\u00eda dej\u00f3 de hacer pavimento. <\/strong>Pero dejar de hacer pavimento son mil doscientas cuadras que no se hicieron estos a\u00f1os. Al ritmo que ven\u00edamos pavimentando nosotros. Fant\u00e1stico, ahora, mil doscientas cuadras por ocho familias son ocho mil o diez mil familias que quedaron viviendo en la tierra. Que adem\u00e1s no se le llev\u00f3 el agua, las cloacas. <strong>Todo eso es parte del desarrollo urbano de la ciudad, de la planificaci\u00f3n de tener funcionarios que tengan la cabeza puesta en esa gesti\u00f3n y no en Twitter.<\/strong><\/p>\n\n\n\n<p><\/p>\n\n\n\n<p><strong><em>En el marco de lo que viene en materia pol\u00edtica y econ\u00f3mica, \u00bfcrees que Olavarr\u00eda est\u00e1 preparada para esta coyuntura? Siempre se habl\u00f3 del valor diferencial del Partido.<\/em><\/strong><\/p>\n\n\n\n<p>El gobierno de Ezequiel cambi\u00f3 la estructura presupuestaria municipal. Nosotros llegamos a tener alg\u00fan momento hasta fondos antic\u00edclicos construido en funci\u00f3n del ahorro del impuesto a la piedra, de la reinversi\u00f3n de recursos dentro del sistema financiero que nos permit\u00eda calzar y garantizarles a todos los proveedores municipales cobrar.<\/p>\n\n\n\n<p><\/p>\n\n\n\n<p>La obra p\u00fablica, el proveedor habitual, el gasto corriente estaba solucionado. Eso me parece que es un deterioro que ha sufrido la ciudad estos a\u00f1os y que seguramente es un enorme desaf\u00edo para Maxi (Wesner) porque <strong>primero ten\u00e9s que bancarte el d\u00e9ficit que te dejan. Adem\u00e1s, es probable que lo agarren en un momento de la econom\u00eda Argentina que va a ser el peor momento que es el de la estanflaci\u00f3n,<\/strong> que va a tener inflaci\u00f3n m\u00e1s recesi\u00f3n.<\/p>\n\n\n\n<p><\/p>\n\n\n\n<figure class=\"wp-block-image aligncenter size-large\"><img data-recalc-dims=\"1\" loading=\"lazy\" decoding=\"async\" width=\"800\" height=\"450\" src=\"https:\/\/i0.wp.com\/cdnoticias.com\/wp-content\/uploads\/2023\/11\/eseverri-olavarria3.jpg?resize=800%2C450&#038;ssl=1\" alt=\"\" class=\"wp-image-102665\" srcset=\"https:\/\/i0.wp.com\/cdnoticias.com\/wp-content\/uploads\/2023\/11\/eseverri-olavarria3-scaled.jpg?resize=1024%2C576&amp;ssl=1 1024w, https:\/\/i0.wp.com\/cdnoticias.com\/wp-content\/uploads\/2023\/11\/eseverri-olavarria3-scaled.jpg?resize=300%2C169&amp;ssl=1 300w, https:\/\/i0.wp.com\/cdnoticias.com\/wp-content\/uploads\/2023\/11\/eseverri-olavarria3-scaled.jpg?resize=768%2C432&amp;ssl=1 768w, https:\/\/i0.wp.com\/cdnoticias.com\/wp-content\/uploads\/2023\/11\/eseverri-olavarria3-scaled.jpg?resize=1536%2C864&amp;ssl=1 1536w, https:\/\/i0.wp.com\/cdnoticias.com\/wp-content\/uploads\/2023\/11\/eseverri-olavarria3-scaled.jpg?resize=2048%2C1152&amp;ssl=1 2048w, https:\/\/i0.wp.com\/cdnoticias.com\/wp-content\/uploads\/2023\/11\/eseverri-olavarria3-scaled.jpg?w=1600&amp;ssl=1 1600w, https:\/\/i0.wp.com\/cdnoticias.com\/wp-content\/uploads\/2023\/11\/eseverri-olavarria3-scaled.jpg?w=2400&amp;ssl=1 2400w\" sizes=\"auto, (max-width: 800px) 100vw, 800px\" \/><\/figure>\n\n\n\n<p><\/p>\n\n\n\n<p>Va a tener un escenario muy complicado, el sector p\u00fablico desde la ciudad se transforma en un problema para todos los vecinos porque no est\u00e1 bueno que la municipalidad est\u00e9 endeudada.<\/p>\n\n\n\n<p><\/p>\n\n\n\n<p><strong>Un nuevo aniversario de la ciudad de Olavarr\u00eda: la esperada fiesta, la cultura presente y el orgullo de ser olavarriense<\/strong><\/p>\n\n\n\n<p>Eseverri dej\u00f3 marcas presentes hasta el d\u00eda de hoy.<strong> La Fiesta de Olavarr\u00eda, El Centro Cultural San Jos\u00e9, El Museo de ciencias, El Museo D\u00e1maso Arce<\/strong> entre otros. Obras halagadas por propios y por dirigentes opositores. Incluso el Intendente saliente, Ezequiel Galli, los valor\u00f3 en campa\u00f1a. Los olavarrienses disfrutan de esos espacios y suelen recorrerlos en cada muestra que se presenta, en cada actividad cultural, pero por sobre todo en mostrar apoyo a los artistas locales.<\/p>\n\n\n\n<p><\/p>\n\n\n\n<figure class=\"wp-block-image aligncenter size-full is-resized\"><img data-recalc-dims=\"1\" loading=\"lazy\" decoding=\"async\" width=\"800\" height=\"445\" src=\"https:\/\/i0.wp.com\/cdnoticias.com\/wp-content\/uploads\/2022\/03\/Centro-Cultural-San-Jose-Drone.jpg?resize=800%2C445&#038;ssl=1\" alt=\"\" class=\"wp-image-50365\" style=\"width:1140px;height:auto\" srcset=\"https:\/\/i0.wp.com\/cdnoticias.com\/wp-content\/uploads\/2022\/03\/Centro-Cultural-San-Jose-Drone.jpg?w=800&amp;ssl=1 800w, https:\/\/i0.wp.com\/cdnoticias.com\/wp-content\/uploads\/2022\/03\/Centro-Cultural-San-Jose-Drone.jpg?resize=300%2C167&amp;ssl=1 300w, https:\/\/i0.wp.com\/cdnoticias.com\/wp-content\/uploads\/2022\/03\/Centro-Cultural-San-Jose-Drone.jpg?resize=768%2C427&amp;ssl=1 768w\" sizes=\"auto, (max-width: 800px) 100vw, 800px\" \/><\/figure>\n\n\n\n<p><\/p>\n\n\n\n<p><strong><em>Se viene un evento esperado por muchos olavarrienses que es la Fiesta de Olavarr\u00eda \u00bfQu\u00e9 significa para vos este d\u00eda?<\/em><\/strong><\/p>\n\n\n\n<blockquote class=\"wp-block-quote is-layout-flow wp-block-quote-is-layout-flow\">\n<p>La Fiesta de Olavarr\u00eda la empezamos el primer a\u00f1o de gesti\u00f3n, en 2008. Empezamos a construir toda una cultura que a nosotros nos parec\u00eda importante que era recuperar el orgullo de ser olavarriense y que la cultura era un veh\u00edculo para eso, que fue atado a un mont\u00f3n de cuestiones que tienen que ver con el urbanismo de la ciudad, por ejemplo.<\/p>\n<\/blockquote>\n\n\n\n<p><\/p>\n\n\n\n<p>Cuando implantamos el <strong>Centro Cultural<\/strong>, es una obra que vincula urban\u00edsticamente la ciudad y que te permite conectar con Pueblo Nuevo que estaba abandonado y era \u201catr\u00e1s del arroyo\u201d hist\u00f3ricamente, a una parte central de la ciudad. Porque la gente ten\u00eda que trasladarse hasta el Centro Cultural a vivir hechos culturales.<\/p>\n\n\n\n<p><\/p>\n\n\n\n<figure class=\"wp-block-image aligncenter size-full\"><img data-recalc-dims=\"1\" loading=\"lazy\" decoding=\"async\" width=\"800\" height=\"534\" src=\"https:\/\/i0.wp.com\/cdnoticias.com\/wp-content\/uploads\/2022\/11\/FiestaOlavarria51.jpg?resize=800%2C534&#038;ssl=1\" alt=\"\" class=\"wp-image-71103\" srcset=\"https:\/\/i0.wp.com\/cdnoticias.com\/wp-content\/uploads\/2022\/11\/FiestaOlavarria51.jpg?w=1024&amp;ssl=1 1024w, https:\/\/i0.wp.com\/cdnoticias.com\/wp-content\/uploads\/2022\/11\/FiestaOlavarria51.jpg?resize=300%2C200&amp;ssl=1 300w, https:\/\/i0.wp.com\/cdnoticias.com\/wp-content\/uploads\/2022\/11\/FiestaOlavarria51.jpg?resize=768%2C512&amp;ssl=1 768w, https:\/\/i0.wp.com\/cdnoticias.com\/wp-content\/uploads\/2022\/11\/FiestaOlavarria51.jpg?resize=272%2C182&amp;ssl=1 272w\" sizes=\"auto, (max-width: 800px) 100vw, 800px\" \/><\/figure>\n\n\n\n<p><\/p>\n\n\n\n<p>Tuvimos una visi\u00f3n democr\u00e1tica,<strong> a Olavarr\u00eda llegaron grandes muestras de artistas que muy dif\u00edcilmente la enorme mayor\u00eda de olavarrienses iban a poder acceder a su disfrute. <\/strong>Tra\u00edamos a los chicos del campo para que vengan a verla, se desarrollaban actividades en las escuelas para concientizar, explicar qui\u00e9n es el artista, hacerlos participes y ten\u00e9s el hecho del <strong>enriquecimiento cultural de la poblaci\u00f3n que es parte de lo que el gobierno tiene que hacer.<\/strong><\/p>\n\n\n\n<p><\/p>\n\n\n\n<figure class=\"wp-block-image aligncenter size-large\"><img data-recalc-dims=\"1\" loading=\"lazy\" decoding=\"async\" width=\"800\" height=\"450\" src=\"https:\/\/i0.wp.com\/cdnoticias.com\/wp-content\/uploads\/2023\/11\/eseverri-olavarria.jpg?resize=800%2C450&#038;ssl=1\" alt=\"\" class=\"wp-image-102662\" srcset=\"https:\/\/i0.wp.com\/cdnoticias.com\/wp-content\/uploads\/2023\/11\/eseverri-olavarria-scaled.jpg?resize=1024%2C576&amp;ssl=1 1024w, https:\/\/i0.wp.com\/cdnoticias.com\/wp-content\/uploads\/2023\/11\/eseverri-olavarria-scaled.jpg?resize=300%2C169&amp;ssl=1 300w, https:\/\/i0.wp.com\/cdnoticias.com\/wp-content\/uploads\/2023\/11\/eseverri-olavarria-scaled.jpg?resize=768%2C432&amp;ssl=1 768w, https:\/\/i0.wp.com\/cdnoticias.com\/wp-content\/uploads\/2023\/11\/eseverri-olavarria-scaled.jpg?resize=1536%2C864&amp;ssl=1 1536w, https:\/\/i0.wp.com\/cdnoticias.com\/wp-content\/uploads\/2023\/11\/eseverri-olavarria-scaled.jpg?resize=2048%2C1152&amp;ssl=1 2048w, https:\/\/i0.wp.com\/cdnoticias.com\/wp-content\/uploads\/2023\/11\/eseverri-olavarria-scaled.jpg?w=1600&amp;ssl=1 1600w, https:\/\/i0.wp.com\/cdnoticias.com\/wp-content\/uploads\/2023\/11\/eseverri-olavarria-scaled.jpg?w=2400&amp;ssl=1 2400w\" sizes=\"auto, (max-width: 800px) 100vw, 800px\" \/><\/figure>\n\n\n\n<p><\/p>\n\n\n\n<blockquote class=\"wp-block-quote is-layout-flow wp-block-quote-is-layout-flow\">\n<p>En las muestras vino gente de toda la provincia e incluso del pa\u00eds, hab\u00eda un esquema de comunicaci\u00f3n donde hab\u00eda una difusi\u00f3n regional y nacional, eso generaba ocupaci\u00f3n hotelera, gastos en gastronom\u00eda de la ciudad. Es muy dif\u00edcil instalar una ciudad en la Argentina donde los medios de comunicaci\u00f3n est\u00e1n centralizados en la Capital Federal y el Gran Buenos Aires. Est\u00e1bamos en casi todos los medios nacionales con las actividades culturales que hac\u00edamos. Eso despu\u00e9s tra\u00eda una lectura sobre una inversi\u00f3n, sobre el potencial de la ciudad. Olavarr\u00eda desde el Indio para ac\u00e1 solamente tuvo trascendencia en los medios nacionales por alguna macana que pas\u00f3 en la ciudad. Eso no est\u00e1 bueno.<\/p>\n<\/blockquote>\n\n\n\n<p><\/p>\n\n\n\n<p>La \u00faltima artista que trajimos nosotros fue <strong>Lali Esp\u00f3sito<\/strong>, hoy es una artista internacional y los olavarrienses la pudieron ver gratis ac\u00e1 en Olavarr\u00eda. <strong>Me parece que hace a una calidad de una ciudad como la nuestra.<\/strong><\/p>\n\n\n\n<figure class=\"wp-block-image aligncenter size-full\"><img data-recalc-dims=\"1\" loading=\"lazy\" decoding=\"async\" width=\"800\" height=\"550\" src=\"https:\/\/i0.wp.com\/cdnoticias.com\/wp-content\/uploads\/2023\/11\/Lali-Olavarria.jpg?resize=800%2C550&#038;ssl=1\" alt=\"\" class=\"wp-image-102679\" srcset=\"https:\/\/i0.wp.com\/cdnoticias.com\/wp-content\/uploads\/2023\/11\/Lali-Olavarria.jpg?w=1024&amp;ssl=1 1024w, https:\/\/i0.wp.com\/cdnoticias.com\/wp-content\/uploads\/2023\/11\/Lali-Olavarria.jpg?resize=300%2C206&amp;ssl=1 300w, https:\/\/i0.wp.com\/cdnoticias.com\/wp-content\/uploads\/2023\/11\/Lali-Olavarria.jpg?resize=768%2C528&amp;ssl=1 768w, https:\/\/i0.wp.com\/cdnoticias.com\/wp-content\/uploads\/2023\/11\/Lali-Olavarria.jpg?resize=130%2C90&amp;ssl=1 130w\" sizes=\"auto, (max-width: 800px) 100vw, 800px\" \/><\/figure>\n\n\n\n<p><\/p>\n\n\n\n<p><strong><em>\u00bfC\u00f3mo viv\u00eds el ser olavarriense?<\/em><\/strong><\/p>\n\n\n\n<p>No dejo de tener una mirada del tipo que tuvo la suerte de haber pasado por la gesti\u00f3n municipal. <strong>Tengo una mirada muy distinta al del vecino com\u00fan, puedo ver cosas que el vecino normalmente no ve.<\/strong><\/p>\n\n\n\n<p><\/p>\n\n\n\n<p>Me he desarrollado profesionalmente ac\u00e1, ahora empresarialmente en esta nueva etapa que tengo en mi vida.<strong> Olavarr\u00eda sigue siendo una ciudad fant\u00e1stica. <\/strong>Mi hijo m\u00e1s chico va en bicicleta al club todos los d\u00edas y se encuentra con sus amigos. Hay que cuidarla. Cuando se te juntan 1200 cuadras sin pavimento ten\u00e9s un problema, porque te empieza a deteriorar la calidad de vida de la que est\u00e1bamos acostumbrados a tener los olavarrienses.<\/p>\n\n\n\n<p><\/p>\n\n\n\n<figure class=\"wp-block-image aligncenter size-large\"><img data-recalc-dims=\"1\" loading=\"lazy\" decoding=\"async\" width=\"800\" height=\"450\" src=\"https:\/\/i0.wp.com\/cdnoticias.com\/wp-content\/uploads\/2023\/11\/eseverri-olavarria2.jpg?resize=800%2C450&#038;ssl=1\" alt=\"\" class=\"wp-image-102664\" srcset=\"https:\/\/i0.wp.com\/cdnoticias.com\/wp-content\/uploads\/2023\/11\/eseverri-olavarria2-scaled.jpg?resize=1024%2C576&amp;ssl=1 1024w, https:\/\/i0.wp.com\/cdnoticias.com\/wp-content\/uploads\/2023\/11\/eseverri-olavarria2-scaled.jpg?resize=300%2C169&amp;ssl=1 300w, https:\/\/i0.wp.com\/cdnoticias.com\/wp-content\/uploads\/2023\/11\/eseverri-olavarria2-scaled.jpg?resize=768%2C432&amp;ssl=1 768w, https:\/\/i0.wp.com\/cdnoticias.com\/wp-content\/uploads\/2023\/11\/eseverri-olavarria2-scaled.jpg?resize=1536%2C864&amp;ssl=1 1536w, https:\/\/i0.wp.com\/cdnoticias.com\/wp-content\/uploads\/2023\/11\/eseverri-olavarria2-scaled.jpg?resize=2048%2C1152&amp;ssl=1 2048w, https:\/\/i0.wp.com\/cdnoticias.com\/wp-content\/uploads\/2023\/11\/eseverri-olavarria2-scaled.jpg?w=1600&amp;ssl=1 1600w, https:\/\/i0.wp.com\/cdnoticias.com\/wp-content\/uploads\/2023\/11\/eseverri-olavarria2-scaled.jpg?w=2400&amp;ssl=1 2400w\" sizes=\"auto, (max-width: 800px) 100vw, 800px\" \/><\/figure>\n\n\n\n<p><\/p>\n\n\n\n<p>Me voy caminando todas las ma\u00f1anas al estudio, te permite el contacto con mucha gente, te cuenta cosas, te dice lo que piensa. <strong>Yo vivo la ciudad con absoluta felicidad, la elijo para vivir, y no pienso irme.<\/strong><\/p>\n","protected":false},"excerpt":{"rendered":"<p>El ex Intendente Jos\u00e9 Eseverri dialog\u00f3 con Central de Noticias en el marco de un nuevo aniversario de la ciudad.<\/p>\n","protected":false},"author":6,"featured_media":102664,"comment_status":"closed","ping_status":"closed","sticky":false,"template":"","format":"standard","meta":{"_jetpack_memberships_contains_paid_content":false,"footnotes":""},"categories":[4,1],"tags":[],"class_list":["post-102678","post","type-post","status-publish","format-standard","has-post-thumbnail","hentry","category-politica","category-portada"],"jetpack_featured_media_url":"https:\/\/i0.wp.com\/cdnoticias.com\/wp-content\/uploads\/2023\/11\/eseverri-olavarria2-scaled.jpg?fit=2560%2C1440&ssl=1","jetpack_sharing_enabled":true,"_links":{"self":[{"href":"https:\/\/cdnoticias.com\/index.php\/wp-json\/wp\/v2\/posts\/102678","targetHints":{"allow":["GET"]}}],"collection":[{"href":"https:\/\/cdnoticias.com\/index.php\/wp-json\/wp\/v2\/posts"}],"about":[{"href":"https:\/\/cdnoticias.com\/index.php\/wp-json\/wp\/v2\/types\/post"}],"author":[{"embeddable":true,"href":"https:\/\/cdnoticias.com\/index.php\/wp-json\/wp\/v2\/users\/6"}],"replies":[{"embeddable":true,"href":"https:\/\/cdnoticias.com\/index.php\/wp-json\/wp\/v2\/comments?post=102678"}],"version-history":[{"count":0,"href":"https:\/\/cdnoticias.com\/index.php\/wp-json\/wp\/v2\/posts\/102678\/revisions"}],"wp:featuredmedia":[{"embeddable":true,"href":"https:\/\/cdnoticias.com\/index.php\/wp-json\/wp\/v2\/media\/102664"}],"wp:attachment":[{"href":"https:\/\/cdnoticias.com\/index.php\/wp-json\/wp\/v2\/media?parent=102678"}],"wp:term":[{"taxonomy":"category","embeddable":true,"href":"https:\/\/cdnoticias.com\/index.php\/wp-json\/wp\/v2\/categories?post=102678"},{"taxonomy":"post_tag","embeddable":true,"href":"https:\/\/cdnoticias.com\/index.php\/wp-json\/wp\/v2\/tags?post=102678"}],"curies":[{"name":"wp","href":"https:\/\/api.w.org\/{rel}","templated":true}]}}