{"id":102606,"date":"2023-11-24T13:47:50","date_gmt":"2023-11-24T16:47:50","guid":{"rendered":"https:\/\/cdnoticias.com\/?p=102606"},"modified":"2023-11-24T13:47:51","modified_gmt":"2023-11-24T16:47:51","slug":"corresponde-obrar-con-ponderable-cautela-el-rechazo-a-la-libertad-condicional-de-sallago","status":"publish","type":"post","link":"https:\/\/cdnoticias.com\/index.php\/2023\/11\/24\/corresponde-obrar-con-ponderable-cautela-el-rechazo-a-la-libertad-condicional-de-sallago\/","title":{"rendered":"\u201cCorresponde obrar con ponderable cautela\u201d: el rechazo a la libertad condicional de Sallago"},"content":{"rendered":"<p>Tal como se inform\u00f3 d\u00edas pasados, el condenado por el crimen de Jennifer Falc\u00f3n seguir\u00e1 en la c\u00e1rcel. Los argumentos de la jueza Bianco.<!--more--><\/p>\n<hr \/>\n<p><a href=\"https:\/\/cdnoticias.com\/index.php\/2023\/11\/21\/la-justicia-denego-el-pedido-de-libertad-condicional-de-mario-sallago\/\" target=\"_blank\" rel=\"noopener\">Tal como se inform\u00f3 d\u00edas pasados<\/a>, <strong>Mario Oscar Sallago, sentenciado a \u201creclusi\u00f3n perpetua\u201d por la violaci\u00f3n y el asesinato<\/strong> de una nena, crimen sucedido en Olavarr\u00eda en febrero de 2001, <strong>continuar\u00e1 en la c\u00e1rcel<\/strong>.<\/p>\n<p>&nbsp;<\/p>\n<p><strong>La jueza de Ejecuci\u00f3n Penal Adriana Bianco se pronunci\u00f3 a favor de rechazar el pedido<\/strong> que hab\u00eda sido impulsado a trav\u00e9s de la Defensor\u00eda General perteneciente al Departamento Judicial Azul para que el condenado pudiera gozar de <strong>salidas transitorias<\/strong>. Y a trav\u00e9s de lo resuelto, <strong>deneg\u00f3 tambi\u00e9n la posibilidad de pasar a un r\u00e9gimen abierto dentro del \u00e1mbito del Servicio Penitenciario Bonaerense<\/strong> en el que contin\u00faa alojado actualmente.<\/p>\n<p>&nbsp;<\/p>\n<blockquote><p>&#8220;No puedo dejar de se\u00f1alar despu\u00e9s de haber o\u00eddo a las partes que corresponde obrar con ponderable cautela en el presente caso, teniendo en cuenta la conclusi\u00f3n alcanzada desde el Departamento T\u00e9cnico Criminol\u00f3gico y la perito de la Asesor\u00eda Pericial&#8221;, sostuvo la magistrada a cargo del Juzgado de Ejecuci\u00f3n Penal n\u00famero 2 para rechazar la pretensi\u00f3n defensista que tiempo atr\u00e1s hab\u00eda sido formulada a favor de Sallago.<\/p><\/blockquote>\n<p>&nbsp;<\/p>\n<p><strong>Esos informes no eran ben\u00e9volos para el condenado<\/strong>, que contin\u00faa privado de la libertad en la Unidad 26 en la localidad platense de Olmos.<\/p>\n<p>&nbsp;<\/p>\n<p><img data-recalc-dims=\"1\" loading=\"lazy\" decoding=\"async\" class=\"size-large wp-image-101417 aligncenter\" src=\"https:\/\/i0.wp.com\/cdnoticias.com\/wp-content\/uploads\/2023\/11\/conferencia-caso-falcon3.jpg?resize=800%2C445&#038;ssl=1\" alt=\"\" width=\"800\" height=\"445\" srcset=\"https:\/\/i0.wp.com\/cdnoticias.com\/wp-content\/uploads\/2023\/11\/conferencia-caso-falcon3-scaled.jpg?resize=1024%2C570&amp;ssl=1 1024w, https:\/\/i0.wp.com\/cdnoticias.com\/wp-content\/uploads\/2023\/11\/conferencia-caso-falcon3-scaled.jpg?resize=300%2C167&amp;ssl=1 300w, https:\/\/i0.wp.com\/cdnoticias.com\/wp-content\/uploads\/2023\/11\/conferencia-caso-falcon3-scaled.jpg?resize=768%2C427&amp;ssl=1 768w, https:\/\/i0.wp.com\/cdnoticias.com\/wp-content\/uploads\/2023\/11\/conferencia-caso-falcon3-scaled.jpg?resize=1536%2C855&amp;ssl=1 1536w, https:\/\/i0.wp.com\/cdnoticias.com\/wp-content\/uploads\/2023\/11\/conferencia-caso-falcon3-scaled.jpg?resize=2048%2C1140&amp;ssl=1 2048w, https:\/\/i0.wp.com\/cdnoticias.com\/wp-content\/uploads\/2023\/11\/conferencia-caso-falcon3-scaled.jpg?resize=800%2C445&amp;ssl=1 800w, https:\/\/i0.wp.com\/cdnoticias.com\/wp-content\/uploads\/2023\/11\/conferencia-caso-falcon3-scaled.jpg?w=1600&amp;ssl=1 1600w, https:\/\/i0.wp.com\/cdnoticias.com\/wp-content\/uploads\/2023\/11\/conferencia-caso-falcon3-scaled.jpg?w=2400&amp;ssl=1 2400w\" sizes=\"auto, (max-width: 800px) 100vw, 800px\" \/><\/p>\n<p>&nbsp;<\/p>\n<blockquote><p>&#8220;Entiendo que no se visualizan cambios que permitan alcanzar una conclusi\u00f3n distinta a lo resuelto en otras oportunidades, por no surgir elementos que permitan al penado avanzar al r\u00e9gimen m\u00e1s laxo como lo es el abierto sin pasar por todas las etapas de tratamiento&#8221;, mencion\u00f3 tambi\u00e9n la Jueza en lo dispuesto. Y agreg\u00f3: &#8220;Nuevamente las reservas del \u00e1rea psicol\u00f3gica -que adquieren mayor relevancia teniendo en cuenta el delito cometido- se erigen en un elemento sumamente relevante para concluir que no corresponde el paso del nombrado al r\u00e9gimen abierto&#8221;.<\/p><\/blockquote>\n<p>Contra ese pedido que ahora termin\u00f3 siendo rechazado en esta instancia para que Sallago -actualmente de 75 a\u00f1os de edad- pudiera gozar de los referidos beneficios <a href=\"https:\/\/cdnoticias.com\/index.php\/2023\/11\/09\/la-defensa-de-la-familia-falcon-sostuvo-que-sallago-no-va-a-lograr-ninguna-libertad\/\" target=\"_blank\" rel=\"noopener\">se hab\u00edan pronunciado tanto el Ministerio P\u00fablico Fiscal como el entorno familiar de la v\u00edctima del crimen<\/a>.<\/p>\n<p>&nbsp;<\/p>\n<p>Los familiares de la menor asesinada hace m\u00e1s de dos d\u00e9cadas lo hab\u00edan hecho por medio de su representante legal: Claudio C\u00e9sar Garc\u00eda.<\/p>\n<p>&nbsp;<\/p>\n<p>El abogado, interviniendo en este incidente bajo la figura del particular damnificado, al valorar las diferentes pericias e informes confeccionados sobre la base de lo solicitado <strong>concluy\u00f3 que Mario Oscar Sallago es una persona que podr\u00eda volver a reincidir<\/strong> -tal como lo hab\u00eda hecho cuando asesinara a la nena en febrero de 2001- y cometer &#8220;el m\u00e1s aberrante de los delitos sin padecer cargos de conciencia y, mucho menos, realizar la m\u00e1s m\u00ednima autocr\u00edtica&#8221;.<\/p>\n<p>&nbsp;<\/p>\n<p><img data-recalc-dims=\"1\" loading=\"lazy\" decoding=\"async\" class=\"size-full wp-image-99027 aligncenter\" src=\"https:\/\/i0.wp.com\/cdnoticias.com\/wp-content\/uploads\/2023\/10\/marcha-jennifer-falcon-7.jpg?resize=800%2C445&#038;ssl=1\" alt=\"\" width=\"800\" height=\"445\" srcset=\"https:\/\/i0.wp.com\/cdnoticias.com\/wp-content\/uploads\/2023\/10\/marcha-jennifer-falcon-7.jpg?w=1000&amp;ssl=1 1000w, https:\/\/i0.wp.com\/cdnoticias.com\/wp-content\/uploads\/2023\/10\/marcha-jennifer-falcon-7.jpg?resize=300%2C167&amp;ssl=1 300w, https:\/\/i0.wp.com\/cdnoticias.com\/wp-content\/uploads\/2023\/10\/marcha-jennifer-falcon-7.jpg?resize=768%2C427&amp;ssl=1 768w, https:\/\/i0.wp.com\/cdnoticias.com\/wp-content\/uploads\/2023\/10\/marcha-jennifer-falcon-7.jpg?resize=800%2C445&amp;ssl=1 800w\" sizes=\"auto, (max-width: 800px) 100vw, 800px\" \/><\/p>\n<p>&nbsp;<\/p>\n<p>A fines de septiembre las solicitudes del cambio a un r\u00e9gimen abierto de privaci\u00f3n de la libertad y las salidas transitorias para Sallago hab\u00edan sido impulsadas a trav\u00e9s de la Defensor\u00eda General departamental teniendo en cuenta la denominada &#8220;pauta temporal&#8221;. Es decir, <strong>el tiempo que lleva preso, que a esta altura ya son m\u00e1s de veintid\u00f3s a\u00f1os.<\/strong><\/p>\n<p>&nbsp;<\/p>\n<p>Pero ese requisito temporal, por s\u00ed solo, no puede ser considerado para el eventual otorgamiento de beneficios como los pretendidos.<\/p>\n<p>&nbsp;<\/p>\n<h2>El caso y el juicio<\/h2>\n<p>&nbsp;<\/p>\n<p><strong>Mario Oscar Sallago sigue en la c\u00e1rcel por el atroz asesinato de la nena Jennifer Soledad Falc\u00f3n<\/strong> quien ten\u00eda siete a\u00f1os cuando<strong> fue hallada muerta<\/strong> en un bald\u00edo de nuestra ciudad durante la ma\u00f1ana del <strong>mi\u00e9rcoles 21 de febrero de 2001<\/strong>, luego de que desde un d\u00eda antes se hab\u00eda iniciado una intensa b\u00fasqueda para dar con su paradero.<\/p>\n<p>&nbsp;<\/p>\n<p><strong>En la tarde del 20 de febrero de aquel a\u00f1o hab\u00eda salido de su casa<\/strong> a hacer un mandado a un almac\u00e9n cercano y <strong>nunca m\u00e1s regres\u00f3<\/strong>.<\/p>\n<p>&nbsp;<\/p>\n<p>Despu\u00e9s, al momento de que fuera hallado su cad\u00e1ver en un terreno ubicado en proximidades del inmueble donde viv\u00eda con su familia, se comprob\u00f3 que<strong> hab\u00eda sido violada y asesinada<\/strong>. Y en el marco de la investigaci\u00f3n penal <strong>Sallago fue detenido como el autor del crimen.<\/strong><\/p>\n<p>&nbsp;<\/p>\n<p><img data-recalc-dims=\"1\" loading=\"lazy\" decoding=\"async\" class=\"aligncenter wp-image-98493\" src=\"https:\/\/i0.wp.com\/cdnoticias.com\/wp-content\/uploads\/2023\/10\/jennifer-falcon-00.jpg?resize=600%2C510&#038;ssl=1\" alt=\"\" width=\"600\" height=\"510\" srcset=\"https:\/\/i0.wp.com\/cdnoticias.com\/wp-content\/uploads\/2023\/10\/jennifer-falcon-00.jpg?w=952&amp;ssl=1 952w, https:\/\/i0.wp.com\/cdnoticias.com\/wp-content\/uploads\/2023\/10\/jennifer-falcon-00.jpg?resize=300%2C255&amp;ssl=1 300w, https:\/\/i0.wp.com\/cdnoticias.com\/wp-content\/uploads\/2023\/10\/jennifer-falcon-00.jpg?resize=768%2C653&amp;ssl=1 768w\" sizes=\"auto, (max-width: 600px) 100vw, 600px\" \/><\/p>\n<p>&nbsp;<\/p>\n<p><strong>El 14 de junio de 2002, tras un juicio en el Tribunal Oral en lo Criminal n\u00famero 2 en Azul, Mario Oscar Sallago fue condenado<\/strong> por aquel asesinato que tuvo como v\u00edctima a la hija de un sargento de la Polic\u00eda bonaerense tambi\u00e9n ya fallecido.<\/p>\n<p>&nbsp;<\/p>\n<p>El cuerpo de la chica hab\u00eda sido hallado oculto entre unos pastizales, desnudo y <strong>&#8220;con evidentes signos de violencia y fuertes golpes&#8221; en la cabeza y la cara.<\/strong><\/p>\n<p>&nbsp;<\/p>\n<p>Horas antes de que el cad\u00e1ver de la menor fuera encontrado, tambi\u00e9n ese 21 de febrero de 2001 el hombre que sigue en la c\u00e1rcel result\u00f3 detenido en Olavarr\u00eda.<\/p>\n<p>&nbsp;<\/p>\n<p><img data-recalc-dims=\"1\" loading=\"lazy\" decoding=\"async\" class=\"size-full wp-image-99023 aligncenter\" src=\"https:\/\/i0.wp.com\/cdnoticias.com\/wp-content\/uploads\/2023\/10\/marcha-jennifer-falcon-1.jpg?resize=800%2C445&#038;ssl=1\" alt=\"\" width=\"800\" height=\"445\" srcset=\"https:\/\/i0.wp.com\/cdnoticias.com\/wp-content\/uploads\/2023\/10\/marcha-jennifer-falcon-1.jpg?w=1000&amp;ssl=1 1000w, https:\/\/i0.wp.com\/cdnoticias.com\/wp-content\/uploads\/2023\/10\/marcha-jennifer-falcon-1.jpg?resize=300%2C167&amp;ssl=1 300w, https:\/\/i0.wp.com\/cdnoticias.com\/wp-content\/uploads\/2023\/10\/marcha-jennifer-falcon-1.jpg?resize=768%2C427&amp;ssl=1 768w, https:\/\/i0.wp.com\/cdnoticias.com\/wp-content\/uploads\/2023\/10\/marcha-jennifer-falcon-1.jpg?resize=800%2C445&amp;ssl=1 800w\" sizes=\"auto, (max-width: 800px) 100vw, 800px\" \/><\/p>\n<p>&nbsp;<\/p>\n<p>Los jueces Gustavo Abudarham, Eduardo Uhalde y Alejandra Raverta fueron quienes condenaron al olavarriense. Cuando anunciaron el veredicto, por unanimidad <strong>declararon a t\u00edtulo penal a Sallago autor de los delitos de abuso sexual y carnal en concurso real con homicidio cr\u00edminis causa<\/strong>. Y en consecuencia,<strong> lo sentenciaron a reclusi\u00f3n perpetua, con &#8220;reclusi\u00f3n por tiempo indeterminado y accesorias de inhabilitaci\u00f3n absoluta&#8221;<\/strong>.<\/p>\n<p>&nbsp;<\/p>\n<p>En ese juicio <strong>Sallago tambi\u00e9n hab\u00eda sido declarado &#8220;reincidente por segunda vez&#8221;<\/strong>, teniendo en cuenta los antecedentes penales computables que registraba. En su mayor\u00eda, tambi\u00e9n se trataban de delitos de \u00edndole sexual por los que hab\u00eda estado preso en penales situados en ciudades del sur del pa\u00eds. Hechos por los que, favorecido por reducciones de pena, hab\u00eda salido de la c\u00e1rcel mucho tiempo antes a que esas condenas finalizaran.<\/p>\n<p>&nbsp;<\/p>\n<p>Fuente y foto de tapa: <em>Diario El Tiempo<\/em><\/p>\n<p>&nbsp;<\/p>\n<blockquote class=\"wp-embedded-content\" data-secret=\"XHbNE34pNo\"><p><a href=\"https:\/\/cdnoticias.com\/index.php\/2023\/11\/21\/la-justicia-denego-el-pedido-de-libertad-condicional-de-mario-sallago\/\">La justicia deneg\u00f3 el pedido de libertad condicional de Mario Sallago<\/a><\/p><\/blockquote>\n<p><iframe loading=\"lazy\" class=\"wp-embedded-content\" sandbox=\"allow-scripts\" security=\"restricted\" style=\"position: absolute; clip: rect(1px, 1px, 1px, 1px);\" title=\"&#8220;La justicia deneg\u00f3 el pedido de libertad condicional de Mario Sallago&#8221; &#8212; Central de Noticias | Olavarr\u00eda\" src=\"https:\/\/cdnoticias.com\/index.php\/2023\/11\/21\/la-justicia-denego-el-pedido-de-libertad-condicional-de-mario-sallago\/embed\/#?secret=wmwLuaHPVT#?secret=XHbNE34pNo\" data-secret=\"XHbNE34pNo\" width=\"600\" height=\"338\" frameborder=\"0\" marginwidth=\"0\" marginheight=\"0\" scrolling=\"no\"><\/iframe><\/p>\n<p>&nbsp;<\/p>\n","protected":false},"excerpt":{"rendered":"<p>Tal como se inform\u00f3 d\u00edas pasados, el condenado por el crimen de Jennifer Falc\u00f3n seguir\u00e1 en la c\u00e1rcel. Los argumentos<\/p>\n","protected":false},"author":4,"featured_media":102607,"comment_status":"closed","ping_status":"closed","sticky":false,"template":"","format":"standard","meta":{"_jetpack_memberships_contains_paid_content":false,"footnotes":""},"categories":[14,1],"tags":[],"class_list":["post-102606","post","type-post","status-publish","format-standard","has-post-thumbnail","hentry","category-policiales","category-portada"],"jetpack_featured_media_url":"https:\/\/i0.wp.com\/cdnoticias.com\/wp-content\/uploads\/2023\/11\/Diario-el-tiempo-Mario-Sallago.jpeg?fit=948%2C533&ssl=1","jetpack_sharing_enabled":true,"_links":{"self":[{"href":"https:\/\/cdnoticias.com\/index.php\/wp-json\/wp\/v2\/posts\/102606","targetHints":{"allow":["GET"]}}],"collection":[{"href":"https:\/\/cdnoticias.com\/index.php\/wp-json\/wp\/v2\/posts"}],"about":[{"href":"https:\/\/cdnoticias.com\/index.php\/wp-json\/wp\/v2\/types\/post"}],"author":[{"embeddable":true,"href":"https:\/\/cdnoticias.com\/index.php\/wp-json\/wp\/v2\/users\/4"}],"replies":[{"embeddable":true,"href":"https:\/\/cdnoticias.com\/index.php\/wp-json\/wp\/v2\/comments?post=102606"}],"version-history":[{"count":0,"href":"https:\/\/cdnoticias.com\/index.php\/wp-json\/wp\/v2\/posts\/102606\/revisions"}],"wp:featuredmedia":[{"embeddable":true,"href":"https:\/\/cdnoticias.com\/index.php\/wp-json\/wp\/v2\/media\/102607"}],"wp:attachment":[{"href":"https:\/\/cdnoticias.com\/index.php\/wp-json\/wp\/v2\/media?parent=102606"}],"wp:term":[{"taxonomy":"category","embeddable":true,"href":"https:\/\/cdnoticias.com\/index.php\/wp-json\/wp\/v2\/categories?post=102606"},{"taxonomy":"post_tag","embeddable":true,"href":"https:\/\/cdnoticias.com\/index.php\/wp-json\/wp\/v2\/tags?post=102606"}],"curies":[{"name":"wp","href":"https:\/\/api.w.org\/{rel}","templated":true}]}}