{"id":102601,"date":"2023-11-24T11:56:10","date_gmt":"2023-11-24T14:56:10","guid":{"rendered":"https:\/\/cdnoticias.com\/?p=102601"},"modified":"2023-11-24T17:38:44","modified_gmt":"2023-11-24T20:38:44","slug":"ampliaran-la-capacidad-del-parque-eolico-de-olavarria","status":"publish","type":"post","link":"https:\/\/cdnoticias.com\/index.php\/2023\/11\/24\/ampliaran-la-capacidad-del-parque-eolico-de-olavarria\/","title":{"rendered":"Ampliar\u00e1n la capacidad del parque e\u00f3lico de Olavarr\u00eda"},"content":{"rendered":"\n<p>La empresa Ternium inform\u00f3 estas horas que el parque pasar\u00e1 de producir 72 a 99 MW y de 16 a 22 aerogeneradores. La inversi\u00f3n es de 220 millones de d\u00f3lares.<\/p>\n\n\n\n<hr class=\"wp-block-separator aligncenter has-alpha-channel-opacity\"\/>\n\n\n\n<p>La empresa Ternium, encargada de la construcci\u00f3n del primer parque e\u00f3lico de Olavarr\u00eda, <strong>inform\u00f3 que ampliar\u00e1n la capacidad de producci\u00f3n de energ\u00eda con una inversi\u00f3n de 220 millones de d\u00f3lares.<\/strong><\/p>\n\n\n\n<p><strong>El parque \u2013que ya est\u00e1 en construcci\u00f3n desde agosto- pasar\u00e1 de 72 a 99 MW y de 16 a 22 aerogeneradores.<\/strong> Este parque permitir\u00e1 reemplazar aproximadamente el 90% de la energ\u00eda que Ternium adquiere en el sistema interconectado nacional.<\/p>\n\n\n\n<blockquote class=\"wp-block-quote is-layout-flow wp-block-quote-is-layout-flow\">\n<p>La obra, que comenz\u00f3 hace algunos meses, tiene fecha de finalizaci\u00f3n para el cierre de 2024 y de esta forma podr\u00eda avanzar hacia su estrategia de descarbonizaci\u00f3n y disminuir sus emisiones en un 20% para 2030.<\/p>\n<\/blockquote>\n\n\n\n<p><strong>Los trabajos est\u00e1n orientados, hasta el momento, en la construcci\u00f3n de 19 kil\u00f3metros de caminos por donde circular\u00e1n los equipos necesarios para la obra<\/strong>, que demandar\u00e1 19.000 metros c\u00fabicos de hormig\u00f3n y 9.160 toneladas de acero para las distintas estructuras requeridas. Adem\u00e1s, se prev\u00e9 la instalaci\u00f3n de 145 Km de cables de 33 KW (media tensi\u00f3n).<\/p>\n\n\n\n<p>Cabe se\u00f1alar que esta ampliaci\u00f3n se da luego de que <strong>Ternium resulte adjudicataria de prioridad de despacho por 28,5 Mw en la \u00faltima licitaci\u00f3n de CAMMESA, lo que le permitir\u00e1 sumar 6 nuevos aerogeneradores a los 16 que ya ten\u00eda previstos.<\/strong><\/p>\n\n\n\n<p>Lo visible del parque e\u00f3lico, <strong>las torres y los aerogeneradores, llegar\u00e1n a nuestra ciudad entre marzo y mayo de 2024.<\/strong> La empresa prev\u00e9 contar, para ese entonces, con 350 trabajadores en la obra.<\/p>\n","protected":false},"excerpt":{"rendered":"<p>La empresa Ternium inform\u00f3 estas horas que el parque pasar\u00e1 de producir 72 a 99 MW y de 16 a<\/p>\n","protected":false},"author":2,"featured_media":95134,"comment_status":"closed","ping_status":"closed","sticky":false,"template":"","format":"standard","meta":{"_jetpack_memberships_contains_paid_content":false,"footnotes":""},"categories":[5,1],"tags":[],"class_list":["post-102601","post","type-post","status-publish","format-standard","has-post-thumbnail","hentry","category-informacion-general","category-portada"],"jetpack_featured_media_url":"https:\/\/i0.wp.com\/cdnoticias.com\/wp-content\/uploads\/2023\/09\/parque-eolico.jpeg?fit=1080%2C722&ssl=1","jetpack_sharing_enabled":true,"_links":{"self":[{"href":"https:\/\/cdnoticias.com\/index.php\/wp-json\/wp\/v2\/posts\/102601","targetHints":{"allow":["GET"]}}],"collection":[{"href":"https:\/\/cdnoticias.com\/index.php\/wp-json\/wp\/v2\/posts"}],"about":[{"href":"https:\/\/cdnoticias.com\/index.php\/wp-json\/wp\/v2\/types\/post"}],"author":[{"embeddable":true,"href":"https:\/\/cdnoticias.com\/index.php\/wp-json\/wp\/v2\/users\/2"}],"replies":[{"embeddable":true,"href":"https:\/\/cdnoticias.com\/index.php\/wp-json\/wp\/v2\/comments?post=102601"}],"version-history":[{"count":0,"href":"https:\/\/cdnoticias.com\/index.php\/wp-json\/wp\/v2\/posts\/102601\/revisions"}],"wp:featuredmedia":[{"embeddable":true,"href":"https:\/\/cdnoticias.com\/index.php\/wp-json\/wp\/v2\/media\/95134"}],"wp:attachment":[{"href":"https:\/\/cdnoticias.com\/index.php\/wp-json\/wp\/v2\/media?parent=102601"}],"wp:term":[{"taxonomy":"category","embeddable":true,"href":"https:\/\/cdnoticias.com\/index.php\/wp-json\/wp\/v2\/categories?post=102601"},{"taxonomy":"post_tag","embeddable":true,"href":"https:\/\/cdnoticias.com\/index.php\/wp-json\/wp\/v2\/tags?post=102601"}],"curies":[{"name":"wp","href":"https:\/\/api.w.org\/{rel}","templated":true}]}}