{"id":102565,"date":"2023-11-23T19:59:05","date_gmt":"2023-11-23T22:59:05","guid":{"rendered":"https:\/\/cdnoticias.com\/?p=102565"},"modified":"2023-11-23T19:59:07","modified_gmt":"2023-11-23T22:59:07","slug":"almaceneros-bonaerenses-advierten-sobre-faltantes-en-mayoristas-y-aumentos-de-precios","status":"publish","type":"post","link":"https:\/\/cdnoticias.com\/index.php\/2023\/11\/23\/almaceneros-bonaerenses-advierten-sobre-faltantes-en-mayoristas-y-aumentos-de-precios\/","title":{"rendered":"Almaceneros bonaerenses advierten sobre faltantes en mayoristas y aumentos de precios"},"content":{"rendered":"\n<p>Desde la Federaci\u00f3n de Almaceneros de la provincia de Buenos Aires expresaron que no adhieren a que las empresas &#8220;se llenen los bolsillos&#8221; destruyendo &#8220;el bolsillo del laburante&#8221;.<\/p>\n\n\n\n<hr class=\"wp-block-separator aligncenter has-alpha-channel-opacity\"\/>\n\n\n\n<p>El<strong> presidente de la Federaci\u00f3n de Almaceneros de la provincia de Buenos Aires, <\/strong>Fernando Savore,<strong> advirti\u00f3 sobre faltantes de mercader\u00eda en granes mayoristas<\/strong> y cuestion\u00f3 que \u201chay demasiada especulaci\u00f3n\u201d, al tiempo que pidi\u00f3 al equipo de gobierno del presidente electo, Javier Milei, que \u201ccuide a las pymes\u201d.<\/p>\n\n\n\n<p><\/p>\n\n\n\n<p><strong><em>\u201cLe ped\u00ed a todos los colegas que nos env\u00eden fotos de los cambios de precios para ayudarnos a todos a actualizarnos, tambi\u00e9n recorr\u00ed tres mayoristas y la cantidad de faltantes es impresionante, hay mercader\u00eda que desapareci\u00f3 del mayorista. Me llama la atenci\u00f3n que en los mayoristas falte la mercader\u00eda\u201d<\/em><\/strong>, dijo Savore en declaraciones a radio FM La Patriada, dando a entender que hay maniobras y especulaci\u00f3n.<\/p>\n\n\n\n<p><\/p>\n\n\n\n<blockquote class=\"wp-block-quote is-layout-flow wp-block-quote-is-layout-flow\">\n<p>Asimismo, dijo que \u201chace seis meses un kilo de az\u00facar lo pagamos 350 pesos en primera marca, empez\u00f3 el calvario de conseguir az\u00facar, la semana pasada lleg\u00f3 a 900 pesos y de ah\u00ed a 1.100, el que guard\u00f3 el az\u00facar mira la diferencia que hizo\u201d.<\/p>\n<\/blockquote>\n\n\n\n<p><\/p>\n\n\n\n<p>El dirigente se\u00f1al\u00f3 que \u201clas empresas que est\u00e1n llorando en estos a\u00f1os han ganado mucha plata, siempre buscan ellos la oportunidad para llenarse los bolsillos. <strong>No estoy en contra de que un empresario gane plata pero la verdad no me gusta que ganen destruyendo el bolsillo del laburante\u201d.<\/strong><\/p>\n\n\n\n<p><\/p>\n\n\n\n<p>Savore relat\u00f3 que cerr\u00f3 su negocio el lunes y que el martes se encontr\u00f3 con un <strong>30% de aumento.<\/strong> \u201cLo gen\u00e9rico de comestible est\u00e1 en un 25% aproximadamente, y lo que es higiene personal es un 30% o un poco m\u00e1s, es un desastre. Creo que en el medio de todo esto hay demasiada especulaci\u00f3n\u201d, manifest\u00f3.<\/p>\n\n\n\n<p><\/p>\n\n\n\n<p>\u201cNuestro negocio no tiene grandes dep\u00f3sitos si vamos a vender a menos del costo o cambiar la plata, en el medio est\u00e1 el costo operativo del negocio. Si compro a 10 y vendo a 10, mi negocio va a p\u00e9rdida\u201d, remarc\u00f3.<\/p>\n\n\n\n<p><\/p>\n\n\n\n<p>En ese tono, cerr\u00f3: <strong><em>\u201cYo lo \u00fanico que pido al nuevo presidente y equipo de gobierno es que protejan las pymes y que los gobiernos entiendan lo que es el comercio de proximidad, cumplimos el laburo de estar donde el hipermercado no le interesa estar\u201d.<\/em><\/strong><\/p>\n\n\n\n<p><em>Fuente: DIB<\/em><\/p>\n","protected":false},"excerpt":{"rendered":"<p>Desde la Federaci\u00f3n de Almaceneros de la provincia de Buenos Aires expresaron que no adhieren a que las empresas &#8220;se<\/p>\n","protected":false},"author":6,"featured_media":83972,"comment_status":"closed","ping_status":"closed","sticky":false,"template":"","format":"standard","meta":{"_jetpack_memberships_contains_paid_content":false,"footnotes":""},"categories":[6,1],"tags":[],"class_list":["post-102565","post","type-post","status-publish","format-standard","has-post-thumbnail","hentry","category-nacionales","category-portada"],"jetpack_featured_media_url":"https:\/\/i0.wp.com\/cdnoticias.com\/wp-content\/uploads\/2023\/05\/comercios-almacen-kiosco.jpg?fit=800%2C445&ssl=1","jetpack_sharing_enabled":true,"_links":{"self":[{"href":"https:\/\/cdnoticias.com\/index.php\/wp-json\/wp\/v2\/posts\/102565","targetHints":{"allow":["GET"]}}],"collection":[{"href":"https:\/\/cdnoticias.com\/index.php\/wp-json\/wp\/v2\/posts"}],"about":[{"href":"https:\/\/cdnoticias.com\/index.php\/wp-json\/wp\/v2\/types\/post"}],"author":[{"embeddable":true,"href":"https:\/\/cdnoticias.com\/index.php\/wp-json\/wp\/v2\/users\/6"}],"replies":[{"embeddable":true,"href":"https:\/\/cdnoticias.com\/index.php\/wp-json\/wp\/v2\/comments?post=102565"}],"version-history":[{"count":0,"href":"https:\/\/cdnoticias.com\/index.php\/wp-json\/wp\/v2\/posts\/102565\/revisions"}],"wp:featuredmedia":[{"embeddable":true,"href":"https:\/\/cdnoticias.com\/index.php\/wp-json\/wp\/v2\/media\/83972"}],"wp:attachment":[{"href":"https:\/\/cdnoticias.com\/index.php\/wp-json\/wp\/v2\/media?parent=102565"}],"wp:term":[{"taxonomy":"category","embeddable":true,"href":"https:\/\/cdnoticias.com\/index.php\/wp-json\/wp\/v2\/categories?post=102565"},{"taxonomy":"post_tag","embeddable":true,"href":"https:\/\/cdnoticias.com\/index.php\/wp-json\/wp\/v2\/tags?post=102565"}],"curies":[{"name":"wp","href":"https:\/\/api.w.org\/{rel}","templated":true}]}}