{"id":102564,"date":"2023-11-23T19:27:21","date_gmt":"2023-11-23T22:27:21","guid":{"rendered":"https:\/\/cdnoticias.com\/?p=102564"},"modified":"2023-11-24T08:51:48","modified_gmt":"2023-11-24T11:51:48","slug":"piparo-afuera-finalmente-no-sera-titular-de-anses","status":"publish","type":"post","link":"https:\/\/cdnoticias.com\/index.php\/2023\/11\/23\/piparo-afuera-finalmente-no-sera-titular-de-anses\/","title":{"rendered":"P\u00edparo, afuera: finalmente no ser\u00e1 titular de Anses"},"content":{"rendered":"\n<p>No se explicaron a\u00fan los motivos de su corrimiento. Incluso, hab\u00eda anunciado el inicio de la transici\u00f3n con Fernanda Raverta.<\/p>\n\n\n\n<hr class=\"wp-block-separator aligncenter has-alpha-channel-opacity\"\/>\n\n\n\n<p><strong>La diputada nacional y excandidata a gobernadora de la provincia de Buenos Aires por La Libertad Avanza (LLA), Carolina Piparo, no ocupar\u00e1 el cargo de directora de la ANSES<\/strong> durante el Gobierno de Javier Milei, informaron fuentes cercanas a la legisladora.<\/p>\n\n\n\n<p>Seg\u00fan inform\u00f3 la agencia de noticias DIB, <strong>no se explicaron aun los motivos por los cuales se dio marcha atr\u00e1s con la designaci\u00f3n de P\u00edparo ni tampoco dieron informaci\u00f3n sobre qui\u00e9n estar\u00e1 a cargo del organismo.<\/strong><\/p>\n\n\n\n<p><strong>P\u00edparo se iba a reunir la semana que viene con la actual titular de la ANSES, Fernanda Raverta, para \u201ciniciar la transici\u00f3n\u201d, <\/strong>seg\u00fan hab\u00eda informado la propia legisladora esta tarde. \u201cEl lunes 27 me reunir\u00e9 con Fernanda Raverta para iniciar la transici\u00f3n\u201d, escribi\u00f3 Piparo en su cuenta de la red social X.<\/p>\n\n\n\n<p>La excandidata a gobernadora de Buenos Aires por La Libertad Avanza (LLA) <strong>agradeci\u00f3 \u201cla confianza\u201d que le dio Milei para dirigir el organismo y agreg\u00f3 que \u201ces un gran honor\u201d acompa\u00f1ar su gesti\u00f3n<\/strong>. <em>\u201cComo siempre, en cada lugar que estuve, voy a dar lo mejor de m\u00ed y a trabajar todos los d\u00edas para que cada persona que necesite de la Anses reciba de nosotros la mejor atenci\u00f3n posible\u201d<\/em>, subray\u00f3.<\/p>\n","protected":false},"excerpt":{"rendered":"<p>No se explicaron a\u00fan los motivos de su corrimiento. Incluso, hab\u00eda anunciado el inicio de la transici\u00f3n con Fernanda Raverta.<\/p>\n","protected":false},"author":2,"featured_media":47479,"comment_status":"closed","ping_status":"closed","sticky":false,"template":"","format":"standard","meta":{"_jetpack_memberships_contains_paid_content":false,"footnotes":""},"categories":[6],"tags":[],"class_list":["post-102564","post","type-post","status-publish","format-standard","has-post-thumbnail","hentry","category-nacionales"],"jetpack_featured_media_url":"https:\/\/i0.wp.com\/cdnoticias.com\/wp-content\/uploads\/2022\/02\/espert-piparo-02.jpg?fit=800%2C445&ssl=1","jetpack_sharing_enabled":true,"_links":{"self":[{"href":"https:\/\/cdnoticias.com\/index.php\/wp-json\/wp\/v2\/posts\/102564","targetHints":{"allow":["GET"]}}],"collection":[{"href":"https:\/\/cdnoticias.com\/index.php\/wp-json\/wp\/v2\/posts"}],"about":[{"href":"https:\/\/cdnoticias.com\/index.php\/wp-json\/wp\/v2\/types\/post"}],"author":[{"embeddable":true,"href":"https:\/\/cdnoticias.com\/index.php\/wp-json\/wp\/v2\/users\/2"}],"replies":[{"embeddable":true,"href":"https:\/\/cdnoticias.com\/index.php\/wp-json\/wp\/v2\/comments?post=102564"}],"version-history":[{"count":0,"href":"https:\/\/cdnoticias.com\/index.php\/wp-json\/wp\/v2\/posts\/102564\/revisions"}],"wp:featuredmedia":[{"embeddable":true,"href":"https:\/\/cdnoticias.com\/index.php\/wp-json\/wp\/v2\/media\/47479"}],"wp:attachment":[{"href":"https:\/\/cdnoticias.com\/index.php\/wp-json\/wp\/v2\/media?parent=102564"}],"wp:term":[{"taxonomy":"category","embeddable":true,"href":"https:\/\/cdnoticias.com\/index.php\/wp-json\/wp\/v2\/categories?post=102564"},{"taxonomy":"post_tag","embeddable":true,"href":"https:\/\/cdnoticias.com\/index.php\/wp-json\/wp\/v2\/tags?post=102564"}],"curies":[{"name":"wp","href":"https:\/\/api.w.org\/{rel}","templated":true}]}}