{"id":10254,"date":"2020-12-30T10:50:28","date_gmt":"2020-12-30T13:50:28","guid":{"rendered":"http:\/\/www.centraldenoticias.com.ar\/?p=10254"},"modified":"2020-12-30T12:45:05","modified_gmt":"2020-12-30T15:45:05","slug":"se-cumplio-con-lo-que-nos-habian-prometido-que-la-vacuna-este-en-argentina","status":"publish","type":"post","link":"https:\/\/cdnoticias.com\/index.php\/2020\/12\/30\/se-cumplio-con-lo-que-nos-habian-prometido-que-la-vacuna-este-en-argentina\/","title":{"rendered":"\u201cSe cumpli\u00f3 con lo que nos hab\u00edan prometido: que la vacuna est\u00e9 en Argentina\u201d"},"content":{"rendered":"<p>Lo dijo el director adjunto del Hospital de Oncolog\u00eda, Mario D\u00edaz, despu\u00e9s de recibir la vacuna contra el Covid. Cont\u00f3 c\u00f3mo es el procedimiento tras la aplicaci\u00f3n.<!--more--><\/p>\n<hr \/>\n<p>Tras ser <a href=\"https:\/\/cdnoticias.com\/index.php\/2020\/12\/30\/comenzo-la-vacunacion-contra-el-covid-en-olavarria\/\" target=\"_blank\" rel=\"noopener\">el primero en recibir la dosis de la vacuna contra el Covid en Olavarr\u00eda<\/a>, <strong>el m\u00e9dico Mario D\u00edaz,<\/strong> habl\u00f3 brevemente con los medios locales. <strong>\u201cLa realidad es que ha sido un a\u00f1o muy duro para todos los que trabajamos en salud\u201d<\/strong> sostuvo.<\/p>\n<p>El profesional inform\u00f3 que m\u00e1s all\u00e1 de ser el director adjunto del Hospital de Oncolog\u00eda, <strong>se desempe\u00f1a como m\u00e9dico de guardia en el Hospital Municipal y tambi\u00e9n trabaja en cl\u00ednicas<\/strong>. Con ello explic\u00f3 que haber sido el primero en vacunarse implic\u00f3 tambi\u00e9n el cumplimiento de <a href=\"https:\/\/cdnoticias.com\/index.php\/2020\/12\/29\/ramiro-borzi-es-un-dia-historico-para-la-salud-publica\/\" target=\"_blank\" rel=\"noopener\">las prioridades establecidas<\/a> por las autoridades sanitarias de la Provincia de Buenos Aires.<\/p>\n<p>La segunda dosis se aplicar\u00e1 dentro de 21 d\u00edas. Cuando cedi\u00f3 la entrevista, D\u00edaz se encontraba a la espera de que pase el lapso de recuperaci\u00f3n previsto: <strong>\u201chay que estar despu\u00e9s (de recibir la dosis) media hora de recuperaci\u00f3n por si ocurre algo r\u00e1pido y eventual\u201d<\/strong> explic\u00f3.<\/p>\n<p><img data-recalc-dims=\"1\" loading=\"lazy\" decoding=\"async\" class=\"alignnone wp-image-10258 size-large\" src=\"https:\/\/i0.wp.com\/cdnoticias.com\/wp-content\/uploads\/2020\/12\/vacunaci%C3%B3n-covid-enfermeras1-1024x683.jpg?resize=800%2C534&#038;ssl=1\" alt=\"\" width=\"800\" height=\"534\" srcset=\"https:\/\/i0.wp.com\/cdnoticias.com\/wp-content\/uploads\/2020\/12\/vacunaci%C3%B3n-covid-enfermeras1.jpg?resize=1024%2C683&amp;ssl=1 1024w, https:\/\/i0.wp.com\/cdnoticias.com\/wp-content\/uploads\/2020\/12\/vacunaci%C3%B3n-covid-enfermeras1.jpg?resize=300%2C200&amp;ssl=1 300w, https:\/\/i0.wp.com\/cdnoticias.com\/wp-content\/uploads\/2020\/12\/vacunaci%C3%B3n-covid-enfermeras1.jpg?resize=768%2C512&amp;ssl=1 768w, https:\/\/i0.wp.com\/cdnoticias.com\/wp-content\/uploads\/2020\/12\/vacunaci%C3%B3n-covid-enfermeras1.jpg?resize=272%2C182&amp;ssl=1 272w, https:\/\/i0.wp.com\/cdnoticias.com\/wp-content\/uploads\/2020\/12\/vacunaci%C3%B3n-covid-enfermeras1.jpg?w=1600&amp;ssl=1 1600w, https:\/\/i0.wp.com\/cdnoticias.com\/wp-content\/uploads\/2020\/12\/vacunaci%C3%B3n-covid-enfermeras1.jpg?w=2400&amp;ssl=1 2400w\" sizes=\"auto, (max-width: 800px) 100vw, 800px\" \/><\/p>\n<p>Indic\u00f3 que posteriormente, <strong>recibir\u00eda el carnet<\/strong> donde se indica la fecha de la primera dosis y los datos correspondientes, as\u00ed como la fecha para la segunda dosis.<\/p>\n<p>Tambi\u00e9n all\u00ed se informan \u201clos posibles efectos adversos que puedas presentar despu\u00e9s y ad\u00f3nde ten\u00e9s que acudir, que es el m\u00e9dico de cabecera o la misma p\u00e1gina del Ministerio de Salud de la Provincia que va hacer <strong>un relevamiento de posibles efectos adversos<\/strong>\u201d. En este sentido, el director adjunto del Hospital de Oncolog\u00eda destac\u00f3 que \u201chay un seguimiento\u201d de las aplicaciones.<\/p>\n<p><strong>Responsabilidad<\/strong><\/p>\n<p>\u201cPara todo el equipo de salud m\u00e1s all\u00e1 de lo profesional, fue un a\u00f1o donde <strong>tuvimos que asumir un mont\u00f3n de responsabilidades<\/strong> de la vida de un mont\u00f3n de personas en este hecho hist\u00f3rico, en esta pandemia\u201d valor\u00f3 D\u00edaz.<\/p>\n<p><img data-recalc-dims=\"1\" loading=\"lazy\" decoding=\"async\" class=\"alignnone wp-image-10260 size-large\" src=\"https:\/\/i0.wp.com\/cdnoticias.com\/wp-content\/uploads\/2020\/12\/vacunaci%C3%B3n-mario-diaz1-1024x683.jpg?resize=800%2C534&#038;ssl=1\" alt=\"\" width=\"800\" height=\"534\" srcset=\"https:\/\/i0.wp.com\/cdnoticias.com\/wp-content\/uploads\/2020\/12\/vacunaci%C3%B3n-mario-diaz1.jpg?resize=1024%2C683&amp;ssl=1 1024w, https:\/\/i0.wp.com\/cdnoticias.com\/wp-content\/uploads\/2020\/12\/vacunaci%C3%B3n-mario-diaz1.jpg?resize=300%2C200&amp;ssl=1 300w, https:\/\/i0.wp.com\/cdnoticias.com\/wp-content\/uploads\/2020\/12\/vacunaci%C3%B3n-mario-diaz1.jpg?resize=768%2C512&amp;ssl=1 768w, https:\/\/i0.wp.com\/cdnoticias.com\/wp-content\/uploads\/2020\/12\/vacunaci%C3%B3n-mario-diaz1.jpg?resize=272%2C182&amp;ssl=1 272w, https:\/\/i0.wp.com\/cdnoticias.com\/wp-content\/uploads\/2020\/12\/vacunaci%C3%B3n-mario-diaz1.jpg?w=1600&amp;ssl=1 1600w, https:\/\/i0.wp.com\/cdnoticias.com\/wp-content\/uploads\/2020\/12\/vacunaci%C3%B3n-mario-diaz1.jpg?w=2400&amp;ssl=1 2400w\" sizes=\"auto, (max-width: 800px) 100vw, 800px\" \/><\/p>\n<p>Se\u00f1al\u00f3 que con la <a href=\"https:\/\/cdnoticias.com\/index.php\/2020\/12\/29\/comenzo-oficialmente-la-vacunacion-contra-el-covid-en-todo-el-pais\/\" target=\"_blank\" rel=\"noopener\">campa\u00f1a de vacunaci\u00f3n<\/a> que comenz\u00f3 este martes a nivel provincial y nacional,<strong> \u201cse cumpli\u00f3 con lo que nos hab\u00edan prometido que es que la vacuna est\u00e9 en Argentina para tener una herramienta m\u00e1s para combatir al coronavirus<\/strong>. Ser el primero la ciudad la verdad es que es un orgullo\u201d dijo.<\/p>\n<blockquote><p>En cuanto a la vacunaci\u00f3n, D\u00edaz consider\u00f3 que \u201ces una oportunidad que no se tiene que desaprovechar\u201d. En un mensaje para el resto del personal del salud apunt\u00f3 a que \u201cm\u00e1s all\u00e1 de que el plan es optativo, creo que tenemos una herramienta m\u00e1s dentro de lo que es prevenci\u00f3n y promoci\u00f3n de la salud y, m\u00e1s que nada en esta pandemia, tenemos que aprovecharlo\u201d.<\/p><\/blockquote>\n<p>Les dijo que<strong> \u201ccon confianza, que vengan, que asuman la responsabilidad tambi\u00e9n\u201d<\/strong> y remarc\u00f3 que \u201cla vacunaci\u00f3n es gratuita\u201d. A su vez, defini\u00f3 que \u201cnosotros, por ser la primera camada, adem\u00e1s tenemos m\u00e1s responsabilidad\u201d.<\/p>\n<p><img data-recalc-dims=\"1\" loading=\"lazy\" decoding=\"async\" class=\"alignnone wp-image-10257 size-large\" src=\"https:\/\/i0.wp.com\/cdnoticias.com\/wp-content\/uploads\/2020\/12\/vacunaci%C3%B3n-covid-enfermeras-1024x683.jpg?resize=800%2C534&#038;ssl=1\" alt=\"\" width=\"800\" height=\"534\" srcset=\"https:\/\/i0.wp.com\/cdnoticias.com\/wp-content\/uploads\/2020\/12\/vacunaci%C3%B3n-covid-enfermeras.jpg?resize=1024%2C683&amp;ssl=1 1024w, https:\/\/i0.wp.com\/cdnoticias.com\/wp-content\/uploads\/2020\/12\/vacunaci%C3%B3n-covid-enfermeras.jpg?resize=300%2C200&amp;ssl=1 300w, https:\/\/i0.wp.com\/cdnoticias.com\/wp-content\/uploads\/2020\/12\/vacunaci%C3%B3n-covid-enfermeras.jpg?resize=768%2C512&amp;ssl=1 768w, https:\/\/i0.wp.com\/cdnoticias.com\/wp-content\/uploads\/2020\/12\/vacunaci%C3%B3n-covid-enfermeras.jpg?resize=272%2C182&amp;ssl=1 272w, https:\/\/i0.wp.com\/cdnoticias.com\/wp-content\/uploads\/2020\/12\/vacunaci%C3%B3n-covid-enfermeras.jpg?w=1600&amp;ssl=1 1600w, https:\/\/i0.wp.com\/cdnoticias.com\/wp-content\/uploads\/2020\/12\/vacunaci%C3%B3n-covid-enfermeras.jpg?w=2400&amp;ssl=1 2400w\" sizes=\"auto, (max-width: 800px) 100vw, 800px\" \/><\/p>\n<p>Consultado por las sensaciones entre los trabajadores del \u00e1mbito de la salud, el director adjunto del Hospital \u201cLuciano Fortabat\u201d asegur\u00f3 que \u201c<strong>hay una aceptaci\u00f3n importante<\/strong>. Por ah\u00ed, los que quiz\u00e1s todav\u00eda no se han decidido -y es lo que le digo a todo el mundo- hay que tener cuidado con la desinformaci\u00f3n y hay que informarse para poder aplicarse la dosis. <strong>Los que han dudado un poco es porque les ha faltado la informaci\u00f3n<\/strong>\u201d.<\/p>\n<p>Dentro de 21 d\u00edas, Mario D\u00edaz debe aplicarse la segunda dosis de la vacuna en el mismo centro de salud, el Hospital de Oncolog\u00eda.<\/p>\n","protected":false},"excerpt":{"rendered":"<p>Lo dijo el director adjunto del Hospital de Oncolog\u00eda, Mario D\u00edaz, despu\u00e9s de recibir la vacuna contra el Covid. Cont\u00f3<\/p>\n","protected":false},"author":4,"featured_media":10259,"comment_status":"closed","ping_status":"closed","sticky":false,"template":"","format":"standard","meta":{"_jetpack_memberships_contains_paid_content":false,"footnotes":""},"categories":[5,1],"tags":[],"class_list":["post-10254","post","type-post","status-publish","format-standard","has-post-thumbnail","hentry","category-informacion-general","category-portada"],"jetpack_featured_media_url":"https:\/\/i0.wp.com\/cdnoticias.com\/wp-content\/uploads\/2020\/12\/vacunaci%C3%B3n-mario-diaz.jpg?fit=4336%2C2848&ssl=1","jetpack_sharing_enabled":true,"_links":{"self":[{"href":"https:\/\/cdnoticias.com\/index.php\/wp-json\/wp\/v2\/posts\/10254","targetHints":{"allow":["GET"]}}],"collection":[{"href":"https:\/\/cdnoticias.com\/index.php\/wp-json\/wp\/v2\/posts"}],"about":[{"href":"https:\/\/cdnoticias.com\/index.php\/wp-json\/wp\/v2\/types\/post"}],"author":[{"embeddable":true,"href":"https:\/\/cdnoticias.com\/index.php\/wp-json\/wp\/v2\/users\/4"}],"replies":[{"embeddable":true,"href":"https:\/\/cdnoticias.com\/index.php\/wp-json\/wp\/v2\/comments?post=10254"}],"version-history":[{"count":0,"href":"https:\/\/cdnoticias.com\/index.php\/wp-json\/wp\/v2\/posts\/10254\/revisions"}],"wp:featuredmedia":[{"embeddable":true,"href":"https:\/\/cdnoticias.com\/index.php\/wp-json\/wp\/v2\/media\/10259"}],"wp:attachment":[{"href":"https:\/\/cdnoticias.com\/index.php\/wp-json\/wp\/v2\/media?parent=10254"}],"wp:term":[{"taxonomy":"category","embeddable":true,"href":"https:\/\/cdnoticias.com\/index.php\/wp-json\/wp\/v2\/categories?post=10254"},{"taxonomy":"post_tag","embeddable":true,"href":"https:\/\/cdnoticias.com\/index.php\/wp-json\/wp\/v2\/tags?post=10254"}],"curies":[{"name":"wp","href":"https:\/\/api.w.org\/{rel}","templated":true}]}}