{"id":102501,"date":"2023-11-23T09:36:54","date_gmt":"2023-11-23T12:36:54","guid":{"rendered":"https:\/\/cdnoticias.com\/?p=102501"},"modified":"2023-11-23T09:36:55","modified_gmt":"2023-11-23T12:36:55","slug":"quinta-edicion-de-la-diplomatura-superior-universitaria-en-comunicacion-publica-de-la-ciencia","status":"publish","type":"post","link":"https:\/\/cdnoticias.com\/index.php\/2023\/11\/23\/quinta-edicion-de-la-diplomatura-superior-universitaria-en-comunicacion-publica-de-la-ciencia\/","title":{"rendered":"Quinta edici\u00f3n de la Diplomatura Superior Universitaria en Comunicaci\u00f3n P\u00fablica de la Ciencia"},"content":{"rendered":"<p>Se dictar\u00e1 a partir de marzo de 2024 con modalidad virtual y organizada por la Facultad de Ciencias Sociales de Olavarr\u00eda.<!--more--><\/p>\n<hr \/>\n<p>La Facultad de Ciencias Sociales abri\u00f3 la preinscripci\u00f3n a la Diplomatura Universitaria Superior en Comunicaci\u00f3n P\u00fablica de la Ciencia que comenzar\u00e1 a dictarse de manera completamente virtual a partir del<strong> 25 de marzo de 2024.<\/strong><br \/>\n&nbsp;<br \/>\nLa carrera es dictada por la FACSO y auspiciada por la Secretar\u00eda de Ciencia, Arte y Tecnolog\u00eda de la Universidad Nacional del Centro de la Provincia de Buenos Aires, y por el Centro Cient\u00edfico Tecnol\u00f3gico CONICET Tandil.<br \/>\n&nbsp;<br \/>\nEsta Diplomatura constituye una propuesta de capacitaci\u00f3n y actualizaci\u00f3n para personas graduadas universitarias o con titulaci\u00f3n de educaci\u00f3n superior. Est\u00e1 orientada a facilitar los procesos de comunicaci\u00f3n cient\u00edfica destinada a p\u00fablicos diversos y atendiendo a las caracter\u00edsticas que las distintas disciplinas demandan.<br \/>\n&nbsp;<br \/>\nLa Diplomatura en Comunicaci\u00f3n P\u00fablica de la Ciencia ofrece una cursada a distancia a trav\u00e9s del <strong>Aula Virtual de la Facultad de Ciencias Sociales.<\/strong> Est\u00e1 organizada en<strong> siete espacios curriculares de car\u00e1cter te\u00f3rico\/pr\u00e1ctico<\/strong> que se desarrollar\u00e1n en el t\u00e9rmino de un a\u00f1o acad\u00e9mico. La planta docente est\u00e1 compuesta por <strong>especialistas de la UNICEN, de diferentes Universidades del pa\u00eds y del exterior.<\/strong><br \/>\n&nbsp;<br \/>\nLa propuesta est\u00e1 destinada a <strong>profesionales y t\u00e9cnicos<\/strong> de cualquier campo disciplinar que se desempe\u00f1en en organizaciones (p\u00fablicas o privadas) que est\u00e9n vinculadas y comprometidas con el desarrollo y promoci\u00f3n de la ciencia y la tecnolog\u00eda (por ejemplo, medios de comunicaci\u00f3n, centros de salud, parques zool\u00f3gicos, museos de ciencias, etc.).<br \/>\n&nbsp;<br \/>\nEs requisito contar con <strong>titulaci\u00f3n de nivel superior<\/strong> (m\u00ednimo cuatro a\u00f1os de duraci\u00f3n, incluye tecnicaturas de diferentes carreras universitarias y terciarias).<br \/>\n&nbsp;<br \/>\n<strong>La preinscripci\u00f3n permanecer\u00e1 abierta desde el 20 de noviembre de 2023 y hasta el 10 de febrero de 2024.<\/strong> Los interesados deber\u00e1n completar el formulario online disponible<a href=\"https:\/\/docs.google.com\/forms\/d\/e\/1FAIpQLScEf2IOpC_ScAuRgzeGYuhR5YkHkE_5ah17EY-1vjUK1brAwg\/viewform\" target=\"_blank\" rel=\"noopener\"> aqu\u00ed.<\/a><br \/>\n&nbsp;<br \/>\nEl costo de la Diplomatura se organiza en<strong> dos cuatrimestres que corresponden a 2024.<\/strong> El valor total para el 1\u00b0 cuatrimestre es de 56.000 pesos para inscriptos argentinos y de 230 d\u00f3lares para estudiantes extranjeros, en ambos casos con opciones de pago total semestral (con descuento por pago completo adelantado), o en partes. Los costos para el segundo cuatrimestre ser\u00e1n actualizados en el mes de junio de 2024.<br \/>\n&nbsp;<br \/>\nLas consultas podr\u00e1n realizarse v\u00eda e-mail dirigidas a la Secretar\u00eda de Investigaci\u00f3n y Postgrado de la Facultad: diplomatura.cpc@soc.unicen.edu.ar.<br \/>\n&nbsp;<br \/>\nPara mayor informaci\u00f3n sobre el perfil de la propuesta, cronograma de talleres y seminarios, y costos ingresar <a href=\"https:\/\/www.soc.unicen.edu.ar\/index.php\/carreras-18\/diplomaturas\/diplomatura-universitaria-superior-en-comunicacion-publica-de-la-ciencia\" target=\"_blank\" rel=\"noopener\">aqu\u00ed.<\/a><\/p>\n","protected":false},"excerpt":{"rendered":"<p>Se dictar\u00e1 a partir de marzo de 2024 con modalidad virtual y organizada por la Facultad de Ciencias Sociales de<\/p>\n","protected":false},"author":2,"featured_media":83263,"comment_status":"closed","ping_status":"closed","sticky":false,"template":"","format":"standard","meta":{"_jetpack_memberships_contains_paid_content":false,"footnotes":""},"categories":[5,1],"tags":[],"class_list":["post-102501","post","type-post","status-publish","format-standard","has-post-thumbnail","hentry","category-informacion-general","category-portada"],"jetpack_featured_media_url":"https:\/\/i0.wp.com\/cdnoticias.com\/wp-content\/uploads\/2023\/04\/Facultad-de-Ciencias-Sociales-1.jpg?fit=2000%2C1159&ssl=1","jetpack_sharing_enabled":true,"_links":{"self":[{"href":"https:\/\/cdnoticias.com\/index.php\/wp-json\/wp\/v2\/posts\/102501","targetHints":{"allow":["GET"]}}],"collection":[{"href":"https:\/\/cdnoticias.com\/index.php\/wp-json\/wp\/v2\/posts"}],"about":[{"href":"https:\/\/cdnoticias.com\/index.php\/wp-json\/wp\/v2\/types\/post"}],"author":[{"embeddable":true,"href":"https:\/\/cdnoticias.com\/index.php\/wp-json\/wp\/v2\/users\/2"}],"replies":[{"embeddable":true,"href":"https:\/\/cdnoticias.com\/index.php\/wp-json\/wp\/v2\/comments?post=102501"}],"version-history":[{"count":0,"href":"https:\/\/cdnoticias.com\/index.php\/wp-json\/wp\/v2\/posts\/102501\/revisions"}],"wp:featuredmedia":[{"embeddable":true,"href":"https:\/\/cdnoticias.com\/index.php\/wp-json\/wp\/v2\/media\/83263"}],"wp:attachment":[{"href":"https:\/\/cdnoticias.com\/index.php\/wp-json\/wp\/v2\/media?parent=102501"}],"wp:term":[{"taxonomy":"category","embeddable":true,"href":"https:\/\/cdnoticias.com\/index.php\/wp-json\/wp\/v2\/categories?post=102501"},{"taxonomy":"post_tag","embeddable":true,"href":"https:\/\/cdnoticias.com\/index.php\/wp-json\/wp\/v2\/tags?post=102501"}],"curies":[{"name":"wp","href":"https:\/\/api.w.org\/{rel}","templated":true}]}}