{"id":102496,"date":"2023-11-23T09:08:36","date_gmt":"2023-11-23T12:08:36","guid":{"rendered":"https:\/\/cdnoticias.com\/?p=102496"},"modified":"2023-11-23T12:25:03","modified_gmt":"2023-11-23T15:25:03","slug":"un-hombre-resulto-herido-en-un-accidente-en-barrio-el-provincial","status":"publish","type":"post","link":"https:\/\/cdnoticias.com\/index.php\/2023\/11\/23\/un-hombre-resulto-herido-en-un-accidente-en-barrio-el-provincial\/","title":{"rendered":"Un hombre result\u00f3 herido en un accidente en barrio El Provincial"},"content":{"rendered":"<p>Ocurri\u00f3 durante la ma\u00f1ana de este jueves en Tacuar\u00ed y Sargento Cabral. Conduc\u00eda una bicimoto que choc\u00f3 con un auto.<\/p>\n<p><!--more--><\/p>\n<hr \/>\n<p>Alrededor de las 7:20 de la ma\u00f1ana de este jueves se produjo un choque en la intersecci\u00f3n de <strong>Tacuar\u00ed y Sargento Cabral.<\/strong><br \/>\n&nbsp;<br \/>\nEl siniestro vial fue entre un <strong>auto Fiat Palio y una bicimoto.<\/strong> El conductor del veh\u00edculo de menor porte requiri\u00f3 asistencia m\u00e9dica y fue trasladado al Hospital Municipal \u201cDr. H\u00e9ctor Cura\u201d para evaluar las heridas.<br \/>\n&nbsp;<br \/>\n<img data-recalc-dims=\"1\" loading=\"lazy\" decoding=\"async\" class=\"alignnone size-full wp-image-102498\" src=\"https:\/\/i0.wp.com\/cdnoticias.com\/wp-content\/uploads\/2023\/11\/choque-tacuari-cabral-02.jpg?resize=800%2C445&#038;ssl=1\" alt=\"\" width=\"800\" height=\"445\" srcset=\"https:\/\/i0.wp.com\/cdnoticias.com\/wp-content\/uploads\/2023\/11\/choque-tacuari-cabral-02.jpg?w=800&amp;ssl=1 800w, https:\/\/i0.wp.com\/cdnoticias.com\/wp-content\/uploads\/2023\/11\/choque-tacuari-cabral-02.jpg?resize=300%2C167&amp;ssl=1 300w, https:\/\/i0.wp.com\/cdnoticias.com\/wp-content\/uploads\/2023\/11\/choque-tacuari-cabral-02.jpg?resize=768%2C427&amp;ssl=1 768w\" sizes=\"auto, (max-width: 800px) 100vw, 800px\" \/><br \/>\n&nbsp;<br \/>\nEl tr\u00e1nsito permanece cortado en el sector.<\/p>\n","protected":false},"excerpt":{"rendered":"<p>Ocurri\u00f3 durante la ma\u00f1ana de este jueves en Tacuar\u00ed y Sargento Cabral. Conduc\u00eda una bicimoto que choc\u00f3 con un auto.<\/p>\n","protected":false},"author":2,"featured_media":102497,"comment_status":"closed","ping_status":"closed","sticky":false,"template":"","format":"standard","meta":{"_jetpack_memberships_contains_paid_content":false,"footnotes":""},"categories":[14,1],"tags":[],"class_list":["post-102496","post","type-post","status-publish","format-standard","has-post-thumbnail","hentry","category-policiales","category-portada"],"jetpack_featured_media_url":"https:\/\/i0.wp.com\/cdnoticias.com\/wp-content\/uploads\/2023\/11\/choque-tacuari-cabral-01.jpg?fit=800%2C445&ssl=1","jetpack_sharing_enabled":true,"_links":{"self":[{"href":"https:\/\/cdnoticias.com\/index.php\/wp-json\/wp\/v2\/posts\/102496","targetHints":{"allow":["GET"]}}],"collection":[{"href":"https:\/\/cdnoticias.com\/index.php\/wp-json\/wp\/v2\/posts"}],"about":[{"href":"https:\/\/cdnoticias.com\/index.php\/wp-json\/wp\/v2\/types\/post"}],"author":[{"embeddable":true,"href":"https:\/\/cdnoticias.com\/index.php\/wp-json\/wp\/v2\/users\/2"}],"replies":[{"embeddable":true,"href":"https:\/\/cdnoticias.com\/index.php\/wp-json\/wp\/v2\/comments?post=102496"}],"version-history":[{"count":0,"href":"https:\/\/cdnoticias.com\/index.php\/wp-json\/wp\/v2\/posts\/102496\/revisions"}],"wp:featuredmedia":[{"embeddable":true,"href":"https:\/\/cdnoticias.com\/index.php\/wp-json\/wp\/v2\/media\/102497"}],"wp:attachment":[{"href":"https:\/\/cdnoticias.com\/index.php\/wp-json\/wp\/v2\/media?parent=102496"}],"wp:term":[{"taxonomy":"category","embeddable":true,"href":"https:\/\/cdnoticias.com\/index.php\/wp-json\/wp\/v2\/categories?post=102496"},{"taxonomy":"post_tag","embeddable":true,"href":"https:\/\/cdnoticias.com\/index.php\/wp-json\/wp\/v2\/tags?post=102496"}],"curies":[{"name":"wp","href":"https:\/\/api.w.org\/{rel}","templated":true}]}}