{"id":102491,"date":"2023-11-22T20:06:06","date_gmt":"2023-11-22T23:06:06","guid":{"rendered":"https:\/\/cdnoticias.com\/?p=102491"},"modified":"2023-11-23T08:55:59","modified_gmt":"2023-11-23T11:55:59","slug":"sin-acuerdo-en-cemento-portland-definieron-unilateralmente-un-aumento-a-cuenta","status":"publish","type":"post","link":"https:\/\/cdnoticias.com\/index.php\/2023\/11\/22\/sin-acuerdo-en-cemento-portland-definieron-unilateralmente-un-aumento-a-cuenta\/","title":{"rendered":"Sin acuerdo en Cemento Portland, definieron unilateralmente un aumento a cuenta"},"content":{"rendered":"\n<p>As\u00ed fue anunciado este mi\u00e9rcoles por AOMA, tras fallidas reuniones entre el Ministerio de Trabajo y la Asociaci\u00f3n Fabricantes de Cemento Portland (AFCP). \u201cNo se comparte desde la organizaci\u00f3n\u201d dijo el gremio.<\/p>\n\n\n\n<hr class=\"wp-block-separator aligncenter has-alpha-channel-opacity\"\/>\n\n\n\n<p>La <strong>Asociaci\u00f3n Obrera Minera Argentina (AOMA) inform\u00f3 que mantuvo nuevas reuniones con el Ministerio de Trabajo y la Asociaci\u00f3n Fabricantes de Cemento Portland (AFCP),<\/strong> con el fin de lograr un acuerdo salarial para los trabajadores de las cementeras.<\/p>\n\n\n\n<p>A diferencia de las anteriores, tras no llegar a un acuerdo,<strong> la AFCP dispuso otorgar un porcentaje a cuenta de futuros aumentos, el cual AOMA denunci\u00f3 que <em>\u201cno se comparte desde la organizaci\u00f3n\u201d,<\/em> ya que infieren que \u201c<em>se trata de un monto inferior a lo pretendido por AOMA\u201d.<\/em><\/strong><\/p>\n\n\n\n<blockquote class=\"wp-block-quote is-layout-flow wp-block-quote-is-layout-flow\">\n<p>Es por ello que, a trav\u00e9s de una circular, el gremio record\u00f3 a las seccionales que \u201cno hay obligatoriedad de la realizaci\u00f3n de horas extraordinarias\u201d.<\/p>\n<\/blockquote>\n\n\n\n<p>Mientras, el Secretario General, H\u00e9ctor Laplace,<em> \u201cseguir\u00e1 negociando para acordar una suma que mejore la calidad de vida de los trabajadores y trabajadoras\u201d <\/em>a\u00f1adieron en un comunicado emitido durante este mi\u00e9rcoles.<\/p>\n","protected":false},"excerpt":{"rendered":"<p>As\u00ed fue anunciado este mi\u00e9rcoles por AOMA, tras fallidas reuniones entre el Ministerio de Trabajo y la Asociaci\u00f3n Fabricantes de<\/p>\n","protected":false},"author":2,"featured_media":52305,"comment_status":"closed","ping_status":"closed","sticky":false,"template":"","format":"standard","meta":{"_jetpack_memberships_contains_paid_content":false,"footnotes":""},"categories":[4,1],"tags":[],"class_list":["post-102491","post","type-post","status-publish","format-standard","has-post-thumbnail","hentry","category-politica","category-portada"],"jetpack_featured_media_url":"https:\/\/i0.wp.com\/cdnoticias.com\/wp-content\/uploads\/2022\/04\/cemento-construccion-loma-negra-1.jpeg?fit=1280%2C768&ssl=1","jetpack_sharing_enabled":true,"_links":{"self":[{"href":"https:\/\/cdnoticias.com\/index.php\/wp-json\/wp\/v2\/posts\/102491","targetHints":{"allow":["GET"]}}],"collection":[{"href":"https:\/\/cdnoticias.com\/index.php\/wp-json\/wp\/v2\/posts"}],"about":[{"href":"https:\/\/cdnoticias.com\/index.php\/wp-json\/wp\/v2\/types\/post"}],"author":[{"embeddable":true,"href":"https:\/\/cdnoticias.com\/index.php\/wp-json\/wp\/v2\/users\/2"}],"replies":[{"embeddable":true,"href":"https:\/\/cdnoticias.com\/index.php\/wp-json\/wp\/v2\/comments?post=102491"}],"version-history":[{"count":0,"href":"https:\/\/cdnoticias.com\/index.php\/wp-json\/wp\/v2\/posts\/102491\/revisions"}],"wp:featuredmedia":[{"embeddable":true,"href":"https:\/\/cdnoticias.com\/index.php\/wp-json\/wp\/v2\/media\/52305"}],"wp:attachment":[{"href":"https:\/\/cdnoticias.com\/index.php\/wp-json\/wp\/v2\/media?parent=102491"}],"wp:term":[{"taxonomy":"category","embeddable":true,"href":"https:\/\/cdnoticias.com\/index.php\/wp-json\/wp\/v2\/categories?post=102491"},{"taxonomy":"post_tag","embeddable":true,"href":"https:\/\/cdnoticias.com\/index.php\/wp-json\/wp\/v2\/tags?post=102491"}],"curies":[{"name":"wp","href":"https:\/\/api.w.org\/{rel}","templated":true}]}}