{"id":102484,"date":"2023-11-22T19:30:18","date_gmt":"2023-11-22T22:30:18","guid":{"rendered":"https:\/\/cdnoticias.com\/?p=102484"},"modified":"2023-11-22T20:41:18","modified_gmt":"2023-11-22T23:41:18","slug":"la-direccion-de-politicas-de-genero-pinto-un-mural-en-su-sede","status":"publish","type":"post","link":"https:\/\/cdnoticias.com\/index.php\/2023\/11\/22\/la-direccion-de-politicas-de-genero-pinto-un-mural-en-su-sede\/","title":{"rendered":"La Direcci\u00f3n de Pol\u00edticas de G\u00e9nero pint\u00f3 un mural en su sede"},"content":{"rendered":"\n<p>Fue en el marco de las actividades por el D\u00eda Internacional de la Eliminaci\u00f3n de todas las formas de Violencia hacia las mujeres que se recuerda cada 25 de noviembre.<\/p>\n\n\n\n<hr class=\"wp-block-separator aligncenter has-alpha-channel-opacity\"\/>\n\n\n\n<p>Este mi\u00e9rcoles por la ma\u00f1ana, en el marco de las actividades por el <strong>D\u00eda Internacional de la Eliminaci\u00f3n de todas las formas de Violencia hacia las mujeres que se recuerda cada 25 de noviembre,<\/strong> se realiz\u00f3 una<strong> jornada colectiva de pintada de mural <\/strong>en la sede de la Direcci\u00f3n de Pol\u00edticas de G\u00e9nero municipal.<\/p>\n\n\n\n<p><\/p>\n\n\n\n<p>La pintada de mural fue llevada adelante por <strong>mujeres que asisten a la Direcci\u00f3n <\/strong>-a trav\u00e9s de sus diversos dispositivos-, en compa\u00f1\u00eda del equipo de profesionales de la mencionada dependencia.<\/p>\n\n\n\n<p><\/p>\n\n\n\n<figure class=\"wp-block-image aligncenter size-full\"><img data-recalc-dims=\"1\" loading=\"lazy\" decoding=\"async\" width=\"800\" height=\"533\" src=\"https:\/\/i0.wp.com\/cdnoticias.com\/wp-content\/uploads\/2023\/11\/mural-dpg-25-nov-2.jpg?resize=800%2C533&#038;ssl=1\" alt=\"\" class=\"wp-image-102486\" srcset=\"https:\/\/i0.wp.com\/cdnoticias.com\/wp-content\/uploads\/2023\/11\/mural-dpg-25-nov-2.jpg?w=1000&amp;ssl=1 1000w, https:\/\/i0.wp.com\/cdnoticias.com\/wp-content\/uploads\/2023\/11\/mural-dpg-25-nov-2.jpg?resize=300%2C200&amp;ssl=1 300w, https:\/\/i0.wp.com\/cdnoticias.com\/wp-content\/uploads\/2023\/11\/mural-dpg-25-nov-2.jpg?resize=768%2C511&amp;ssl=1 768w, https:\/\/i0.wp.com\/cdnoticias.com\/wp-content\/uploads\/2023\/11\/mural-dpg-25-nov-2.jpg?resize=272%2C182&amp;ssl=1 272w\" sizes=\"auto, (max-width: 800px) 100vw, 800px\" \/><\/figure>\n\n\n\n<p><\/p>\n\n\n\n<p>La directora de Pol\u00edticas de G\u00e9nero, <strong>Florencia Caro<\/strong> expres\u00f3 la emoci\u00f3n por la jornada compartida y puso en valor \u201ca las mujeres por sostener la permanencia y apostar a horizontes de vida libres de violencias\u201d.<\/p>\n\n\n\n<p><\/p>\n\n\n\n<p>Por \u00faltimo, destac\u00f3 \u201cel compromiso de su equipo en cada intervenci\u00f3n y el acompa\u00f1amiento integral hacia cada una de ellas\u201d.<\/p>\n","protected":false},"excerpt":{"rendered":"<p>Fue en el marco de las actividades por el D\u00eda Internacional de la Eliminaci\u00f3n de todas las formas de Violencia<\/p>\n","protected":false},"author":6,"featured_media":102485,"comment_status":"closed","ping_status":"closed","sticky":false,"template":"","format":"standard","meta":{"_jetpack_memberships_contains_paid_content":false,"footnotes":""},"categories":[3,1],"tags":[],"class_list":["post-102484","post","type-post","status-publish","format-standard","has-post-thumbnail","hentry","category-genero","category-portada"],"jetpack_featured_media_url":"https:\/\/i0.wp.com\/cdnoticias.com\/wp-content\/uploads\/2023\/11\/mural-dpg-25-nov-1.jpg?fit=1000%2C666&ssl=1","jetpack_sharing_enabled":true,"_links":{"self":[{"href":"https:\/\/cdnoticias.com\/index.php\/wp-json\/wp\/v2\/posts\/102484","targetHints":{"allow":["GET"]}}],"collection":[{"href":"https:\/\/cdnoticias.com\/index.php\/wp-json\/wp\/v2\/posts"}],"about":[{"href":"https:\/\/cdnoticias.com\/index.php\/wp-json\/wp\/v2\/types\/post"}],"author":[{"embeddable":true,"href":"https:\/\/cdnoticias.com\/index.php\/wp-json\/wp\/v2\/users\/6"}],"replies":[{"embeddable":true,"href":"https:\/\/cdnoticias.com\/index.php\/wp-json\/wp\/v2\/comments?post=102484"}],"version-history":[{"count":0,"href":"https:\/\/cdnoticias.com\/index.php\/wp-json\/wp\/v2\/posts\/102484\/revisions"}],"wp:featuredmedia":[{"embeddable":true,"href":"https:\/\/cdnoticias.com\/index.php\/wp-json\/wp\/v2\/media\/102485"}],"wp:attachment":[{"href":"https:\/\/cdnoticias.com\/index.php\/wp-json\/wp\/v2\/media?parent=102484"}],"wp:term":[{"taxonomy":"category","embeddable":true,"href":"https:\/\/cdnoticias.com\/index.php\/wp-json\/wp\/v2\/categories?post=102484"},{"taxonomy":"post_tag","embeddable":true,"href":"https:\/\/cdnoticias.com\/index.php\/wp-json\/wp\/v2\/tags?post=102484"}],"curies":[{"name":"wp","href":"https:\/\/api.w.org\/{rel}","templated":true}]}}