{"id":102482,"date":"2023-11-22T19:55:16","date_gmt":"2023-11-22T22:55:16","guid":{"rendered":"https:\/\/cdnoticias.com\/?p=102482"},"modified":"2023-11-22T19:55:17","modified_gmt":"2023-11-22T22:55:17","slug":"corte-de-luz-programado-para-un-sector-de-olavarria","status":"publish","type":"post","link":"https:\/\/cdnoticias.com\/index.php\/2023\/11\/22\/corte-de-luz-programado-para-un-sector-de-olavarria\/","title":{"rendered":"Corte de luz programado para un sector de Olavarr\u00eda"},"content":{"rendered":"\n<p>Ser\u00e1 el jueves por la ma\u00f1ana para realizar tareas de mantenimiento de la red.<\/p>\n\n\n\n<hr class=\"wp-block-separator aligncenter has-alpha-channel-opacity\"\/>\n\n\n\n<p>Desde Coopelectric se inform\u00f3 que<strong> este jueves se producir\u00e1 la interrupci\u00f3n del servicio el\u00e9ctrico <\/strong>en un sector de Olavarr\u00eda.<\/p>\n\n\n\n<p><\/p>\n\n\n\n<p>Ser\u00e1 en el horario de<strong> 7:00 a 10:00<\/strong> en el sector comprendido por <strong>V\u00edas FFCC-Merlo-Laprida-Rep\u00fablica del L\u00edbano.<\/strong><\/p>\n\n\n\n<p><\/p>\n\n\n\n<p>El motivo es por<strong> mantenimiento<\/strong> y las tareas puede reprogramarse si las condiciones clim\u00e1ticas son adversas.<\/p>\n","protected":false},"excerpt":{"rendered":"<p>Ser\u00e1 el jueves por la ma\u00f1ana para realizar tareas de mantenimiento de la red. Desde Coopelectric se inform\u00f3 que este<\/p>\n","protected":false},"author":6,"featured_media":41403,"comment_status":"closed","ping_status":"closed","sticky":false,"template":"","format":"standard","meta":{"_jetpack_memberships_contains_paid_content":false,"footnotes":""},"categories":[5,1],"tags":[],"class_list":["post-102482","post","type-post","status-publish","format-standard","has-post-thumbnail","hentry","category-informacion-general","category-portada"],"jetpack_featured_media_url":"https:\/\/i0.wp.com\/cdnoticias.com\/wp-content\/uploads\/2021\/12\/coopelectric-camion.jpg?fit=1600%2C890&ssl=1","jetpack_sharing_enabled":true,"_links":{"self":[{"href":"https:\/\/cdnoticias.com\/index.php\/wp-json\/wp\/v2\/posts\/102482","targetHints":{"allow":["GET"]}}],"collection":[{"href":"https:\/\/cdnoticias.com\/index.php\/wp-json\/wp\/v2\/posts"}],"about":[{"href":"https:\/\/cdnoticias.com\/index.php\/wp-json\/wp\/v2\/types\/post"}],"author":[{"embeddable":true,"href":"https:\/\/cdnoticias.com\/index.php\/wp-json\/wp\/v2\/users\/6"}],"replies":[{"embeddable":true,"href":"https:\/\/cdnoticias.com\/index.php\/wp-json\/wp\/v2\/comments?post=102482"}],"version-history":[{"count":0,"href":"https:\/\/cdnoticias.com\/index.php\/wp-json\/wp\/v2\/posts\/102482\/revisions"}],"wp:featuredmedia":[{"embeddable":true,"href":"https:\/\/cdnoticias.com\/index.php\/wp-json\/wp\/v2\/media\/41403"}],"wp:attachment":[{"href":"https:\/\/cdnoticias.com\/index.php\/wp-json\/wp\/v2\/media?parent=102482"}],"wp:term":[{"taxonomy":"category","embeddable":true,"href":"https:\/\/cdnoticias.com\/index.php\/wp-json\/wp\/v2\/categories?post=102482"},{"taxonomy":"post_tag","embeddable":true,"href":"https:\/\/cdnoticias.com\/index.php\/wp-json\/wp\/v2\/tags?post=102482"}],"curies":[{"name":"wp","href":"https:\/\/api.w.org\/{rel}","templated":true}]}}