{"id":102467,"date":"2023-11-22T18:30:31","date_gmt":"2023-11-22T21:30:31","guid":{"rendered":"https:\/\/cdnoticias.com\/?p=102467"},"modified":"2023-11-22T18:30:33","modified_gmt":"2023-11-22T21:30:33","slug":"con-visitas-y-una-obra-de-teatro-el-cumb-celebro-sus-20-anos","status":"publish","type":"post","link":"https:\/\/cdnoticias.com\/index.php\/2023\/11\/22\/con-visitas-y-una-obra-de-teatro-el-cumb-celebro-sus-20-anos\/","title":{"rendered":"Con visitas y una obra de teatro el CUMB celebr\u00f3 sus 20 a\u00f1os"},"content":{"rendered":"\n<p>El Centro Universitario \u201cManuel Belgrano\u201d festej\u00f3 un nuevo aniversario en la Unidad Penal N.\u00ba 38 de Sierra Chica, donde se realiz\u00f3 la entrega de certificados a estudiantes que participaron de una serie de actividades este a\u00f1o.<\/p>\n\n\n\n<hr class=\"wp-block-separator aligncenter has-alpha-channel-opacity\"\/>\n\n\n\n<p>Con una serie de actividades y propuestas, d\u00edas atr\u00e1s el <strong>Centro Universitario \u201cManuel Belgrano\u201d<\/strong> celebr\u00f3 dos d\u00e9cadas de trabajo continuado para el desarrollo de espacios de tutor\u00eda y acompa\u00f1amiento pedag\u00f3gico destinados a los estudiantes, quienes disponen de biblioteca, computadoras y material de estudio.<\/p>\n\n\n\n<p><\/p>\n\n\n\n<p>En el CUMB se dictan las carreras Licenciatura en Comunicaci\u00f3n Social y Licenciatura en Antropolog\u00eda Social de la Facultad de Ciencias Sociales, y Derecho de la Facultad de Derecho (UNICEN).<\/p>\n\n\n\n<p><\/p>\n\n\n\n<p>Participaron del encuentro, junto a <strong>estudiantes de las unidades penales 38 y 2 de Sierra Chica<\/strong>, por la Facultad de Ciencias Sociales el Secretario de Extensi\u00f3n, Bienestar y Trasferencia, Lic. Nicol\u00e1s Casado; el Secretario General, Ing. Guillermo Cicconi; la coordinadora del Programa de Educaci\u00f3n en la C\u00e1rcel de la UNICEN, Dra. Anal\u00eda Umpi\u00e9rrez; el coordinador del Programa de Educaci\u00f3n en Contextos de Encierro (PECE-FACSO), Prof. Luis Scipioni; la docente de la c\u00e1tedra Historia Social Argentina y Latinoamericana, Dra. Griselda Lemiez, y estudiantes del Centro de Estudiantes de FACSO.<\/p>\n\n\n\n<p><\/p>\n\n\n\n<figure class=\"wp-block-image aligncenter size-full\"><img data-recalc-dims=\"1\" loading=\"lazy\" decoding=\"async\" width=\"800\" height=\"650\" src=\"https:\/\/i0.wp.com\/cdnoticias.com\/wp-content\/uploads\/2023\/11\/Aniversario-CUMB-1.png?resize=800%2C650&#038;ssl=1\" alt=\"\" class=\"wp-image-102472\" srcset=\"https:\/\/i0.wp.com\/cdnoticias.com\/wp-content\/uploads\/2023\/11\/Aniversario-CUMB-1.png?w=864&amp;ssl=1 864w, https:\/\/i0.wp.com\/cdnoticias.com\/wp-content\/uploads\/2023\/11\/Aniversario-CUMB-1.png?resize=300%2C244&amp;ssl=1 300w, https:\/\/i0.wp.com\/cdnoticias.com\/wp-content\/uploads\/2023\/11\/Aniversario-CUMB-1.png?resize=768%2C624&amp;ssl=1 768w\" sizes=\"auto, (max-width: 800px) 100vw, 800px\" \/><\/figure>\n\n\n\n<p><\/p>\n\n\n\n<p>Estuvieron presentes adem\u00e1s la Secretaria de Extensi\u00f3n de la Facultad de Derecho, Abog. Agustina Lomolino; Cecilia Bax, integrante del departamento educativo del Museo D\u00e1maso Arce; y por el Servicio Penitenciario Bonaerense, Alejandro Luj\u00e1n, Coordinador General de Educaci\u00f3n, Cultura y Deportes del Complejo Centro Zona Sur, y el personal de Educaci\u00f3n de la UP 38.<\/p>\n\n\n\n<p><\/p>\n\n\n\n<p>En el acto particip\u00f3 Manuel Belgrano, chozno del abogado, pol\u00edtico y militar argentino impulsor de la Revoluci\u00f3n de Mayo, defensor de la independencia argentina y creador de la bandera nacional. Manuel Belgrano felicit\u00f3 a los estudiantes, docentes y autoridades presentes por el aniversario del Centro Universitario, y en el encuentro entreg\u00f3 una placa y libros.<\/p>\n\n\n\n<p><\/p>\n\n\n\n<figure class=\"wp-block-image aligncenter size-large\"><img data-recalc-dims=\"1\" loading=\"lazy\" decoding=\"async\" width=\"800\" height=\"559\" src=\"https:\/\/i0.wp.com\/cdnoticias.com\/wp-content\/uploads\/2023\/11\/Aniversario-CUMB-3.png?resize=800%2C559&#038;ssl=1\" alt=\"\" class=\"wp-image-102470\" srcset=\"https:\/\/i0.wp.com\/cdnoticias.com\/wp-content\/uploads\/2023\/11\/Aniversario-CUMB-3.png?resize=1024%2C715&amp;ssl=1 1024w, https:\/\/i0.wp.com\/cdnoticias.com\/wp-content\/uploads\/2023\/11\/Aniversario-CUMB-3.png?resize=300%2C209&amp;ssl=1 300w, https:\/\/i0.wp.com\/cdnoticias.com\/wp-content\/uploads\/2023\/11\/Aniversario-CUMB-3.png?resize=768%2C536&amp;ssl=1 768w, https:\/\/i0.wp.com\/cdnoticias.com\/wp-content\/uploads\/2023\/11\/Aniversario-CUMB-3.png?resize=130%2C90&amp;ssl=1 130w, https:\/\/i0.wp.com\/cdnoticias.com\/wp-content\/uploads\/2023\/11\/Aniversario-CUMB-3.png?w=1152&amp;ssl=1 1152w\" sizes=\"auto, (max-width: 800px) 100vw, 800px\" \/><\/figure>\n\n\n\n<p><\/p>\n\n\n\n<p>La jornada fue la oportunidad para hacer<strong> entrega de certificados a estudiantes que participaron de una serie de actividades este a\u00f1o,<\/strong> como el VI Encuentro Internacional de Tesistas e Investigadores en Tem\u00e1ticas de C\u00e1rceles y Acceso a Derechos Educativos (EITICE), el curso de Introducci\u00f3n a los Problemas Modernos que se dict\u00f3 en el primer cuatrimestre y la primera edici\u00f3n de la Jornada Sociales en Acci\u00f3n en Contextos de Encierro.<\/p>\n\n\n\n<p><\/p>\n\n\n\n<figure class=\"wp-block-image aligncenter size-large\"><img data-recalc-dims=\"1\" loading=\"lazy\" decoding=\"async\" width=\"800\" height=\"489\" src=\"https:\/\/i0.wp.com\/cdnoticias.com\/wp-content\/uploads\/2023\/11\/Aniversario-CUMB-2.png?resize=800%2C489&#038;ssl=1\" alt=\"\" class=\"wp-image-102471\" srcset=\"https:\/\/i0.wp.com\/cdnoticias.com\/wp-content\/uploads\/2023\/11\/Aniversario-CUMB-2.png?resize=1024%2C626&amp;ssl=1 1024w, https:\/\/i0.wp.com\/cdnoticias.com\/wp-content\/uploads\/2023\/11\/Aniversario-CUMB-2.png?resize=300%2C183&amp;ssl=1 300w, https:\/\/i0.wp.com\/cdnoticias.com\/wp-content\/uploads\/2023\/11\/Aniversario-CUMB-2.png?resize=768%2C469&amp;ssl=1 768w, https:\/\/i0.wp.com\/cdnoticias.com\/wp-content\/uploads\/2023\/11\/Aniversario-CUMB-2.png?resize=1536%2C939&amp;ssl=1 1536w, https:\/\/i0.wp.com\/cdnoticias.com\/wp-content\/uploads\/2023\/11\/Aniversario-CUMB-2.png?w=1599&amp;ssl=1 1599w\" sizes=\"auto, (max-width: 800px) 100vw, 800px\" \/><\/figure>\n\n\n\n<p><\/p>\n\n\n\n<p>Asimismo, estudiantes del Taller de Teatro de la Facultad de Ingenier\u00eda y de UPAMI ofrecieron una obra de teatro.<\/p>\n","protected":false},"excerpt":{"rendered":"<p>El Centro Universitario \u201cManuel Belgrano\u201d festej\u00f3 un nuevo aniversario en la Unidad Penal N.\u00ba 38 de Sierra Chica, donde se<\/p>\n","protected":false},"author":6,"featured_media":102469,"comment_status":"closed","ping_status":"closed","sticky":false,"template":"","format":"standard","meta":{"_jetpack_memberships_contains_paid_content":false,"footnotes":""},"categories":[5,1],"tags":[],"class_list":["post-102467","post","type-post","status-publish","format-standard","has-post-thumbnail","hentry","category-informacion-general","category-portada"],"jetpack_featured_media_url":"https:\/\/i0.wp.com\/cdnoticias.com\/wp-content\/uploads\/2023\/11\/Aniversario-CUMB-4.png?fit=1572%2C1028&ssl=1","jetpack_sharing_enabled":true,"_links":{"self":[{"href":"https:\/\/cdnoticias.com\/index.php\/wp-json\/wp\/v2\/posts\/102467","targetHints":{"allow":["GET"]}}],"collection":[{"href":"https:\/\/cdnoticias.com\/index.php\/wp-json\/wp\/v2\/posts"}],"about":[{"href":"https:\/\/cdnoticias.com\/index.php\/wp-json\/wp\/v2\/types\/post"}],"author":[{"embeddable":true,"href":"https:\/\/cdnoticias.com\/index.php\/wp-json\/wp\/v2\/users\/6"}],"replies":[{"embeddable":true,"href":"https:\/\/cdnoticias.com\/index.php\/wp-json\/wp\/v2\/comments?post=102467"}],"version-history":[{"count":0,"href":"https:\/\/cdnoticias.com\/index.php\/wp-json\/wp\/v2\/posts\/102467\/revisions"}],"wp:featuredmedia":[{"embeddable":true,"href":"https:\/\/cdnoticias.com\/index.php\/wp-json\/wp\/v2\/media\/102469"}],"wp:attachment":[{"href":"https:\/\/cdnoticias.com\/index.php\/wp-json\/wp\/v2\/media?parent=102467"}],"wp:term":[{"taxonomy":"category","embeddable":true,"href":"https:\/\/cdnoticias.com\/index.php\/wp-json\/wp\/v2\/categories?post=102467"},{"taxonomy":"post_tag","embeddable":true,"href":"https:\/\/cdnoticias.com\/index.php\/wp-json\/wp\/v2\/tags?post=102467"}],"curies":[{"name":"wp","href":"https:\/\/api.w.org\/{rel}","templated":true}]}}