{"id":102465,"date":"2023-11-22T20:41:04","date_gmt":"2023-11-22T23:41:04","guid":{"rendered":"https:\/\/cdnoticias.com\/?p=102465"},"modified":"2023-11-23T09:09:05","modified_gmt":"2023-11-23T12:09:05","slug":"el-municipio-preve-3573-millones-de-pesos-para-la-fumigacion-de-la-tucura-este-verano","status":"publish","type":"post","link":"https:\/\/cdnoticias.com\/index.php\/2023\/11\/22\/el-municipio-preve-3573-millones-de-pesos-para-la-fumigacion-de-la-tucura-este-verano\/","title":{"rendered":"El Municipio prev\u00e9 357,3 millones de pesos para la fumigaci\u00f3n de la tucura este verano"},"content":{"rendered":"<p>El tema estar\u00e1 en tratamiento en la sesi\u00f3n de este jueves. La tasa para los productores se estableci\u00f3 en funci\u00f3n del \u00cdndice de Novillo y se previ\u00f3 un ajuste a mitad del a\u00f1o pr\u00f3ximo. Cu\u00e1nto pagar\u00e1n por zona.<\/p>\n<p><!--more--><\/p>\n<hr \/>\n<p>Este jueves <strong>el Concejo Deliberante tendr\u00e1 en tratamiento el proyecto de ordenanza para implementar y financiar el Programa de Lucha contra la Tucura<\/strong>. Como tal programa prev\u00e9 la <strong>creaci\u00f3n de una tasa<\/strong>, el resultado de la votaci\u00f3n ser\u00e1 una <strong>ordenanza preparatoria<\/strong> que para su plena vigencia requerir\u00e1 la <strong>votaci\u00f3n en asamblea de concejales y mayores contribuyentes<\/strong>.<\/p>\n<p>&nbsp;<\/p>\n<p>Para la campa\u00f1a 2023\/2024 el Municipio destin\u00f3 una <strong>erogaci\u00f3n de 357.364.877 pesos<\/strong>. El <strong>inicio de la fumigaci\u00f3n<\/strong> se prev\u00e9 para la <strong>segunda quincena de diciembre<\/strong>.<\/p>\n<p>&nbsp;<\/p>\n<p><strong>Central de Noticias<\/strong> accedi\u00f3 al contenido del proyecto que debatir\u00e1n los concejales este jueves donde, tal como se anunci\u00f3, se proponen <strong>cambios para la implementaci\u00f3n del programa y su sostenimiento financiero<\/strong>. La propuesta est\u00e1 <strong>firmada por el intendente Ezequiel Galli y el secretario de Gobierno, Hilario Galli<\/strong>.<\/p>\n<p>&nbsp;<\/p>\n<p><a href=\"https:\/\/cdnoticias.com\/index.php\/2023\/11\/22\/sesiona-el-hcd-debate-de-candidatos-y-fumigacion-contra-la-tucura-estaran-en-debate\/\" target=\"_blank\" rel=\"noopener\">Desde el Concejo Deliberante se indic\u00f3<\/a> que, como sucede a\u00f1o a a\u00f1o, <strong>el programa de \u201cLucha contra la Tucura\u201d fue elaborado por la comisi\u00f3n de Lucha contra las Plagas<\/strong> y para su desarrollo \u201cse propone en esta ocasi\u00f3n la continuidad del programa, <strong>incorporando los cambios<\/strong> que a lo largo de los a\u00f1os de implementaci\u00f3n del mismo se muestran necesarios\u201d. Esos cambios se centran <strong>en lo referido a los costos e implican un ajuste econ\u00f3mico semestral<\/strong> del valor del cobro a los productores rurales.<\/p>\n<p>&nbsp;<\/p>\n<p>En ese sentido, cabe recordar que <strong>desde la Sociedad Rural de Olavarr\u00eda se plante\u00f3 a este medio la necesidad de profundizar en el tema de la financiaci\u00f3n<\/strong> previendo el impacto de la inflaci\u00f3n. El <strong>vicepresidente de la entidad, Daniel Ai\u00e7aguer<\/strong>, sostuvo que <em>\u201ccon el tema inflacionario con la tasa siempre estamos corriendo de atr\u00e1s. Los productos, los insecticidas que se usan para combatir, se van comprando con tiempo y la verdad que ahora con la inflaci\u00f3n siempre se viene corriendo de atr\u00e1s con ese tema. Y no es lo mismo que el a\u00f1o pasado ni que a\u00f1os anteriores<\/em>\u201d. <a href=\"https:\/\/cdnoticias.com\/index.php\/2023\/11\/21\/acompanar-y-prevenir-el-apoyo-de-la-sociedad-rural-de-olavarria-a-sus-pares-de-azul\/\" target=\"_blank\" rel=\"noopener\">El dirigente inform\u00f3 el lunes que la SRO no hab\u00eda recibido informaci\u00f3n sobre el tema<\/a> desde el Municipio y esperaban dialogar con el intendente electo, Maximiliano Wesner.<\/p>\n<p>&nbsp;<\/p>\n<figure id=\"attachment_74409\" aria-describedby=\"caption-attachment-74409\" style=\"width: 800px\" class=\"wp-caption aligncenter\"><img data-recalc-dims=\"1\" loading=\"lazy\" decoding=\"async\" class=\"wp-image-74409 size-full\" src=\"https:\/\/i0.wp.com\/cdnoticias.com\/wp-content\/uploads\/2023\/01\/comision-de-lucha-tucura.jpg?resize=800%2C445&#038;ssl=1\" alt=\"\" width=\"800\" height=\"445\" srcset=\"https:\/\/i0.wp.com\/cdnoticias.com\/wp-content\/uploads\/2023\/01\/comision-de-lucha-tucura.jpg?w=800&amp;ssl=1 800w, https:\/\/i0.wp.com\/cdnoticias.com\/wp-content\/uploads\/2023\/01\/comision-de-lucha-tucura.jpg?resize=300%2C167&amp;ssl=1 300w, https:\/\/i0.wp.com\/cdnoticias.com\/wp-content\/uploads\/2023\/01\/comision-de-lucha-tucura.jpg?resize=768%2C427&amp;ssl=1 768w\" sizes=\"auto, (max-width: 800px) 100vw, 800px\" \/><figcaption id=\"caption-attachment-74409\" class=\"wp-caption-text\">Integrantes de la Comisi\u00f3n de Lucha contra las Plagas.<\/figcaption><\/figure>\n<p>&nbsp;<\/p>\n<p>En los fundamentos del proyecto legislativo se citaron los antecedentes anuales desde 2017 en adelante con la disposici\u00f3n de la Emergencia Agropecuaria por la Tucura y la puesta en marcha del Programa de Lucha contra la Tucura para el cual se crea la Tasa Solidaria de Productores Rurales.<\/p>\n<p>&nbsp;<\/p>\n<h2>La Tasa Solidaria<\/h2>\n<p>&nbsp;<\/p>\n<p>El articulado se establecen la <strong>modalidad de contrataci\u00f3n de los servicios y de erogaci\u00f3n de gastos<\/strong> con la delimitaci\u00f3n de roles del Ejecutivo municipal y de la Comisi\u00f3n de Lucha contra las Plagas.<\/p>\n<p>&nbsp;<\/p>\n<p>Tambi\u00e9n se determina que<strong> los contribuyentes de la Tasa Solidaria<\/strong> ser\u00e1n todos los contribuyentes de la Tasa de Servicios Generales Rurales y que<strong> la base impositiva<\/strong> es \u201cla superficie de los inmuebles rurales calculada por hect\u00e1rea\u201d.<\/p>\n<p>&nbsp;<\/p>\n<p>El cobro de la tasa se basa en un <strong>esquema de zonificaci\u00f3n<\/strong> que, anualmente, fija la Comisi\u00f3n al delimitar las zonas a fumigar para combatir la plaga. De esa manera, un valor se fija para los inmuebles ubicados en los pol\u00edgonos de fumigaci\u00f3n y otro valor se determina para los inmuebles ubicados por fuera de esos pol\u00edgonos.<\/p>\n<p>&nbsp;<\/p>\n<figure id=\"attachment_74410\" aria-describedby=\"caption-attachment-74410\" style=\"width: 800px\" class=\"wp-caption aligncenter\"><img data-recalc-dims=\"1\" loading=\"lazy\" decoding=\"async\" class=\"wp-image-74410 size-full\" src=\"https:\/\/i0.wp.com\/cdnoticias.com\/wp-content\/uploads\/2023\/01\/control-tucura.jpg?resize=800%2C852&#038;ssl=1\" alt=\"\" width=\"800\" height=\"852\" srcset=\"https:\/\/i0.wp.com\/cdnoticias.com\/wp-content\/uploads\/2023\/01\/control-tucura.jpg?w=800&amp;ssl=1 800w, https:\/\/i0.wp.com\/cdnoticias.com\/wp-content\/uploads\/2023\/01\/control-tucura.jpg?resize=282%2C300&amp;ssl=1 282w, https:\/\/i0.wp.com\/cdnoticias.com\/wp-content\/uploads\/2023\/01\/control-tucura.jpg?resize=768%2C818&amp;ssl=1 768w\" sizes=\"auto, (max-width: 800px) 100vw, 800px\" \/><figcaption id=\"caption-attachment-74410\" class=\"wp-caption-text\">La labor de la comisi\u00f3n se inicia con el estudio de la evoluci\u00f3n de las tucuras para determinar su ubicaci\u00f3n geogr\u00e1fica y el momento de inicio de la fumigaci\u00f3n.<\/figcaption><\/figure>\n<p>&nbsp;<\/p>\n<blockquote><p>En el proyecto de ordenanza se estableci\u00f3 que \u201clos valores para la campa\u00f1a 2024 surgen de multiplicar el costo de kilo de carne por hect\u00e1rea por mes, conforme al \u00cdndice de Novillo del Mercado Agroganadero (INMAG) promedio del mes de octubre de 2023\u201d. El INMAG de base es 860 pesos.<\/p><\/blockquote>\n<p>&nbsp;<\/p>\n<p>Con ello se determinaron<strong> dos valores<\/strong>:<\/p>\n<ul>\n<li><strong>Zona 1: $34,40 por hect\u00e1rea por mes<\/strong>. La cifra surge del c\u00e1lculo del 0,040 kilo por hect\u00e1rea mensual del INMAG.<\/li>\n<li><strong>Zona 2: $123,98 por hect\u00e1rea por mes<\/strong>. El monto representa 0,144 kilo del mismo \u00edndice.<\/li>\n<\/ul>\n<p>&nbsp;<\/p>\n<p>El cobro <strong>se liquidar\u00e1 junto con la Tasa Rural<\/strong> entre enero y diciembre de 2024.<\/p>\n<blockquote><p>Una de las novedades de la normativa es que para este valor fijado se prev\u00e9 un \u201cajuste\u201d a aplicarse al alcanzar la mitad de la recaudaci\u00f3n desde julio: \u201cpara la campa\u00f1a 2023\/2024 los valores establecidos ser\u00e1n actualizados a partir del 1\u00ba de julio de acuerdo al valor del INMAG promedio del mes de junio 2024 manteni\u00e9ndose constante el costo del kilo de carne por hect\u00e1rea por mes de cada zona\u201d.<\/p><\/blockquote>\n<p>&nbsp;<\/p>\n<p>Asimismo, se facultar\u00e1 el Ejecutivo a aplicar una reducci\u00f3n en el cobro de \u201chasta 50% de la Tasa Solidaria previo al informe final de la Comisi\u00f3n\u201d.<\/p>\n<p>&nbsp;<\/p>\n","protected":false},"excerpt":{"rendered":"<p>El tema estar\u00e1 en tratamiento en la sesi\u00f3n de este jueves. La tasa para los productores se estableci\u00f3 en funci\u00f3n<\/p>\n","protected":false},"author":4,"featured_media":62570,"comment_status":"closed","ping_status":"closed","sticky":false,"template":"","format":"standard","meta":{"_jetpack_memberships_contains_paid_content":false,"footnotes":""},"categories":[4,1],"tags":[],"class_list":["post-102465","post","type-post","status-publish","format-standard","has-post-thumbnail","hentry","category-politica","category-portada"],"jetpack_featured_media_url":"https:\/\/i0.wp.com\/cdnoticias.com\/wp-content\/uploads\/2022\/08\/tucura.jpg?fit=1000%2C562&ssl=1","jetpack_sharing_enabled":true,"_links":{"self":[{"href":"https:\/\/cdnoticias.com\/index.php\/wp-json\/wp\/v2\/posts\/102465","targetHints":{"allow":["GET"]}}],"collection":[{"href":"https:\/\/cdnoticias.com\/index.php\/wp-json\/wp\/v2\/posts"}],"about":[{"href":"https:\/\/cdnoticias.com\/index.php\/wp-json\/wp\/v2\/types\/post"}],"author":[{"embeddable":true,"href":"https:\/\/cdnoticias.com\/index.php\/wp-json\/wp\/v2\/users\/4"}],"replies":[{"embeddable":true,"href":"https:\/\/cdnoticias.com\/index.php\/wp-json\/wp\/v2\/comments?post=102465"}],"version-history":[{"count":0,"href":"https:\/\/cdnoticias.com\/index.php\/wp-json\/wp\/v2\/posts\/102465\/revisions"}],"wp:featuredmedia":[{"embeddable":true,"href":"https:\/\/cdnoticias.com\/index.php\/wp-json\/wp\/v2\/media\/62570"}],"wp:attachment":[{"href":"https:\/\/cdnoticias.com\/index.php\/wp-json\/wp\/v2\/media?parent=102465"}],"wp:term":[{"taxonomy":"category","embeddable":true,"href":"https:\/\/cdnoticias.com\/index.php\/wp-json\/wp\/v2\/categories?post=102465"},{"taxonomy":"post_tag","embeddable":true,"href":"https:\/\/cdnoticias.com\/index.php\/wp-json\/wp\/v2\/tags?post=102465"}],"curies":[{"name":"wp","href":"https:\/\/api.w.org\/{rel}","templated":true}]}}