{"id":10246,"date":"2020-12-30T10:05:24","date_gmt":"2020-12-30T13:05:24","guid":{"rendered":"http:\/\/www.centraldenoticias.com.ar\/?p=10246"},"modified":"2020-12-30T10:50:55","modified_gmt":"2020-12-30T13:50:55","slug":"comenzo-la-vacunacion-contra-el-covid-en-olavarria","status":"publish","type":"post","link":"https:\/\/cdnoticias.com\/index.php\/2020\/12\/30\/comenzo-la-vacunacion-contra-el-covid-en-olavarria\/","title":{"rendered":"Comenz\u00f3 la vacunaci\u00f3n contra el Covid en Olavarr\u00eda"},"content":{"rendered":"<p>El director adjunto del Hospital de Oncolog\u00eda, Mario D\u00edaz, fue el primero en vacunarse. El m\u00e9dico terapista Sebasti\u00e1n Lombardo, el segundo.<!--more--><\/p>\n<hr \/>\n<p><strong>Este mi\u00e9rcoles hacia las 9.20 comenz\u00f3 la vacunaci\u00f3n contra el Covid en Olavarr\u00eda. El m\u00e9dico Mario D\u00edaz, director adjunto del Hospital de Oncolog\u00eda, fue el primero en recibir la dosis de la vacuna Sputnik V<\/strong>.<\/p>\n<p>Justamente, en dicho centro asistencial de gesti\u00f3n provincial, se lleva a cabo el operativo y el martes <a href=\"https:\/\/cdnoticias.com\/index.php\/2020\/12\/29\/covid-ya-llegaron-las-vacunas-a-olavarria\/\">se recibieron all\u00ed las primeras 450 dosis de la vacuna<\/a>. Este mi\u00e9rcoles, <strong>la vacunaci\u00f3n se realizar\u00e1 hasta las 14<\/strong> y, seg\u00fan se inform\u00f3, se vacunar\u00e1 a cinco personas cada media hora.<\/p>\n<p><img data-recalc-dims=\"1\" loading=\"lazy\" decoding=\"async\" class=\"alignnone wp-image-10248 size-large\" src=\"https:\/\/i0.wp.com\/cdnoticias.com\/wp-content\/uploads\/2020\/12\/vacuna-covid-7.jpeg?resize=800%2C530&#038;ssl=1\" alt=\"\" width=\"800\" height=\"530\" srcset=\"https:\/\/i0.wp.com\/cdnoticias.com\/wp-content\/uploads\/2020\/12\/vacuna-covid-7.jpeg?resize=1024%2C678&amp;ssl=1 1024w, https:\/\/i0.wp.com\/cdnoticias.com\/wp-content\/uploads\/2020\/12\/vacuna-covid-7.jpeg?resize=300%2C199&amp;ssl=1 300w, https:\/\/i0.wp.com\/cdnoticias.com\/wp-content\/uploads\/2020\/12\/vacuna-covid-7.jpeg?resize=768%2C509&amp;ssl=1 768w, https:\/\/i0.wp.com\/cdnoticias.com\/wp-content\/uploads\/2020\/12\/vacuna-covid-7.jpeg?w=1232&amp;ssl=1 1232w\" sizes=\"auto, (max-width: 800px) 100vw, 800px\" \/><\/p>\n<p><strong>El segundo en recibir su dosis para inmunizarse contra el virus SARS-COV-2 fue el m\u00e9dico terapista Sebasti\u00e1n Lombardo<\/strong> quien se desempe\u00f1a en el \u00e1mbito p\u00fablico y el privado.<\/p>\n<p>En el exterior del Hospital de Oncolog\u00eda se mont\u00f3 un gacebo donde el personal recibe a quienes llegan a vacunarse. Luego ingresan al edificio del centro de salud donde se aplica la dosis y, posteriormente deben permanecer en el lugar por media hora. <strong>El procedimiento finaliza con la entrega de un carnet con el que deben presentarse 21 d\u00edas despu\u00e9s para recibir la segunda dosis<\/strong>.<\/p>\n<p><img data-recalc-dims=\"1\" loading=\"lazy\" decoding=\"async\" class=\"alignnone wp-image-10250 size-large\" src=\"https:\/\/i0.wp.com\/cdnoticias.com\/wp-content\/uploads\/2020\/12\/vacuna-covid-1.jpeg?resize=800%2C600&#038;ssl=1\" alt=\"\" width=\"800\" height=\"600\" srcset=\"https:\/\/i0.wp.com\/cdnoticias.com\/wp-content\/uploads\/2020\/12\/vacuna-covid-1.jpeg?resize=1024%2C768&amp;ssl=1 1024w, https:\/\/i0.wp.com\/cdnoticias.com\/wp-content\/uploads\/2020\/12\/vacuna-covid-1.jpeg?resize=300%2C225&amp;ssl=1 300w, https:\/\/i0.wp.com\/cdnoticias.com\/wp-content\/uploads\/2020\/12\/vacuna-covid-1.jpeg?resize=768%2C576&amp;ssl=1 768w, https:\/\/i0.wp.com\/cdnoticias.com\/wp-content\/uploads\/2020\/12\/vacuna-covid-1.jpeg?w=1152&amp;ssl=1 1152w\" sizes=\"auto, (max-width: 800px) 100vw, 800px\" \/><\/p>\n<p>Cabe recordar que en esta etapa, el Ministerio de Salud provincial dispuso que las vacunas se apliquen al personal de salud, <a href=\"https:\/\/cdnoticias.com\/index.php\/2020\/12\/29\/ramiro-borzi-es-un-dia-historico-para-la-salud-publica\/\" target=\"_blank\" rel=\"noopener\">con prioridad de quienes trabajan en servicios de Terapia Intensiva y de emergencias<\/a> en los sistemas p\u00fablicos y privado.<\/p>\n<p>Para recibir las dosis deben registrase en el sitio web oficial\u00a0<a href=\"http:\/\/www.vacunatepba.gba.gob.ar\" target=\"_blank\" rel=\"noopener\">www.vacunatepba.gba.gob.ar<\/a><\/p>\n<p>En el centro de salud, estuvieron los directores de la Regi\u00f3n Sanitaria IX, <strong>Ramiro Borzi y Norma \u00c1lvarez Morello<\/strong>, as\u00ed como la directora del Hospital de Oncolog\u00eda &#8220;Luciano Fortabat&#8221;, <strong>Silvana Rosende<\/strong>.<\/p>\n<p><img data-recalc-dims=\"1\" loading=\"lazy\" decoding=\"async\" class=\"alignnone wp-image-10247 size-large\" src=\"https:\/\/i0.wp.com\/cdnoticias.com\/wp-content\/uploads\/2020\/12\/vacuna-covid-6.jpeg?resize=800%2C530&#038;ssl=1\" alt=\"\" width=\"800\" height=\"530\" srcset=\"https:\/\/i0.wp.com\/cdnoticias.com\/wp-content\/uploads\/2020\/12\/vacuna-covid-6.jpeg?resize=1024%2C678&amp;ssl=1 1024w, https:\/\/i0.wp.com\/cdnoticias.com\/wp-content\/uploads\/2020\/12\/vacuna-covid-6.jpeg?resize=300%2C199&amp;ssl=1 300w, https:\/\/i0.wp.com\/cdnoticias.com\/wp-content\/uploads\/2020\/12\/vacuna-covid-6.jpeg?resize=768%2C509&amp;ssl=1 768w, https:\/\/i0.wp.com\/cdnoticias.com\/wp-content\/uploads\/2020\/12\/vacuna-covid-6.jpeg?w=1232&amp;ssl=1 1232w\" sizes=\"auto, (max-width: 800px) 100vw, 800px\" \/><\/p>\n","protected":false},"excerpt":{"rendered":"<p>El director adjunto del Hospital de Oncolog\u00eda, Mario D\u00edaz, fue el primero en vacunarse. El m\u00e9dico terapista Sebasti\u00e1n Lombardo, el<\/p>\n","protected":false},"author":4,"featured_media":10249,"comment_status":"closed","ping_status":"closed","sticky":false,"template":"","format":"standard","meta":{"_jetpack_memberships_contains_paid_content":false,"footnotes":""},"categories":[5,1],"tags":[],"class_list":["post-10246","post","type-post","status-publish","format-standard","has-post-thumbnail","hentry","category-informacion-general","category-portada"],"jetpack_featured_media_url":"https:\/\/i0.wp.com\/cdnoticias.com\/wp-content\/uploads\/2020\/12\/vacuna-covid-9.jpeg?fit=1232%2C816&ssl=1","jetpack_sharing_enabled":true,"_links":{"self":[{"href":"https:\/\/cdnoticias.com\/index.php\/wp-json\/wp\/v2\/posts\/10246","targetHints":{"allow":["GET"]}}],"collection":[{"href":"https:\/\/cdnoticias.com\/index.php\/wp-json\/wp\/v2\/posts"}],"about":[{"href":"https:\/\/cdnoticias.com\/index.php\/wp-json\/wp\/v2\/types\/post"}],"author":[{"embeddable":true,"href":"https:\/\/cdnoticias.com\/index.php\/wp-json\/wp\/v2\/users\/4"}],"replies":[{"embeddable":true,"href":"https:\/\/cdnoticias.com\/index.php\/wp-json\/wp\/v2\/comments?post=10246"}],"version-history":[{"count":0,"href":"https:\/\/cdnoticias.com\/index.php\/wp-json\/wp\/v2\/posts\/10246\/revisions"}],"wp:featuredmedia":[{"embeddable":true,"href":"https:\/\/cdnoticias.com\/index.php\/wp-json\/wp\/v2\/media\/10249"}],"wp:attachment":[{"href":"https:\/\/cdnoticias.com\/index.php\/wp-json\/wp\/v2\/media?parent=10246"}],"wp:term":[{"taxonomy":"category","embeddable":true,"href":"https:\/\/cdnoticias.com\/index.php\/wp-json\/wp\/v2\/categories?post=10246"},{"taxonomy":"post_tag","embeddable":true,"href":"https:\/\/cdnoticias.com\/index.php\/wp-json\/wp\/v2\/tags?post=10246"}],"curies":[{"name":"wp","href":"https:\/\/api.w.org\/{rel}","templated":true}]}}