{"id":102452,"date":"2023-11-22T12:37:08","date_gmt":"2023-11-22T15:37:08","guid":{"rendered":"https:\/\/cdnoticias.com\/?p=102452"},"modified":"2023-11-22T16:40:58","modified_gmt":"2023-11-22T19:40:58","slug":"sesiona-el-hcd-debate-de-candidatos-y-fumigacion-contra-la-tucura-estaran-en-debate","status":"publish","type":"post","link":"https:\/\/cdnoticias.com\/index.php\/2023\/11\/22\/sesiona-el-hcd-debate-de-candidatos-y-fumigacion-contra-la-tucura-estaran-en-debate\/","title":{"rendered":"Sesiona el HCD: debate de candidatos y fumigaci\u00f3n contra la tucura estar\u00e1n en agenda"},"content":{"rendered":"<p>Este mi\u00e9rcoles la comisi\u00f3n de Labor Parlamentaria defini\u00f3 el orden del d\u00eda para la \u00faltima sesi\u00f3n ordinaria del a\u00f1o. Habr\u00e1 una veintena de proyectos en tratamiento. Sebasti\u00e1n Matrella (UCR) pidi\u00f3 licencia.<!--more--><\/p>\n<hr \/>\n<p>La <strong>presidenta del Concejo Deliberante de Olavarr\u00eda, Cecilia Krivochen<\/strong> encabez\u00f3 este mi\u00e9rcoles la <strong>comisi\u00f3n de Labor Parlamentaria<\/strong> donde se estableci\u00f3 la <strong>agenda legislativa de este jueves<\/strong>.<\/p>\n<p>&nbsp;<\/p>\n<p>El HCD fue convocado a sesionar<strong> a partir de las 9 horas en el sal\u00f3n de la Sociedad Espa\u00f1ola<\/strong>. Se realizar\u00e1 una breve sesi\u00f3n especial y luego tendr\u00e1 lugar la 16\u00aa sesi\u00f3n ordinaria con una veintena de proyectos en debate.<\/p>\n<p>&nbsp;<\/p>\n<blockquote><p>La informaci\u00f3n que se dio a conocer desde el HCD adelanta un cambio en la composici\u00f3n del Legislativo y la incorporaci\u00f3n de importantes temas al orden del d\u00eda: el debate de candidatos obligatoria en la previa a las elecciones y la creaci\u00f3n de la tasa para la fumigaci\u00f3n contra la tucura.<\/p><\/blockquote>\n<p>&nbsp;<\/p>\n<figure id=\"attachment_102456\" aria-describedby=\"caption-attachment-102456\" style=\"width: 800px\" class=\"wp-caption aligncenter\"><img data-recalc-dims=\"1\" loading=\"lazy\" decoding=\"async\" class=\"wp-image-102456 size-full\" src=\"https:\/\/i0.wp.com\/cdnoticias.com\/wp-content\/uploads\/2023\/11\/HCD-parlamentaria-01.jpg?resize=800%2C445&#038;ssl=1\" alt=\"\" width=\"800\" height=\"445\" srcset=\"https:\/\/i0.wp.com\/cdnoticias.com\/wp-content\/uploads\/2023\/11\/HCD-parlamentaria-01.jpg?w=800&amp;ssl=1 800w, https:\/\/i0.wp.com\/cdnoticias.com\/wp-content\/uploads\/2023\/11\/HCD-parlamentaria-01.jpg?resize=300%2C167&amp;ssl=1 300w, https:\/\/i0.wp.com\/cdnoticias.com\/wp-content\/uploads\/2023\/11\/HCD-parlamentaria-01.jpg?resize=768%2C427&amp;ssl=1 768w\" sizes=\"auto, (max-width: 800px) 100vw, 800px\" \/><figcaption id=\"caption-attachment-102456\" class=\"wp-caption-text\">Cecilia Krivochen presidir\u00e1 este jueves la \u00faltima sesi\u00f3n ordinaria del 2023.<\/figcaption><\/figure>\n<p>&nbsp;<\/p>\n<p>Ser\u00e1 la <strong>\u00faltima sesi\u00f3n ordinaria del per\u00edodo 2023<\/strong>, ya que el a partir del 30 de noviembre finalizar\u00e1 el periodo anual de sesiones. Cabe se\u00f1alar que<strong> se esperan asambleas y sesiones extraordinarias para el mes de diciembre<\/strong>, entre ellas la de <a href=\"https:\/\/cdnoticias.com\/index.php\/2023\/10\/23\/el-hcd-que-viene-jxc-pierde-bancas-uxp-mantiene-y-ahora-olavarria-los-ganadores\/\" target=\"_blank\" rel=\"noopener\">renovaci\u00f3n del cuerpo<\/a>.<\/p>\n<p>&nbsp;<\/p>\n<p>Respecto de la<strong> reuni\u00f3n de Labor Parlamentaria<\/strong> se indic\u00f3 que participaron los concejales: Mart\u00edn Endere (Juntos), Mercedes Land\u00edvar (Uni\u00f3n por la Patria), Gast\u00f3n Sarachu (Foro Olavarr\u00eda-Frente Renovador en Uni\u00f3n por la Patria), Bel\u00e9n Vergel (UCR-JUNTOS) y Celeste Arouxet (Ahora Olavarr\u00eda).<\/p>\n<p>&nbsp;<\/p>\n<h2>Sesi\u00f3n Especial<\/h2>\n<p>&nbsp;<\/p>\n<p>La actividad legislativa de este jueves se iniciar\u00e1 con la<strong> Sesi\u00f3n Especial<\/strong> convocada por el Dto. N\u00b0 047\/23 para tratar un pedido de <strong>licencia del concejal Sebasti\u00e1n Matrella.<\/strong><\/p>\n<p>&nbsp;<\/p>\n<p>El edil radical<strong> ser\u00e1 reemplazado hasta el 28 de noviembre<\/strong> por el <strong>concejal suplente Francisco Ferm\u00edn Gonz\u00e1lez<\/strong>.<\/p>\n<p>&nbsp;<\/p>\n<figure id=\"attachment_98457\" aria-describedby=\"caption-attachment-98457\" style=\"width: 800px\" class=\"wp-caption aligncenter\"><img data-recalc-dims=\"1\" loading=\"lazy\" decoding=\"async\" class=\"wp-image-98457 size-large\" src=\"https:\/\/i0.wp.com\/cdnoticias.com\/wp-content\/uploads\/2023\/10\/matrella-trabajador-rural-2.jpg?resize=800%2C534&#038;ssl=1\" alt=\"\" width=\"800\" height=\"534\" srcset=\"https:\/\/i0.wp.com\/cdnoticias.com\/wp-content\/uploads\/2023\/10\/matrella-trabajador-rural-2-scaled.jpg?resize=1024%2C683&amp;ssl=1 1024w, https:\/\/i0.wp.com\/cdnoticias.com\/wp-content\/uploads\/2023\/10\/matrella-trabajador-rural-2-scaled.jpg?resize=300%2C200&amp;ssl=1 300w, https:\/\/i0.wp.com\/cdnoticias.com\/wp-content\/uploads\/2023\/10\/matrella-trabajador-rural-2-scaled.jpg?resize=768%2C512&amp;ssl=1 768w, https:\/\/i0.wp.com\/cdnoticias.com\/wp-content\/uploads\/2023\/10\/matrella-trabajador-rural-2-scaled.jpg?resize=1536%2C1024&amp;ssl=1 1536w, https:\/\/i0.wp.com\/cdnoticias.com\/wp-content\/uploads\/2023\/10\/matrella-trabajador-rural-2-scaled.jpg?resize=2048%2C1365&amp;ssl=1 2048w, https:\/\/i0.wp.com\/cdnoticias.com\/wp-content\/uploads\/2023\/10\/matrella-trabajador-rural-2-scaled.jpg?resize=272%2C182&amp;ssl=1 272w, https:\/\/i0.wp.com\/cdnoticias.com\/wp-content\/uploads\/2023\/10\/matrella-trabajador-rural-2-scaled.jpg?w=1600&amp;ssl=1 1600w, https:\/\/i0.wp.com\/cdnoticias.com\/wp-content\/uploads\/2023\/10\/matrella-trabajador-rural-2-scaled.jpg?w=2400&amp;ssl=1 2400w\" sizes=\"auto, (max-width: 800px) 100vw, 800px\" \/><figcaption id=\"caption-attachment-98457\" class=\"wp-caption-text\">Cambio en la bancada radical: Francisco Gonz\u00e1lez (izq) reemplazar\u00e1 a Sebasti\u00e1n Matrella (der) en la sesi\u00f3n de este jueves.<\/figcaption><\/figure>\n<p>&nbsp;<\/p>\n<h2>16\u00aa Sesi\u00f3n Ordinaria<\/h2>\n<p>&nbsp;<\/p>\n<p>Con posterioridad, el Concejo Deliberante llevar\u00e1 adelante la 16\u00aa Sesi\u00f3n Ordinaria del periodo 2023 y de acuerdo con lo establecido en Labor Parlamentaria <strong>se tratar\u00e1n 23 expedientes de los cuales 15 cuentan con despacho de la comisi\u00f3n de Legislaci\u00f3n.<\/strong><\/p>\n<p>&nbsp;<\/p>\n<blockquote><p>Entre los temas a tratar, se pondr\u00e1 en consideraci\u00f3n el proyecto de ordenanza para establecer Debates P\u00fablicos de candidatos en el Partido de Olavarr\u00eda. <a href=\"https:\/\/cdnoticias.com\/index.php\/2021\/11\/09\/en-que-consiste-la-ordenanza-que-propone-debates-obligatorios-de-candidatos\/\" target=\"_blank\" rel=\"noopener\">Esta es una iniciativa de la Facultad de Ingenier\u00eda<\/a> presentada en noviembre de 2021 al HCD.<\/p><\/blockquote>\n<p>&nbsp;<\/p>\n<p>Este jueves adem\u00e1s se tratar\u00e1 la<strong> ordenanza preparatoria<\/strong> para implementaci\u00f3n del <strong>programa de \u201cLucha contra la Tucura\u201d<\/strong> que fue elaborado por la <strong>comisi\u00f3n de Lucha contra las Plagas del Partido de Olavarr\u00eda para el periodo 2023\/2024<\/strong>.<\/p>\n<p>&nbsp;<\/p>\n<figure id=\"attachment_102455\" aria-describedby=\"caption-attachment-102455\" style=\"width: 800px\" class=\"wp-caption aligncenter\"><img data-recalc-dims=\"1\" loading=\"lazy\" decoding=\"async\" class=\"wp-image-102455 size-full\" src=\"https:\/\/i0.wp.com\/cdnoticias.com\/wp-content\/uploads\/2023\/11\/HCD-parlamentaria-00.jpg?resize=800%2C445&#038;ssl=1\" alt=\"\" width=\"800\" height=\"445\" srcset=\"https:\/\/i0.wp.com\/cdnoticias.com\/wp-content\/uploads\/2023\/11\/HCD-parlamentaria-00.jpg?w=800&amp;ssl=1 800w, https:\/\/i0.wp.com\/cdnoticias.com\/wp-content\/uploads\/2023\/11\/HCD-parlamentaria-00.jpg?resize=300%2C167&amp;ssl=1 300w, https:\/\/i0.wp.com\/cdnoticias.com\/wp-content\/uploads\/2023\/11\/HCD-parlamentaria-00.jpg?resize=768%2C427&amp;ssl=1 768w\" sizes=\"auto, (max-width: 800px) 100vw, 800px\" \/><figcaption id=\"caption-attachment-102455\" class=\"wp-caption-text\">Este jueves se reunieron los presidentes de los bloques de cara a la sesi\u00f3n del jueves.<\/figcaption><\/figure>\n<p>&nbsp;<\/p>\n<p>El proyecto de ordenanza se\u00f1ala que: \u201ctoda vez que se requiere continuidad en las pol\u00edticas agropecuarias de nuestro Partido,<strong> se propone en est\u00e1 ocasi\u00f3n la continuidad del programa, incorporando los cambios<\/strong> que a lo largo de los a\u00f1os de implementaci\u00f3n del mismo se muestran necesarios\u201d.<\/p>\n<p>&nbsp;<\/p>\n<blockquote><p>Por otro lado, el proyecto de ordenanza introduce cambios en lo referido a los costos tanto de productos como as\u00ed tambi\u00e9n de servicio de aviaci\u00f3n que implica un ajuste econ\u00f3mico semestral tomando como referencia el \u00edndice de arrendamiento.<\/p><\/blockquote>\n<p>&nbsp;<\/p>\n<p>Por \u00faltimo, la Comisi\u00f3n Municipal de Lucha contra las Plagas inform\u00f3 que <strong>la campa\u00f1a 2023\/2024 deber\u00eda comenzar a realizarse en la segunda quincena del mes de diciembre<\/strong>.<\/p>\n<p>&nbsp;<\/p>\n","protected":false},"excerpt":{"rendered":"<p>Este mi\u00e9rcoles la comisi\u00f3n de Labor Parlamentaria defini\u00f3 el orden del d\u00eda para la \u00faltima sesi\u00f3n ordinaria del a\u00f1o. Habr\u00e1<\/p>\n","protected":false},"author":4,"featured_media":102454,"comment_status":"closed","ping_status":"closed","sticky":false,"template":"","format":"standard","meta":{"_jetpack_memberships_contains_paid_content":false,"footnotes":""},"categories":[4,1],"tags":[],"class_list":["post-102452","post","type-post","status-publish","format-standard","has-post-thumbnail","hentry","category-politica","category-portada"],"jetpack_featured_media_url":"https:\/\/i0.wp.com\/cdnoticias.com\/wp-content\/uploads\/2023\/11\/HCD-parlamentaria-02.jpg?fit=800%2C445&ssl=1","jetpack_sharing_enabled":true,"_links":{"self":[{"href":"https:\/\/cdnoticias.com\/index.php\/wp-json\/wp\/v2\/posts\/102452","targetHints":{"allow":["GET"]}}],"collection":[{"href":"https:\/\/cdnoticias.com\/index.php\/wp-json\/wp\/v2\/posts"}],"about":[{"href":"https:\/\/cdnoticias.com\/index.php\/wp-json\/wp\/v2\/types\/post"}],"author":[{"embeddable":true,"href":"https:\/\/cdnoticias.com\/index.php\/wp-json\/wp\/v2\/users\/4"}],"replies":[{"embeddable":true,"href":"https:\/\/cdnoticias.com\/index.php\/wp-json\/wp\/v2\/comments?post=102452"}],"version-history":[{"count":0,"href":"https:\/\/cdnoticias.com\/index.php\/wp-json\/wp\/v2\/posts\/102452\/revisions"}],"wp:featuredmedia":[{"embeddable":true,"href":"https:\/\/cdnoticias.com\/index.php\/wp-json\/wp\/v2\/media\/102454"}],"wp:attachment":[{"href":"https:\/\/cdnoticias.com\/index.php\/wp-json\/wp\/v2\/media?parent=102452"}],"wp:term":[{"taxonomy":"category","embeddable":true,"href":"https:\/\/cdnoticias.com\/index.php\/wp-json\/wp\/v2\/categories?post=102452"},{"taxonomy":"post_tag","embeddable":true,"href":"https:\/\/cdnoticias.com\/index.php\/wp-json\/wp\/v2\/tags?post=102452"}],"curies":[{"name":"wp","href":"https:\/\/api.w.org\/{rel}","templated":true}]}}