{"id":102449,"date":"2023-11-22T11:56:25","date_gmt":"2023-11-22T14:56:25","guid":{"rendered":"https:\/\/cdnoticias.com\/?p=102449"},"modified":"2023-11-22T11:56:31","modified_gmt":"2023-11-22T14:56:31","slug":"el-acto-protocolar-por-el-aniversario-de-olavarria-sera-el-proximo-sabado","status":"publish","type":"post","link":"https:\/\/cdnoticias.com\/index.php\/2023\/11\/22\/el-acto-protocolar-por-el-aniversario-de-olavarria-sera-el-proximo-sabado\/","title":{"rendered":"El acto protocolar por el aniversario de Olavarr\u00eda ser\u00e1 el pr\u00f3ximo s\u00e1bado"},"content":{"rendered":"<p>Se realizar\u00e1 por la ma\u00f1ana en la plaza \u201cCoronel \u00c1lvaro Barros\u201d.<!--more--><\/p>\n<hr \/>\n<p>La Municipalidad de Olavarr\u00eda invit\u00f3 a la comunidad a participar del acto protocolar oficial con motivo de la conmemoraci\u00f3n del 156\u00b0 aniversario de la fundaci\u00f3n de la ciudad de Olavarr\u00eda.<br \/>\n&nbsp;<br \/>\nLa actividad se desarrollar\u00e1 el pr\u00f3ximo s\u00e1bado 25 del corriente mes a partir de las 10 horas en la plaza \u201cCoronel \u00c1lvaro Barros\u201d, situada sobre las calles Bol\u00edvar, 25 de Mayo, Hornos y Espa\u00f1a, en el microcentro de la ciudad.<br \/>\n&nbsp;<br \/>\nEl acto dar\u00e1 comienzo con la concentraci\u00f3n de autoridades. Posteriormente se entonar\u00e1n las estrofas del Himno Nacional Argentino y se colocar\u00e1n ofrendas florales. Para finalizar, se pronunciar\u00e1n palabras alusivas a la fecha.<\/p>\n","protected":false},"excerpt":{"rendered":"<p>Se realizar\u00e1 por la ma\u00f1ana en la plaza \u201cCoronel \u00c1lvaro Barros\u201d.<\/p>\n","protected":false},"author":2,"featured_media":70974,"comment_status":"closed","ping_status":"closed","sticky":false,"template":"","format":"standard","meta":{"_jetpack_memberships_contains_paid_content":false,"footnotes":""},"categories":[5,1],"tags":[],"class_list":["post-102449","post","type-post","status-publish","format-standard","has-post-thumbnail","hentry","category-informacion-general","category-portada"],"jetpack_featured_media_url":"https:\/\/i0.wp.com\/cdnoticias.com\/wp-content\/uploads\/2022\/11\/155-aniversario-olavarria-08.jpg?fit=800%2C445&ssl=1","jetpack_sharing_enabled":true,"_links":{"self":[{"href":"https:\/\/cdnoticias.com\/index.php\/wp-json\/wp\/v2\/posts\/102449","targetHints":{"allow":["GET"]}}],"collection":[{"href":"https:\/\/cdnoticias.com\/index.php\/wp-json\/wp\/v2\/posts"}],"about":[{"href":"https:\/\/cdnoticias.com\/index.php\/wp-json\/wp\/v2\/types\/post"}],"author":[{"embeddable":true,"href":"https:\/\/cdnoticias.com\/index.php\/wp-json\/wp\/v2\/users\/2"}],"replies":[{"embeddable":true,"href":"https:\/\/cdnoticias.com\/index.php\/wp-json\/wp\/v2\/comments?post=102449"}],"version-history":[{"count":0,"href":"https:\/\/cdnoticias.com\/index.php\/wp-json\/wp\/v2\/posts\/102449\/revisions"}],"wp:featuredmedia":[{"embeddable":true,"href":"https:\/\/cdnoticias.com\/index.php\/wp-json\/wp\/v2\/media\/70974"}],"wp:attachment":[{"href":"https:\/\/cdnoticias.com\/index.php\/wp-json\/wp\/v2\/media?parent=102449"}],"wp:term":[{"taxonomy":"category","embeddable":true,"href":"https:\/\/cdnoticias.com\/index.php\/wp-json\/wp\/v2\/categories?post=102449"},{"taxonomy":"post_tag","embeddable":true,"href":"https:\/\/cdnoticias.com\/index.php\/wp-json\/wp\/v2\/tags?post=102449"}],"curies":[{"name":"wp","href":"https:\/\/api.w.org\/{rel}","templated":true}]}}