{"id":102401,"date":"2023-11-21T17:43:04","date_gmt":"2023-11-21T20:43:04","guid":{"rendered":"https:\/\/cdnoticias.com\/?p=102401"},"modified":"2023-11-21T19:26:13","modified_gmt":"2023-11-21T22:26:13","slug":"la-ucr-presento-un-proyecto-para-mejorar-la-seguridad-vial-en-un-sector-de-la-ciudad","status":"publish","type":"post","link":"https:\/\/cdnoticias.com\/index.php\/2023\/11\/21\/la-ucr-presento-un-proyecto-para-mejorar-la-seguridad-vial-en-un-sector-de-la-ciudad\/","title":{"rendered":"La UCR present\u00f3 un proyecto para mejorar la seguridad vial en un sector de la ciudad"},"content":{"rendered":"<p>Se trata de una solicitud para colocar un reductor de velocidad y la reparaci\u00f3n de otro en cercan\u00edas a la Sociedad Rural.<!--more--><\/p>\n<hr \/>\n<p>La Uni\u00f3n C\u00edvica Radical de Olavarr\u00eda present\u00f3 d\u00edas atr\u00e1s un <strong>Proyecto de Resoluci\u00f3n con el objetivo de mejorar la seguridad vial de la ciudad y el Partido.<\/strong><\/p>\n<p>La iniciativa solicita al Departamento Ejecutivo, a trav\u00e9s del \u00e1rea que corresponda, la urgente <strong>construcci\u00f3n e instalaci\u00f3n de un reductor de velocidad en la Avenida Ituzaing\u00f3 al 275, frente al predio de la Sociedad Rural.<\/strong><br \/>\n<strong>\u00a0<\/strong><br \/>\nA su vez, la propuesta tambi\u00e9n pide la <strong>reparaci\u00f3n de un reductor de velocidad en Avenida Ituzaing\u00f3 al 700.<\/strong><\/p>\n<p>En los \u00faltimos a\u00f1os, la zona mencionada se ha ido poblando, debido a la construcci\u00f3n de nuevos barrios, por lo que se ha convertido en un lugar muy transitado. Es por ello que desde el espacio resaltaron la importancia de esta propuesta <strong>con el fin de reducir y evitar los siniestros viales.<\/strong><\/p>\n<p>Al respecto, la <strong>concejal y presidenta de la UCR, Bel\u00e9n Vergel<\/strong>, se\u00f1al\u00f3: \u201csabemos que no es lo mejor, pero es una herramienta \u00fatil para una soluci\u00f3n r\u00e1pida\u201d y a\u00f1adi\u00f3 que<strong> \u201cestamos convencidos de que es necesario pensar el tr\u00e1nsito en forma integral con un verdadero programa que d\u00e9 respuesta a los olavarrienses\u201d.<\/strong><\/p>\n<p>Por \u00faltimo, manifest\u00f3 que \u201ccada d\u00eda nos encontramos con m\u00faltiples casos de accidentes, claramente un reductor no resuelve el problema de fondo pero para muchos vecinos es una ayuda\u201d.<\/p>\n","protected":false},"excerpt":{"rendered":"<p>Se trata de una solicitud para colocar un reductor de velocidad y la reparaci\u00f3n de otro en cercan\u00edas a la<\/p>\n","protected":false},"author":2,"featured_media":102403,"comment_status":"closed","ping_status":"closed","sticky":false,"template":"","format":"standard","meta":{"_jetpack_memberships_contains_paid_content":false,"footnotes":""},"categories":[4,1],"tags":[],"class_list":["post-102401","post","type-post","status-publish","format-standard","has-post-thumbnail","hentry","category-politica","category-portada"],"jetpack_featured_media_url":"https:\/\/i0.wp.com\/cdnoticias.com\/wp-content\/uploads\/2023\/11\/proyecto-reductor-velocidad.jpg?fit=845%2C470&ssl=1","jetpack_sharing_enabled":true,"_links":{"self":[{"href":"https:\/\/cdnoticias.com\/index.php\/wp-json\/wp\/v2\/posts\/102401","targetHints":{"allow":["GET"]}}],"collection":[{"href":"https:\/\/cdnoticias.com\/index.php\/wp-json\/wp\/v2\/posts"}],"about":[{"href":"https:\/\/cdnoticias.com\/index.php\/wp-json\/wp\/v2\/types\/post"}],"author":[{"embeddable":true,"href":"https:\/\/cdnoticias.com\/index.php\/wp-json\/wp\/v2\/users\/2"}],"replies":[{"embeddable":true,"href":"https:\/\/cdnoticias.com\/index.php\/wp-json\/wp\/v2\/comments?post=102401"}],"version-history":[{"count":0,"href":"https:\/\/cdnoticias.com\/index.php\/wp-json\/wp\/v2\/posts\/102401\/revisions"}],"wp:featuredmedia":[{"embeddable":true,"href":"https:\/\/cdnoticias.com\/index.php\/wp-json\/wp\/v2\/media\/102403"}],"wp:attachment":[{"href":"https:\/\/cdnoticias.com\/index.php\/wp-json\/wp\/v2\/media?parent=102401"}],"wp:term":[{"taxonomy":"category","embeddable":true,"href":"https:\/\/cdnoticias.com\/index.php\/wp-json\/wp\/v2\/categories?post=102401"},{"taxonomy":"post_tag","embeddable":true,"href":"https:\/\/cdnoticias.com\/index.php\/wp-json\/wp\/v2\/tags?post=102401"}],"curies":[{"name":"wp","href":"https:\/\/api.w.org\/{rel}","templated":true}]}}