{"id":102392,"date":"2023-11-21T16:36:17","date_gmt":"2023-11-21T19:36:17","guid":{"rendered":"https:\/\/cdnoticias.com\/?p=102392"},"modified":"2023-11-21T20:33:56","modified_gmt":"2023-11-21T23:33:56","slug":"un-corte-de-luz-afectara-a-colonia-nievas","status":"publish","type":"post","link":"https:\/\/cdnoticias.com\/index.php\/2023\/11\/21\/un-corte-de-luz-afectara-a-colonia-nievas\/","title":{"rendered":"Un corte de luz afectar\u00e1 a Colonia Nievas"},"content":{"rendered":"<p>Ser\u00e1 el mi\u00e9rcoles durante la ma\u00f1ana por motivos de mantenimiento.<!--more--><\/p>\n<hr \/>\n<p>Este<strong> mi\u00e9rcoles en el horario de 8:00 a 10:30<\/strong> se producir\u00e1 un corte de luz en<strong> Colonia Nievas y zona aleda\u00f1a.<\/strong><\/p>\n<p>Coopelectric inform\u00f3 que la interrupci\u00f3n de energ\u00eda ser\u00e1 por motivos de mantenimiento y que podr\u00e1 suspenderse si las condiciones clim\u00e1ticas son adversas.<\/p>\n<p>Por otra parte, se record\u00f3 que el mi\u00e9rcoles tambi\u00e9n habr\u00e1 un corte de 8:00 a 12:00 en el sector comprendido entre a<a href=\"https:\/\/cdnoticias.com\/index.php\/2023\/11\/21\/un-sector-de-la-ciudad-tendra-un-corte-de-luz-programado-este-miercoles\/\" target=\"_blank\" rel=\"noopener\">venida Avellaneda y calles Lamadrid, Rend\u00f3n y 25 de Mayo.<\/a><\/p>\n","protected":false},"excerpt":{"rendered":"<p>Ser\u00e1 el mi\u00e9rcoles durante la ma\u00f1ana por motivos de mantenimiento.<\/p>\n","protected":false},"author":2,"featured_media":90031,"comment_status":"closed","ping_status":"closed","sticky":false,"template":"","format":"standard","meta":{"_jetpack_memberships_contains_paid_content":false,"footnotes":""},"categories":[5,1],"tags":[],"class_list":["post-102392","post","type-post","status-publish","format-standard","has-post-thumbnail","hentry","category-informacion-general","category-portada"],"jetpack_featured_media_url":"https:\/\/i0.wp.com\/cdnoticias.com\/wp-content\/uploads\/2023\/07\/coopelectric-electricidad-00.jpg?fit=800%2C446&ssl=1","jetpack_sharing_enabled":true,"_links":{"self":[{"href":"https:\/\/cdnoticias.com\/index.php\/wp-json\/wp\/v2\/posts\/102392","targetHints":{"allow":["GET"]}}],"collection":[{"href":"https:\/\/cdnoticias.com\/index.php\/wp-json\/wp\/v2\/posts"}],"about":[{"href":"https:\/\/cdnoticias.com\/index.php\/wp-json\/wp\/v2\/types\/post"}],"author":[{"embeddable":true,"href":"https:\/\/cdnoticias.com\/index.php\/wp-json\/wp\/v2\/users\/2"}],"replies":[{"embeddable":true,"href":"https:\/\/cdnoticias.com\/index.php\/wp-json\/wp\/v2\/comments?post=102392"}],"version-history":[{"count":0,"href":"https:\/\/cdnoticias.com\/index.php\/wp-json\/wp\/v2\/posts\/102392\/revisions"}],"wp:featuredmedia":[{"embeddable":true,"href":"https:\/\/cdnoticias.com\/index.php\/wp-json\/wp\/v2\/media\/90031"}],"wp:attachment":[{"href":"https:\/\/cdnoticias.com\/index.php\/wp-json\/wp\/v2\/media?parent=102392"}],"wp:term":[{"taxonomy":"category","embeddable":true,"href":"https:\/\/cdnoticias.com\/index.php\/wp-json\/wp\/v2\/categories?post=102392"},{"taxonomy":"post_tag","embeddable":true,"href":"https:\/\/cdnoticias.com\/index.php\/wp-json\/wp\/v2\/tags?post=102392"}],"curies":[{"name":"wp","href":"https:\/\/api.w.org\/{rel}","templated":true}]}}