{"id":102380,"date":"2023-11-21T12:38:05","date_gmt":"2023-11-21T15:38:05","guid":{"rendered":"https:\/\/cdnoticias.com\/?p=102380"},"modified":"2023-11-21T12:38:07","modified_gmt":"2023-11-21T15:38:07","slug":"un-sector-de-la-ciudad-tendra-un-corte-de-luz-programado-este-miercoles","status":"publish","type":"post","link":"https:\/\/cdnoticias.com\/index.php\/2023\/11\/21\/un-sector-de-la-ciudad-tendra-un-corte-de-luz-programado-este-miercoles\/","title":{"rendered":"Un sector de la ciudad tendr\u00e1 un corte de luz programado este mi\u00e9rcoles"},"content":{"rendered":"\n<p>Ser\u00e1 por tareas de mantenimiento, seg\u00fan inform\u00f3 Coopelectric.<\/p>\n\n\n\n<hr class=\"wp-block-separator aligncenter has-alpha-channel-opacity\"\/>\n\n\n\n<p>Este martes, <strong>Coopelectric inform\u00f3 un corte de luz programado en un sector de la ciudad para realizar diversas tareas de mantenimiento.<\/strong><\/p>\n\n\n\n<p><strong>Ser\u00e1 este mi\u00e9rcoles de 08:00 a 12:00 horas <\/strong>en el sector comprendido entre <strong>avenida Avellaneda y calles Lamadrid, Rend\u00f3n y 25 de Mayo.<\/strong><\/p>\n\n\n\n<p>Se record\u00f3 que<strong> los trabajos pueden suspenderse si las condiciones clim\u00e1ticas son adversas<\/strong>, y se informar\u00e1 oportunamente dicha reprogramaci\u00f3n. \u00a0<\/p>\n","protected":false},"excerpt":{"rendered":"<p>Ser\u00e1 por tareas de mantenimiento, seg\u00fan inform\u00f3 Coopelectric. Este martes, Coopelectric inform\u00f3 un corte de luz programado en un sector<\/p>\n","protected":false},"author":2,"featured_media":100388,"comment_status":"closed","ping_status":"closed","sticky":false,"template":"","format":"standard","meta":{"_jetpack_memberships_contains_paid_content":false,"footnotes":""},"categories":[5,1],"tags":[],"class_list":["post-102380","post","type-post","status-publish","format-standard","has-post-thumbnail","hentry","category-informacion-general","category-portada"],"jetpack_featured_media_url":"https:\/\/i0.wp.com\/cdnoticias.com\/wp-content\/uploads\/2023\/10\/coopelectric-camion1.webp?fit=800%2C445&ssl=1","jetpack_sharing_enabled":true,"_links":{"self":[{"href":"https:\/\/cdnoticias.com\/index.php\/wp-json\/wp\/v2\/posts\/102380","targetHints":{"allow":["GET"]}}],"collection":[{"href":"https:\/\/cdnoticias.com\/index.php\/wp-json\/wp\/v2\/posts"}],"about":[{"href":"https:\/\/cdnoticias.com\/index.php\/wp-json\/wp\/v2\/types\/post"}],"author":[{"embeddable":true,"href":"https:\/\/cdnoticias.com\/index.php\/wp-json\/wp\/v2\/users\/2"}],"replies":[{"embeddable":true,"href":"https:\/\/cdnoticias.com\/index.php\/wp-json\/wp\/v2\/comments?post=102380"}],"version-history":[{"count":0,"href":"https:\/\/cdnoticias.com\/index.php\/wp-json\/wp\/v2\/posts\/102380\/revisions"}],"wp:featuredmedia":[{"embeddable":true,"href":"https:\/\/cdnoticias.com\/index.php\/wp-json\/wp\/v2\/media\/100388"}],"wp:attachment":[{"href":"https:\/\/cdnoticias.com\/index.php\/wp-json\/wp\/v2\/media?parent=102380"}],"wp:term":[{"taxonomy":"category","embeddable":true,"href":"https:\/\/cdnoticias.com\/index.php\/wp-json\/wp\/v2\/categories?post=102380"},{"taxonomy":"post_tag","embeddable":true,"href":"https:\/\/cdnoticias.com\/index.php\/wp-json\/wp\/v2\/tags?post=102380"}],"curies":[{"name":"wp","href":"https:\/\/api.w.org\/{rel}","templated":true}]}}