{"id":102372,"date":"2023-11-21T12:12:33","date_gmt":"2023-11-21T15:12:33","guid":{"rendered":"https:\/\/cdnoticias.com\/?p=102372"},"modified":"2023-11-21T16:36:36","modified_gmt":"2023-11-21T19:36:36","slug":"acompanar-y-prevenir-el-apoyo-de-la-sociedad-rural-de-olavarria-a-sus-pares-de-azul","status":"publish","type":"post","link":"https:\/\/cdnoticias.com\/index.php\/2023\/11\/21\/acompanar-y-prevenir-el-apoyo-de-la-sociedad-rural-de-olavarria-a-sus-pares-de-azul\/","title":{"rendered":"\u201cAcompa\u00f1ar y prevenir\u201d el apoyo de la Sociedad Rural de Olavarr\u00eda a sus pares de Azul"},"content":{"rendered":"<p>Estuvieron en las actividades de reclamo ante la suba de tasas para el sector rural azule\u00f1o. \u201cSin indicios\u201d de un escenario similar en Olavarr\u00eda. Caminos rurales, seguridad y tucura, los temas locales a dialogar con Wesner: esperan definiciones en el corto plazo.<!--more--><\/p>\n<hr \/>\n<p>Entre el jueves y el viernes se desarrollaron <strong>en Azul<\/strong> movimientos vecinales en <strong>rechazo a la decisi\u00f3n del gobierno local de aumentar tasas y crear una nueva tasa que implicar\u00e1 aumento de la presi\u00f3n impositiva sobre el sector rural y urbano<\/strong>. La Sociedad Rural de Azul fue una de las instituciones que lider\u00f3 la movilizaci\u00f3n y, en ese sentido, <strong>recibi\u00f3 el apoyo de la Sociedad Rural de Olavarr\u00eda (SRO)<\/strong>.<\/p>\n<p>&nbsp;<\/p>\n<p><strong>Central de Noticias<\/strong> dialog\u00f3 sobre el tema con <strong>Daniel Ai\u00e7aguer, vicepresidente de SRO<\/strong> y uno de los asistentes al encuentro en Azul. Defini\u00f3 la participaci\u00f3n con los objetivos de<strong> \u201cacompa\u00f1ar y prevenir\u201d<\/strong> y aclar\u00f3 que, en principio, <strong>\u201cno hay indicios\u201d de que una situaci\u00f3n similar se de en Olavarr\u00eda<\/strong> en funci\u00f3n de contactos con el intendente electo, Maximiliano Wesner.<\/p>\n<p>&nbsp;<\/p>\n<p>Por otro lado, en cuanto a la labor institucional del a\u00f1o destac\u00f3 los<strong> avances logrados en materia de seguridad y caminos rurales<\/strong>. Adem\u00e1s, plante\u00f3 la necesidad de hablar sobre esos aspectos con Wesner con el objetivo de <strong>asegurar la continuidad de la modalidad de trabajo<\/strong>. En ese contexto, consider\u00f3 clave la definici\u00f3n de <strong>qui\u00e9n estar\u00e1 al frente del \u00e1rea de seguridad municipal<\/strong>.<\/p>\n<p>&nbsp;<\/p>\n<p>El tema m\u00e1s urgente a definirse en lo local es la <strong>fumigaci\u00f3n contra la tucura<\/strong> que anualmente se concreta en el inicio de cada a\u00f1o y para cuya financiaci\u00f3n se aprueba la tasa hacia fin de a\u00f1o: <strong>hasta ahora no tuvieron novedades de lo que suceder\u00e1 en esta oportunidad.<\/strong> Daniel Ai\u00e7aguer remarc\u00f3 que <strong>\u201chay que reunirse porque con el tema inflacionario, con la tasa siempre estamos corriendo de atr\u00e1s\u201d<\/strong>.<\/p>\n<p>&nbsp;<\/p>\n<figure id=\"attachment_102374\" aria-describedby=\"caption-attachment-102374\" style=\"width: 948px\" class=\"wp-caption aligncenter\"><img data-recalc-dims=\"1\" loading=\"lazy\" decoding=\"async\" class=\"wp-image-102374 size-full\" src=\"https:\/\/i0.wp.com\/cdnoticias.com\/wp-content\/uploads\/2023\/11\/diario-el-tiempo-azul-manifestacion-0.jpeg?resize=800%2C450&#038;ssl=1\" alt=\"\" width=\"800\" height=\"450\" srcset=\"https:\/\/i0.wp.com\/cdnoticias.com\/wp-content\/uploads\/2023\/11\/diario-el-tiempo-azul-manifestacion-0.jpeg?w=948&amp;ssl=1 948w, https:\/\/i0.wp.com\/cdnoticias.com\/wp-content\/uploads\/2023\/11\/diario-el-tiempo-azul-manifestacion-0.jpeg?resize=300%2C169&amp;ssl=1 300w, https:\/\/i0.wp.com\/cdnoticias.com\/wp-content\/uploads\/2023\/11\/diario-el-tiempo-azul-manifestacion-0.jpeg?resize=768%2C432&amp;ssl=1 768w\" sizes=\"auto, (max-width: 800px) 100vw, 800px\" \/><figcaption id=\"caption-attachment-102374\" class=\"wp-caption-text\">Fotos: Diario El Tiempo de Azul<\/figcaption><\/figure>\n<p>&nbsp;<\/p>\n<p><em>-\u00bfC\u00f3mo estuvo la reuni\u00f3n en Azul y cu\u00e1l fue la intenci\u00f3n de la SRO de participar?<\/em><\/p>\n<p>&nbsp;<\/p>\n<p>&#8211;<strong>La decisi\u00f3n de Olavarr\u00eda fue acompa\u00f1ar de acompa\u00f1ar y de prevenir de alguna manera alg\u00fan efecto contagioso<\/strong> en el resto de las rurales de la provincia. Estas estas decisiones que toman algunos pol\u00edticos<strong> dan un poco de miedo que se repliquen<\/strong> si no hacemos nada. Como pas\u00f3 en su momento con la con la 125 en 2008. La decisi\u00f3n fue acompa\u00f1ar, dar fuerza y nada. Y por el lado nuestro,<strong> el d\u00eda de ma\u00f1ana tratar de que no pase algo parecido ac\u00e1 en Olavarr\u00eda<\/strong>.<\/p>\n<p>&nbsp;<\/p>\n<p><em>-En esto de acompa\u00f1ar y dar fuerza, \u00bfc\u00f3mo vieron la situaci\u00f3n en Azul? \u00bfHay posibilidades reales de revertir una decisi\u00f3n que aparentemente ya parece tomada y encaminada?<\/em><\/p>\n<p>&nbsp;<\/p>\n<p>La decisi\u00f3n parece tomada. <strong>Este martes se vota en el Concejo<\/strong>. De alguna manera <strong>a la Rural local le dio mucha fuerza la cantidad de gente, m\u00e1s de 700 personas<\/strong>, gente en la calle, en la vereda, en el patio de la rural de Azul. Estaba lleno. Al otro d\u00eda fueron a la Municipalidad, much\u00edsima gente bajo la lluvia. La decisi\u00f3n parecer\u00eda que est\u00e1 tomada, el tema es que el Municipio de Azul tiene un agujero negro en la caja dif\u00edcil de revertir<strong>. Como siempre pasa con todos los pol\u00edticos, con los \u00faltimos a\u00f1os en Argentina, en vez de usar la cabeza, el cerebro y la inteligencia para tratar de conseguir plata para tapar ese d\u00e9ficit que ellos mismos generan, hay que sac\u00e1rselo a la gente, en este caso al campo y a la ciudad.<\/strong> Porque no solo al campo que le est\u00e1n sacando un litro de gasoil por hect\u00e1rea, sino que a la ciudad est\u00e1n sacando dos litros de gasolina por frentista.<\/p>\n<p>&nbsp;<\/p>\n<p><em>-Y respecto de esto que me dec\u00eds de prevenci\u00f3n, \u00bfUstedes tienen alg\u00fan indicio de que algo as\u00ed puede pasar en Olavarr\u00eda?<\/em><\/p>\n<p>&nbsp;<\/p>\n<blockquote><p>\nNo, indicios no tenemos nada. Nosotros hemos tenido reuniones previas a las elecciones con el intendente electo, no hay nada que indique que esto puede pasar. Pero bueno, Azul tampoco le indicaba que eso pod\u00eda pasar y sin embargo pas\u00f3. Es una cuesti\u00f3n de acompa\u00f1ar. Son vecinos nuestros, estamos juntos en un mont\u00f3n de otras actividades. Hay gente joven laburando en la Rural de Azul, mucha gente joven nueva trabajando en la Rural de Olavarr\u00eda. As\u00ed que la idea es trabajar juntos.<\/p><\/blockquote>\n<p>&nbsp;<\/p>\n<blockquote class=\"instagram-media\" data-instgrm-permalink=\"https:\/\/www.instagram.com\/reel\/CzvwaUjOsGy\/?utm_source=ig_embed&amp;utm_campaign=loading\" data-instgrm-version=\"14\" style=\" background:#FFF; border:0; border-radius:3px; box-shadow:0 0 1px 0 rgba(0,0,0,0.5),0 1px 10px 0 rgba(0,0,0,0.15); margin: 1px; max-width:540px; min-width:326px; padding:0; width:99.375%; width:-webkit-calc(100% - 2px); width:calc(100% - 2px);\">\n<div style=\"padding:16px;\"> <a href=\"https:\/\/www.instagram.com\/reel\/CzvwaUjOsGy\/?utm_source=ig_embed&amp;utm_campaign=loading\" style=\" background:#FFFFFF; line-height:0; padding:0 0; text-align:center; text-decoration:none; width:100%;\" target=\"_blank\" rel=\"noopener\"> <\/p>\n<div style=\" display: flex; flex-direction: row; align-items: center;\">\n<div style=\"background-color: #F4F4F4; border-radius: 50%; flex-grow: 0; height: 40px; margin-right: 14px; width: 40px;\"><\/div>\n<div style=\"display: flex; flex-direction: column; flex-grow: 1; justify-content: center;\">\n<div style=\" background-color: #F4F4F4; border-radius: 4px; flex-grow: 0; height: 14px; margin-bottom: 6px; width: 100px;\"><\/div>\n<div style=\" background-color: #F4F4F4; border-radius: 4px; flex-grow: 0; height: 14px; width: 60px;\"><\/div>\n<\/div>\n<\/div>\n<div style=\"padding: 19% 0;\"><\/div>\n<div style=\"display:block; height:50px; margin:0 auto 12px; width:50px;\"><svg width=\"50px\" height=\"50px\" viewBox=\"0 0 60 60\" version=\"1.1\" xmlns=\"https:\/\/www.w3.org\/2000\/svg\" xmlns:xlink=\"https:\/\/www.w3.org\/1999\/xlink\"><g stroke=\"none\" stroke-width=\"1\" fill=\"none\" fill-rule=\"evenodd\"><g transform=\"translate(-511.000000, -20.000000)\" fill=\"#000000\"><g><path d=\"M556.869,30.41 C554.814,30.41 553.148,32.076 553.148,34.131 C553.148,36.186 554.814,37.852 556.869,37.852 C558.924,37.852 560.59,36.186 560.59,34.131 C560.59,32.076 558.924,30.41 556.869,30.41 M541,60.657 C535.114,60.657 530.342,55.887 530.342,50 C530.342,44.114 535.114,39.342 541,39.342 C546.887,39.342 551.658,44.114 551.658,50 C551.658,55.887 546.887,60.657 541,60.657 M541,33.886 C532.1,33.886 524.886,41.1 524.886,50 C524.886,58.899 532.1,66.113 541,66.113 C549.9,66.113 557.115,58.899 557.115,50 C557.115,41.1 549.9,33.886 541,33.886 M565.378,62.101 C565.244,65.022 564.756,66.606 564.346,67.663 C563.803,69.06 563.154,70.057 562.106,71.106 C561.058,72.155 560.06,72.803 558.662,73.347 C557.607,73.757 556.021,74.244 553.102,74.378 C549.944,74.521 548.997,74.552 541,74.552 C533.003,74.552 532.056,74.521 528.898,74.378 C525.979,74.244 524.393,73.757 523.338,73.347 C521.94,72.803 520.942,72.155 519.894,71.106 C518.846,70.057 518.197,69.06 517.654,67.663 C517.244,66.606 516.755,65.022 516.623,62.101 C516.479,58.943 516.448,57.996 516.448,50 C516.448,42.003 516.479,41.056 516.623,37.899 C516.755,34.978 517.244,33.391 517.654,32.338 C518.197,30.938 518.846,29.942 519.894,28.894 C520.942,27.846 521.94,27.196 523.338,26.654 C524.393,26.244 525.979,25.756 528.898,25.623 C532.057,25.479 533.004,25.448 541,25.448 C548.997,25.448 549.943,25.479 553.102,25.623 C556.021,25.756 557.607,26.244 558.662,26.654 C560.06,27.196 561.058,27.846 562.106,28.894 C563.154,29.942 563.803,30.938 564.346,32.338 C564.756,33.391 565.244,34.978 565.378,37.899 C565.522,41.056 565.552,42.003 565.552,50 C565.552,57.996 565.522,58.943 565.378,62.101 M570.82,37.631 C570.674,34.438 570.167,32.258 569.425,30.349 C568.659,28.377 567.633,26.702 565.965,25.035 C564.297,23.368 562.623,22.342 560.652,21.575 C558.743,20.834 556.562,20.326 553.369,20.18 C550.169,20.033 549.148,20 541,20 C532.853,20 531.831,20.033 528.631,20.18 C525.438,20.326 523.257,20.834 521.349,21.575 C519.376,22.342 517.703,23.368 516.035,25.035 C514.368,26.702 513.342,28.377 512.574,30.349 C511.834,32.258 511.326,34.438 511.181,37.631 C511.035,40.831 511,41.851 511,50 C511,58.147 511.035,59.17 511.181,62.369 C511.326,65.562 511.834,67.743 512.574,69.651 C513.342,71.625 514.368,73.296 516.035,74.965 C517.703,76.634 519.376,77.658 521.349,78.425 C523.257,79.167 525.438,79.673 528.631,79.82 C531.831,79.965 532.853,80.001 541,80.001 C549.148,80.001 550.169,79.965 553.369,79.82 C556.562,79.673 558.743,79.167 560.652,78.425 C562.623,77.658 564.297,76.634 565.965,74.965 C567.633,73.296 568.659,71.625 569.425,69.651 C570.167,67.743 570.674,65.562 570.82,62.369 C570.966,59.17 571,58.147 571,50 C571,41.851 570.966,40.831 570.82,37.631\"><\/path><\/g><\/g><\/g><\/svg><\/div>\n<div style=\"padding-top: 8px;\">\n<div style=\" color:#3897f0; font-family:Arial,sans-serif; font-size:14px; font-style:normal; font-weight:550; line-height:18px;\">Ver esta publicaci\u00f3n en Instagram<\/div>\n<\/div>\n<div style=\"padding: 12.5% 0;\"><\/div>\n<div style=\"display: flex; flex-direction: row; margin-bottom: 14px; align-items: center;\">\n<div>\n<div style=\"background-color: #F4F4F4; border-radius: 50%; height: 12.5px; width: 12.5px; transform: translateX(0px) translateY(7px);\"><\/div>\n<div style=\"background-color: #F4F4F4; height: 12.5px; transform: rotate(-45deg) translateX(3px) translateY(1px); width: 12.5px; flex-grow: 0; margin-right: 14px; margin-left: 2px;\"><\/div>\n<div style=\"background-color: #F4F4F4; border-radius: 50%; height: 12.5px; width: 12.5px; transform: translateX(9px) translateY(-18px);\"><\/div>\n<\/div>\n<div style=\"margin-left: 8px;\">\n<div style=\" background-color: #F4F4F4; border-radius: 50%; flex-grow: 0; height: 20px; width: 20px;\"><\/div>\n<div style=\" width: 0; height: 0; border-top: 2px solid transparent; border-left: 6px solid #f4f4f4; border-bottom: 2px solid transparent; transform: translateX(16px) translateY(-4px) rotate(30deg)\"><\/div>\n<\/div>\n<div style=\"margin-left: auto;\">\n<div style=\" width: 0px; border-top: 8px solid #F4F4F4; border-right: 8px solid transparent; transform: translateY(16px);\"><\/div>\n<div style=\" background-color: #F4F4F4; flex-grow: 0; height: 12px; width: 16px; transform: translateY(-4px);\"><\/div>\n<div style=\" width: 0; height: 0; border-top: 8px solid #F4F4F4; border-left: 8px solid transparent; transform: translateY(-4px) translateX(8px);\"><\/div>\n<\/div>\n<\/div>\n<div style=\"display: flex; flex-direction: column; flex-grow: 1; justify-content: center; margin-bottom: 24px;\">\n<div style=\" background-color: #F4F4F4; border-radius: 4px; flex-grow: 0; height: 14px; margin-bottom: 6px; width: 224px;\"><\/div>\n<div style=\" background-color: #F4F4F4; border-radius: 4px; flex-grow: 0; height: 14px; width: 144px;\"><\/div>\n<\/div>\n<p><\/a><\/p>\n<p style=\" color:#c9c8cd; font-family:Arial,sans-serif; font-size:14px; line-height:17px; margin-bottom:0; margin-top:8px; overflow:hidden; padding:8px 0 7px; text-align:center; text-overflow:ellipsis; white-space:nowrap;\"><a href=\"https:\/\/www.instagram.com\/reel\/CzvwaUjOsGy\/?utm_source=ig_embed&amp;utm_campaign=loading\" style=\" color:#c9c8cd; font-family:Arial,sans-serif; font-size:14px; font-style:normal; font-weight:normal; line-height:17px; text-decoration:none;\" target=\"_blank\" rel=\"noopener\">Una publicaci\u00f3n compartida por Sociedad Rural Olavarria Sro (@sociedadruralolavarria)<\/a><\/p>\n<\/div>\n<\/blockquote>\n<p> <script async src=\"\/\/www.instagram.com\/embed.js\"><\/script><\/p>\n<p>&nbsp;<\/p>\n<p><em>-\u00bfCarbap tambi\u00e9n se sum\u00f3 en acompa\u00f1amiento?<\/em><\/p>\n<p>&nbsp;<\/p>\n<p>S\u00ed, en realidad estaban todas las entidades. La Federaci\u00f3n Agraria, Carbap, Sociedad Rural Argentina. La verdad que lo que va a pasar en Azul es algo parecido a lo que pas\u00f3 en Laprida. Por eso la idea de acompa\u00f1ar. Frenemos esto a tiempo. Yo creo que<strong> la ordenanza se va a votar pero los concejales que entran el 10 de diciembre ya entran con un problemita en la espalda que ellos no generaron<\/strong>. El intendente saliente hizo mal las cosas hizo, mal las cuentas y siempre tiene que pagar a la gente. Es una cosa inaudita que en este pa\u00eds,<strong> siempre de los malos manejos de los pol\u00edticos ellos salen ilesos<\/strong>. El 10 de diciembre se van a su casa, se van de vacaciones y la gente tiene que pagar el agujero negro y las malas decisiones que toman los pol\u00edticos. Alguien de alguna manera tiene que pagarlo, judicialmente se va a ir en contra de los concejales que voten esto. Eso es lo que se habl\u00f3 en la asamblea. As\u00ed que no la tienen tan f\u00e1cil. <strong>Con la decisi\u00f3n del pa\u00eds en las elecciones del domingo tampoco es muy alentador que sigan con esto adelante<\/strong>.<\/p>\n<p>&nbsp;<\/p>\n<p>&#8211;<em>Ya pensando en el fin de a\u00f1o \u00bfQu\u00e9 balance hacen desde la SRO de Olavarr\u00eda?<\/em><\/p>\n<p>&nbsp;<\/p>\n<p>Bien. Se ha trabajado mucho. <strong>Se sigui\u00f3 trabajando mucho en lo que m\u00e1s nos incumbe a nosotros que son caminos rurales. Seguridad tambi\u00e9n.<\/strong> Se ha logrado poblar la Patrulla Rural que ven\u00edamos con un d\u00e9ficit de personal, se han tra\u00eddo patrulleros nuevos por pedidos de la misma rural. En cuanto a caminos rurales se trabaj\u00f3 en conjunto con el Municipio. <strong>Vamos a pedir la semana que viene si es posible una reuni\u00f3n con el intendente electo para ver de qu\u00e9 manera seguimos trabajando en las dos \u00e1reas.<\/strong> Hay otros puntos que tenemos que ver de qu\u00e9 manera y qui\u00e9n va a quedar de secretario de Seguridad. El <strong>Consejo de Seguridad<\/strong> es una mesa que trabaja muy bien hace a\u00f1os con el Ministerio P\u00fablico Fiscal, las fuerzas policiales, los barrios. Hay que ver de qu\u00e9 manera y qui\u00e9n va a articular esa reuni\u00f3n, <strong>qui\u00e9n es la persona indicada para que no se corte porque la verdad que se han logrado much\u00edsimas cosas y ser\u00eda bueno que la persona que est\u00e9 ah\u00ed sea una persona af\u00edn al trabajo que se viene haciendo.<\/strong><\/p>\n<p>&nbsp;<\/p>\n<p><em>-\u00bfY sobre caminos?<\/em><\/p>\n<p>&nbsp;<\/p>\n<p>En cuanto a caminos rurales, lo mismo.<strong> Ya tuvimos una reuni\u00f3n anterior con Wesner<\/strong> y la idea es seguir trabajando de la misma manera. <strong>Hay que ver el tema de la Comisi\u00f3n de Plagas, de qu\u00e9 manera se sigue trabajando con el tema de tucura<\/strong>. Que todo lo bien que se ha hecho hasta ahora no lo tiremos por la borda, no dejemos eso de lado y otra vez la tucura invada Olavarr\u00eda. Se han logrado much\u00edsimas cosas, entonces <strong>hay que tratar ahora en esta transici\u00f3n ver de qu\u00e9 manera seguimos trabajando de la misma manera o mejorando.<\/strong><\/p>\n<p>&nbsp;<\/p>\n<p>&#8211;<em>El tema de plagas siempre la tasa se aprueba sobre fin de a\u00f1o para el trabajo que se hace durante el verano. \u00bfEl actual intendente o el intendente electo ya han planteado el cobro y costo de la tasa?<\/em><\/p>\n<p>&nbsp;<\/p>\n<blockquote><p>\nNo. Hay que reunirse porque con el tema inflacionario con la tasa siempre estamos corriendo de atr\u00e1s. Los productos, los insecticidas que se usan para combatir, se van comprando con tiempo y la verdad que ahora con la inflaci\u00f3n siempre se viene corriendo de atr\u00e1s con ese tema. Y no es lo mismo que el a\u00f1o pasado ni que a\u00f1os anteriores. Hay que acomodar muchas cosas. Necesitamos esa reuni\u00f3n para esos tres o cuatro puntos fundamentales.<\/p><\/blockquote>\n<p>&nbsp;<\/p>\n<blockquote class=\"instagram-media\" data-instgrm-permalink=\"https:\/\/www.instagram.com\/p\/CztFdcKOfRd\/?utm_source=ig_embed&amp;utm_campaign=loading\" data-instgrm-version=\"14\" style=\" background:#FFF; border:0; border-radius:3px; box-shadow:0 0 1px 0 rgba(0,0,0,0.5),0 1px 10px 0 rgba(0,0,0,0.15); margin: 1px; max-width:540px; min-width:326px; padding:0; width:99.375%; width:-webkit-calc(100% - 2px); width:calc(100% - 2px);\">\n<div style=\"padding:16px;\"> <a href=\"https:\/\/www.instagram.com\/p\/CztFdcKOfRd\/?utm_source=ig_embed&amp;utm_campaign=loading\" style=\" background:#FFFFFF; line-height:0; padding:0 0; text-align:center; text-decoration:none; width:100%;\" target=\"_blank\" rel=\"noopener\"> <\/p>\n<div style=\" display: flex; flex-direction: row; align-items: center;\">\n<div style=\"background-color: #F4F4F4; border-radius: 50%; flex-grow: 0; height: 40px; margin-right: 14px; width: 40px;\"><\/div>\n<div style=\"display: flex; flex-direction: column; flex-grow: 1; justify-content: center;\">\n<div style=\" background-color: #F4F4F4; border-radius: 4px; flex-grow: 0; height: 14px; margin-bottom: 6px; width: 100px;\"><\/div>\n<div style=\" background-color: #F4F4F4; border-radius: 4px; flex-grow: 0; height: 14px; width: 60px;\"><\/div>\n<\/div>\n<\/div>\n<div style=\"padding: 19% 0;\"><\/div>\n<div style=\"display:block; height:50px; margin:0 auto 12px; width:50px;\"><svg width=\"50px\" height=\"50px\" viewBox=\"0 0 60 60\" version=\"1.1\" xmlns=\"https:\/\/www.w3.org\/2000\/svg\" xmlns:xlink=\"https:\/\/www.w3.org\/1999\/xlink\"><g stroke=\"none\" stroke-width=\"1\" fill=\"none\" fill-rule=\"evenodd\"><g transform=\"translate(-511.000000, -20.000000)\" fill=\"#000000\"><g><path d=\"M556.869,30.41 C554.814,30.41 553.148,32.076 553.148,34.131 C553.148,36.186 554.814,37.852 556.869,37.852 C558.924,37.852 560.59,36.186 560.59,34.131 C560.59,32.076 558.924,30.41 556.869,30.41 M541,60.657 C535.114,60.657 530.342,55.887 530.342,50 C530.342,44.114 535.114,39.342 541,39.342 C546.887,39.342 551.658,44.114 551.658,50 C551.658,55.887 546.887,60.657 541,60.657 M541,33.886 C532.1,33.886 524.886,41.1 524.886,50 C524.886,58.899 532.1,66.113 541,66.113 C549.9,66.113 557.115,58.899 557.115,50 C557.115,41.1 549.9,33.886 541,33.886 M565.378,62.101 C565.244,65.022 564.756,66.606 564.346,67.663 C563.803,69.06 563.154,70.057 562.106,71.106 C561.058,72.155 560.06,72.803 558.662,73.347 C557.607,73.757 556.021,74.244 553.102,74.378 C549.944,74.521 548.997,74.552 541,74.552 C533.003,74.552 532.056,74.521 528.898,74.378 C525.979,74.244 524.393,73.757 523.338,73.347 C521.94,72.803 520.942,72.155 519.894,71.106 C518.846,70.057 518.197,69.06 517.654,67.663 C517.244,66.606 516.755,65.022 516.623,62.101 C516.479,58.943 516.448,57.996 516.448,50 C516.448,42.003 516.479,41.056 516.623,37.899 C516.755,34.978 517.244,33.391 517.654,32.338 C518.197,30.938 518.846,29.942 519.894,28.894 C520.942,27.846 521.94,27.196 523.338,26.654 C524.393,26.244 525.979,25.756 528.898,25.623 C532.057,25.479 533.004,25.448 541,25.448 C548.997,25.448 549.943,25.479 553.102,25.623 C556.021,25.756 557.607,26.244 558.662,26.654 C560.06,27.196 561.058,27.846 562.106,28.894 C563.154,29.942 563.803,30.938 564.346,32.338 C564.756,33.391 565.244,34.978 565.378,37.899 C565.522,41.056 565.552,42.003 565.552,50 C565.552,57.996 565.522,58.943 565.378,62.101 M570.82,37.631 C570.674,34.438 570.167,32.258 569.425,30.349 C568.659,28.377 567.633,26.702 565.965,25.035 C564.297,23.368 562.623,22.342 560.652,21.575 C558.743,20.834 556.562,20.326 553.369,20.18 C550.169,20.033 549.148,20 541,20 C532.853,20 531.831,20.033 528.631,20.18 C525.438,20.326 523.257,20.834 521.349,21.575 C519.376,22.342 517.703,23.368 516.035,25.035 C514.368,26.702 513.342,28.377 512.574,30.349 C511.834,32.258 511.326,34.438 511.181,37.631 C511.035,40.831 511,41.851 511,50 C511,58.147 511.035,59.17 511.181,62.369 C511.326,65.562 511.834,67.743 512.574,69.651 C513.342,71.625 514.368,73.296 516.035,74.965 C517.703,76.634 519.376,77.658 521.349,78.425 C523.257,79.167 525.438,79.673 528.631,79.82 C531.831,79.965 532.853,80.001 541,80.001 C549.148,80.001 550.169,79.965 553.369,79.82 C556.562,79.673 558.743,79.167 560.652,78.425 C562.623,77.658 564.297,76.634 565.965,74.965 C567.633,73.296 568.659,71.625 569.425,69.651 C570.167,67.743 570.674,65.562 570.82,62.369 C570.966,59.17 571,58.147 571,50 C571,41.851 570.966,40.831 570.82,37.631\"><\/path><\/g><\/g><\/g><\/svg><\/div>\n<div style=\"padding-top: 8px;\">\n<div style=\" color:#3897f0; font-family:Arial,sans-serif; font-size:14px; font-style:normal; font-weight:550; line-height:18px;\">Ver esta publicaci\u00f3n en Instagram<\/div>\n<\/div>\n<div style=\"padding: 12.5% 0;\"><\/div>\n<div style=\"display: flex; flex-direction: row; margin-bottom: 14px; align-items: center;\">\n<div>\n<div style=\"background-color: #F4F4F4; border-radius: 50%; height: 12.5px; width: 12.5px; transform: translateX(0px) translateY(7px);\"><\/div>\n<div style=\"background-color: #F4F4F4; height: 12.5px; transform: rotate(-45deg) translateX(3px) translateY(1px); width: 12.5px; flex-grow: 0; margin-right: 14px; margin-left: 2px;\"><\/div>\n<div style=\"background-color: #F4F4F4; border-radius: 50%; height: 12.5px; width: 12.5px; transform: translateX(9px) translateY(-18px);\"><\/div>\n<\/div>\n<div style=\"margin-left: 8px;\">\n<div style=\" background-color: #F4F4F4; border-radius: 50%; flex-grow: 0; height: 20px; width: 20px;\"><\/div>\n<div style=\" width: 0; height: 0; border-top: 2px solid transparent; border-left: 6px solid #f4f4f4; border-bottom: 2px solid transparent; transform: translateX(16px) translateY(-4px) rotate(30deg)\"><\/div>\n<\/div>\n<div style=\"margin-left: auto;\">\n<div style=\" width: 0px; border-top: 8px solid #F4F4F4; border-right: 8px solid transparent; transform: translateY(16px);\"><\/div>\n<div style=\" background-color: #F4F4F4; flex-grow: 0; height: 12px; width: 16px; transform: translateY(-4px);\"><\/div>\n<div style=\" width: 0; height: 0; border-top: 8px solid #F4F4F4; border-left: 8px solid transparent; transform: translateY(-4px) translateX(8px);\"><\/div>\n<\/div>\n<\/div>\n<div style=\"display: flex; flex-direction: column; flex-grow: 1; justify-content: center; margin-bottom: 24px;\">\n<div style=\" background-color: #F4F4F4; border-radius: 4px; flex-grow: 0; height: 14px; margin-bottom: 6px; width: 224px;\"><\/div>\n<div style=\" background-color: #F4F4F4; border-radius: 4px; flex-grow: 0; height: 14px; width: 144px;\"><\/div>\n<\/div>\n<p><\/a><\/p>\n<p style=\" color:#c9c8cd; font-family:Arial,sans-serif; font-size:14px; line-height:17px; margin-bottom:0; margin-top:8px; overflow:hidden; padding:8px 0 7px; text-align:center; text-overflow:ellipsis; white-space:nowrap;\"><a href=\"https:\/\/www.instagram.com\/p\/CztFdcKOfRd\/?utm_source=ig_embed&amp;utm_campaign=loading\" style=\" color:#c9c8cd; font-family:Arial,sans-serif; font-size:14px; font-style:normal; font-weight:normal; line-height:17px; text-decoration:none;\" target=\"_blank\" rel=\"noopener\">Una publicaci\u00f3n compartida por Sociedad Rural Olavarria Sro (@sociedadruralolavarria)<\/a><\/p>\n<\/div>\n<\/blockquote>\n<p> <script async src=\"\/\/www.instagram.com\/embed.js\"><\/script><\/p>\n<p>&nbsp;<\/p>\n<p>&#8211;<em>Otro tema que se hab\u00eda planteado desde la Sociedad Rural era el <a href=\"https:\/\/cdnoticias.com\/index.php\/2023\/06\/04\/en-olavarria-faltan-lavaderos-de-camiones-de-hacienda-preocupacion-de-la-sociedad-rural\/\" target=\"_blank\" rel=\"noopener\">lavado de camiones de transporte de hacienda<\/a>. \u00bfAlgo se pudo avanzar con eso? \u00bfSigue el mismo problema?<\/em><\/p>\n<p>&nbsp;<\/p>\n<p>S\u00ed, el problema est\u00e1. Senasa exige que tiene que haber un lavadero de camiones. Es l\u00f3gico. No pueden andar los camiones sucios por toda la ciudad. As\u00ed que se est\u00e1 <strong>trabajando en conjunto con la Cooperativa Agraria<\/strong>. Estamos averiguando a ver cu\u00e1l es la mejor opci\u00f3n, siempre la limitante es la financiaci\u00f3n de la obra. Pero algo de eso <strong>se habl\u00f3 con Maximiliano Wesner<\/strong> tambi\u00e9n. <strong>El Estado exige que haya un lavadero de camiones, de alguna manera deber\u00eda financiar esa obra<\/strong> y despu\u00e9s que la siga un privado, la Cooperativa, la Rural, quien sea. Pero es muy dif\u00edcil afrontar una obra de esa magnitud. Estamos viendo de qu\u00e9 manera podemos solucionar el problema.<\/p>\n<p>&nbsp;<\/p>\n","protected":false},"excerpt":{"rendered":"<p>Estuvieron en las actividades de reclamo ante la suba de tasas para el sector rural azule\u00f1o. \u201cSin indicios\u201d de un<\/p>\n","protected":false},"author":4,"featured_media":102373,"comment_status":"closed","ping_status":"closed","sticky":false,"template":"","format":"standard","meta":{"_jetpack_memberships_contains_paid_content":false,"footnotes":""},"categories":[5,1],"tags":[],"class_list":["post-102372","post","type-post","status-publish","format-standard","has-post-thumbnail","hentry","category-informacion-general","category-portada"],"jetpack_featured_media_url":"https:\/\/i0.wp.com\/cdnoticias.com\/wp-content\/uploads\/2023\/11\/diario-el-tiempo-azul-manifestacion-1.jpeg?fit=948%2C533&ssl=1","jetpack_sharing_enabled":true,"_links":{"self":[{"href":"https:\/\/cdnoticias.com\/index.php\/wp-json\/wp\/v2\/posts\/102372","targetHints":{"allow":["GET"]}}],"collection":[{"href":"https:\/\/cdnoticias.com\/index.php\/wp-json\/wp\/v2\/posts"}],"about":[{"href":"https:\/\/cdnoticias.com\/index.php\/wp-json\/wp\/v2\/types\/post"}],"author":[{"embeddable":true,"href":"https:\/\/cdnoticias.com\/index.php\/wp-json\/wp\/v2\/users\/4"}],"replies":[{"embeddable":true,"href":"https:\/\/cdnoticias.com\/index.php\/wp-json\/wp\/v2\/comments?post=102372"}],"version-history":[{"count":0,"href":"https:\/\/cdnoticias.com\/index.php\/wp-json\/wp\/v2\/posts\/102372\/revisions"}],"wp:featuredmedia":[{"embeddable":true,"href":"https:\/\/cdnoticias.com\/index.php\/wp-json\/wp\/v2\/media\/102373"}],"wp:attachment":[{"href":"https:\/\/cdnoticias.com\/index.php\/wp-json\/wp\/v2\/media?parent=102372"}],"wp:term":[{"taxonomy":"category","embeddable":true,"href":"https:\/\/cdnoticias.com\/index.php\/wp-json\/wp\/v2\/categories?post=102372"},{"taxonomy":"post_tag","embeddable":true,"href":"https:\/\/cdnoticias.com\/index.php\/wp-json\/wp\/v2\/tags?post=102372"}],"curies":[{"name":"wp","href":"https:\/\/api.w.org\/{rel}","templated":true}]}}