{"id":102368,"date":"2023-11-21T11:44:36","date_gmt":"2023-11-21T14:44:36","guid":{"rendered":"https:\/\/cdnoticias.com\/?p=102368"},"modified":"2023-11-21T12:14:42","modified_gmt":"2023-11-21T15:14:42","slug":"ultiman-detalles-para-la-realizacion-de-la-fiesta-de-olavarria","status":"publish","type":"post","link":"https:\/\/cdnoticias.com\/index.php\/2023\/11\/21\/ultiman-detalles-para-la-realizacion-de-la-fiesta-de-olavarria\/","title":{"rendered":"Ultiman detalles para la realizaci\u00f3n de la Fiesta de Olavarr\u00eda"},"content":{"rendered":"\n<p>Hubo un encuentro en el Parque Eseverri entre varios funcionarios y representantes de diversas \u00e1reas comunales. Un centenar de artesanos, 40 puestos de comida y shows desde las 17 horas.<\/p>\n\n\n\n<hr class=\"wp-block-separator aligncenter has-alpha-channel-opacity\"\/>\n\n\n\n<p>Este martes <strong>funcionarios de distintas \u00e1reas de gobierno del Municipio se reunieron para ultimar detalles de cara a una nueva fiesta por el aniversario de Olavarr\u00eda. <\/strong>El tradicional evento que este s\u00e1bado 25 de noviembre volver\u00e1 a tener al Parque \u201cHelios Eseverri\u201d como punto de encuentro y celebraci\u00f3n.<\/p>\n\n\n\n<p>Del encuentro, que se desarroll\u00f3 precisamente en el Parque Helios Eseverri, <strong>tomaron parte funcionarios y representantes de la Secretar\u00eda de Salud, la Secretar\u00eda de Desarrollo Econ\u00f3mico, Subsecretar\u00eda de Cultura y Educaci\u00f3n y las Direcciones de Defensa Civil, Control Urbano y Bromatolog\u00eda.<\/strong><\/p>\n\n\n\n<figure class=\"wp-block-image size-large\"><img data-recalc-dims=\"1\" loading=\"lazy\" decoding=\"async\" width=\"800\" height=\"534\" src=\"https:\/\/i0.wp.com\/cdnoticias.com\/wp-content\/uploads\/2023\/11\/Cultura-Organizacion-Fiesta-Aniversario-Olavarria-2-scaled-1.jpg?resize=800%2C534&#038;ssl=1\" alt=\"\" class=\"wp-image-102370\" srcset=\"https:\/\/i0.wp.com\/cdnoticias.com\/wp-content\/uploads\/2023\/11\/Cultura-Organizacion-Fiesta-Aniversario-Olavarria-2-scaled-1.jpg?resize=1024%2C684&amp;ssl=1 1024w, https:\/\/i0.wp.com\/cdnoticias.com\/wp-content\/uploads\/2023\/11\/Cultura-Organizacion-Fiesta-Aniversario-Olavarria-2-scaled-1.jpg?resize=300%2C201&amp;ssl=1 300w, https:\/\/i0.wp.com\/cdnoticias.com\/wp-content\/uploads\/2023\/11\/Cultura-Organizacion-Fiesta-Aniversario-Olavarria-2-scaled-1.jpg?resize=768%2C513&amp;ssl=1 768w, https:\/\/i0.wp.com\/cdnoticias.com\/wp-content\/uploads\/2023\/11\/Cultura-Organizacion-Fiesta-Aniversario-Olavarria-2-scaled-1.jpg?resize=1536%2C1027&amp;ssl=1 1536w, https:\/\/i0.wp.com\/cdnoticias.com\/wp-content\/uploads\/2023\/11\/Cultura-Organizacion-Fiesta-Aniversario-Olavarria-2-scaled-1.jpg?resize=2048%2C1369&amp;ssl=1 2048w, https:\/\/i0.wp.com\/cdnoticias.com\/wp-content\/uploads\/2023\/11\/Cultura-Organizacion-Fiesta-Aniversario-Olavarria-2-scaled-1.jpg?resize=272%2C182&amp;ssl=1 272w, https:\/\/i0.wp.com\/cdnoticias.com\/wp-content\/uploads\/2023\/11\/Cultura-Organizacion-Fiesta-Aniversario-Olavarria-2-scaled-1.jpg?w=1600&amp;ssl=1 1600w, https:\/\/i0.wp.com\/cdnoticias.com\/wp-content\/uploads\/2023\/11\/Cultura-Organizacion-Fiesta-Aniversario-Olavarria-2-scaled-1.jpg?w=2400&amp;ssl=1 2400w\" sizes=\"auto, (max-width: 800px) 100vw, 800px\" \/><\/figure>\n\n\n\n<blockquote class=\"wp-block-quote is-layout-flow wp-block-quote-is-layout-flow\">\n<p>En ese marco se detall\u00f3 que alrededor de un centenar de artesanos ser\u00e1n parte de la fiesta. A la par, se dispondr\u00e1n tambi\u00e9n alrededor de 40 puestos en el patio de comida, el cual quedar\u00e1 habilitado a partir del mediod\u00eda.<\/p>\n<\/blockquote>\n\n\n\n<p>En cuanto a los <strong>shows art\u00edsticos y musicales se inform\u00f3 que la actividad en el escenario principal comenzar\u00e1 alrededor de las 17 horas, con la presentaci\u00f3n de una decena de artistas y bandas.<\/strong><\/p>\n\n\n\n<p>No obstante,<strong> los cortes en la circulaci\u00f3n para permitir el normal y seguro arribo del p\u00fablico comenzar\u00e1n a partir de las 10 horas.<\/strong><\/p>\n","protected":false},"excerpt":{"rendered":"<p>Hubo un encuentro en el Parque Eseverri entre varios funcionarios y representantes de diversas \u00e1reas comunales. Un centenar de artesanos,<\/p>\n","protected":false},"author":2,"featured_media":102369,"comment_status":"closed","ping_status":"closed","sticky":false,"template":"","format":"standard","meta":{"_jetpack_memberships_contains_paid_content":false,"footnotes":""},"categories":[5,1],"tags":[],"class_list":["post-102368","post","type-post","status-publish","format-standard","has-post-thumbnail","hentry","category-informacion-general","category-portada"],"jetpack_featured_media_url":"https:\/\/i0.wp.com\/cdnoticias.com\/wp-content\/uploads\/2023\/11\/Cultura-Organizacion-Fiesta-Aniversario-Olavarria-3-scaled-1.jpg?fit=2560%2C1711&ssl=1","jetpack_sharing_enabled":true,"_links":{"self":[{"href":"https:\/\/cdnoticias.com\/index.php\/wp-json\/wp\/v2\/posts\/102368","targetHints":{"allow":["GET"]}}],"collection":[{"href":"https:\/\/cdnoticias.com\/index.php\/wp-json\/wp\/v2\/posts"}],"about":[{"href":"https:\/\/cdnoticias.com\/index.php\/wp-json\/wp\/v2\/types\/post"}],"author":[{"embeddable":true,"href":"https:\/\/cdnoticias.com\/index.php\/wp-json\/wp\/v2\/users\/2"}],"replies":[{"embeddable":true,"href":"https:\/\/cdnoticias.com\/index.php\/wp-json\/wp\/v2\/comments?post=102368"}],"version-history":[{"count":0,"href":"https:\/\/cdnoticias.com\/index.php\/wp-json\/wp\/v2\/posts\/102368\/revisions"}],"wp:featuredmedia":[{"embeddable":true,"href":"https:\/\/cdnoticias.com\/index.php\/wp-json\/wp\/v2\/media\/102369"}],"wp:attachment":[{"href":"https:\/\/cdnoticias.com\/index.php\/wp-json\/wp\/v2\/media?parent=102368"}],"wp:term":[{"taxonomy":"category","embeddable":true,"href":"https:\/\/cdnoticias.com\/index.php\/wp-json\/wp\/v2\/categories?post=102368"},{"taxonomy":"post_tag","embeddable":true,"href":"https:\/\/cdnoticias.com\/index.php\/wp-json\/wp\/v2\/tags?post=102368"}],"curies":[{"name":"wp","href":"https:\/\/api.w.org\/{rel}","templated":true}]}}