{"id":102328,"date":"2023-11-20T17:28:03","date_gmt":"2023-11-20T20:28:03","guid":{"rendered":"https:\/\/cdnoticias.com\/?p=102328"},"modified":"2023-11-20T17:28:05","modified_gmt":"2023-11-20T20:28:05","slug":"kicillof-felicito-a-milei-y-hablo-del-compromiso-irrestricto-con-la-memoria","status":"publish","type":"post","link":"https:\/\/cdnoticias.com\/index.php\/2023\/11\/20\/kicillof-felicito-a-milei-y-hablo-del-compromiso-irrestricto-con-la-memoria\/","title":{"rendered":"Kicillof felicit\u00f3 a Milei y habl\u00f3 del \u201ccompromiso irrestricto con la memoria\u201d"},"content":{"rendered":"\n<p>El mandatario bonaerense dej\u00f3 este lunes por la madrugada un mensaje a trav\u00e9s de las redes sociales.<\/p>\n\n\n\n<hr class=\"wp-block-separator aligncenter has-alpha-channel-opacity\"\/>\n\n\n\n<p><br>El gobernador bonaerense <strong>Axel Kicillof felicit\u00f3 al presidente libertario electo Javier Milei <\/strong>a trav\u00e9s de la red social X y habl\u00f3 del \u201c<strong><em>compromiso irrestricto con la memoria, la verdad y la justicia\u201d.<\/em><\/strong><\/p>\n\n\n\n<p><br>\u201cHoy el pueblo argentino vot\u00f3 en paz y eligi\u00f3 a un nuevo presidente, Javier Milei, al que reconocemos y felicitamos\u201d, escribi\u00f3 este lunes a la madrugada el mandatario bonaerense en las redes sociales.<\/p>\n\n\n\n<blockquote class=\"wp-block-quote is-layout-flow wp-block-quote-is-layout-flow\">\n<p>En referencia a los resultados favorables para Uni\u00f3n por la Patria en la provincia de Buenos Aires, el mandatario se\u00f1al\u00f3: \u201cTambi\u00e9n hoy, la mayor\u00eda de los bonaerenses ratific\u00f3 el proyecto reelecto en octubre, en favor de los derechos, de la producci\u00f3n, el trabajo y de un futuro mejor para todos\u201d.<\/p>\n<\/blockquote>\n\n\n\n<p><br>Y, en esa l\u00ednea, agreg\u00f3: <em>\u201cSeguiremos trabajando para honrar ese compromiso asumido con el pueblo de la Provincia por los pr\u00f3ximos 4 a\u00f1os\u201d.<\/em><\/p>\n\n\n\n<p><br>Por \u00faltimo, Kicillof tambi\u00e9n sostuvo: <strong><em>\u201cA 40 a\u00f1os de la recuperaci\u00f3n de la democracia, tambi\u00e9n quiero ratificar nuestro juramento de respetar y hacer respetar la Constituci\u00f3n nacional, la de nuestra provincia y nuestro compromiso irrestricto con la memoria, la verdad y la justicia\u201d.<\/em><\/strong><\/p>\n\n\n\n<p><br><em>Fuente: DIB<\/em><\/p>\n","protected":false},"excerpt":{"rendered":"<p>El mandatario bonaerense dej\u00f3 este lunes por la madrugada un mensaje a trav\u00e9s de las redes sociales. El gobernador bonaerense<\/p>\n","protected":false},"author":6,"featured_media":102329,"comment_status":"closed","ping_status":"closed","sticky":false,"template":"","format":"standard","meta":{"_jetpack_memberships_contains_paid_content":false,"footnotes":""},"categories":[6,1],"tags":[],"class_list":["post-102328","post","type-post","status-publish","format-standard","has-post-thumbnail","hentry","category-nacionales","category-portada"],"jetpack_featured_media_url":"https:\/\/i0.wp.com\/cdnoticias.com\/wp-content\/uploads\/2023\/11\/kicillof-uxp.jpg?fit=696%2C464&ssl=1","jetpack_sharing_enabled":true,"_links":{"self":[{"href":"https:\/\/cdnoticias.com\/index.php\/wp-json\/wp\/v2\/posts\/102328","targetHints":{"allow":["GET"]}}],"collection":[{"href":"https:\/\/cdnoticias.com\/index.php\/wp-json\/wp\/v2\/posts"}],"about":[{"href":"https:\/\/cdnoticias.com\/index.php\/wp-json\/wp\/v2\/types\/post"}],"author":[{"embeddable":true,"href":"https:\/\/cdnoticias.com\/index.php\/wp-json\/wp\/v2\/users\/6"}],"replies":[{"embeddable":true,"href":"https:\/\/cdnoticias.com\/index.php\/wp-json\/wp\/v2\/comments?post=102328"}],"version-history":[{"count":0,"href":"https:\/\/cdnoticias.com\/index.php\/wp-json\/wp\/v2\/posts\/102328\/revisions"}],"wp:featuredmedia":[{"embeddable":true,"href":"https:\/\/cdnoticias.com\/index.php\/wp-json\/wp\/v2\/media\/102329"}],"wp:attachment":[{"href":"https:\/\/cdnoticias.com\/index.php\/wp-json\/wp\/v2\/media?parent=102328"}],"wp:term":[{"taxonomy":"category","embeddable":true,"href":"https:\/\/cdnoticias.com\/index.php\/wp-json\/wp\/v2\/categories?post=102328"},{"taxonomy":"post_tag","embeddable":true,"href":"https:\/\/cdnoticias.com\/index.php\/wp-json\/wp\/v2\/tags?post=102328"}],"curies":[{"name":"wp","href":"https:\/\/api.w.org\/{rel}","templated":true}]}}