{"id":102313,"date":"2023-11-20T11:47:46","date_gmt":"2023-11-20T14:47:46","guid":{"rendered":"https:\/\/cdnoticias.com\/?p=102313"},"modified":"2023-11-20T11:47:48","modified_gmt":"2023-11-20T14:47:48","slug":"came-resalta-el-triunfo-de-la-democracia","status":"publish","type":"post","link":"https:\/\/cdnoticias.com\/index.php\/2023\/11\/20\/came-resalta-el-triunfo-de-la-democracia\/","title":{"rendered":"CAME \u201cresalta el triunfo de la democracia\u201d"},"content":{"rendered":"\n<p>La Confederaci\u00f3n Argentina de la Mediana Empresa (CAME) destac\u00f3 la elecci\u00f3n democr\u00e1tica y soberana con la que la ciudadan\u00eda eligi\u00f3 el Presidente que gobernar\u00e1 la Argentina los pr\u00f3ximos cuatro a\u00f1os.<\/p>\n\n\n\n<hr class=\"wp-block-separator aligncenter has-alpha-channel-opacity\"\/>\n\n\n\n<p>Tras el Balotaje del pasado domingo,<strong> la Confederaci\u00f3n Argentina de la Mediana Empresa (CAME) destac\u00f3<em> \u201cla elecci\u00f3n democr\u00e1tica y soberana con la que la ciudadan\u00eda eligi\u00f3 el Presidente que gobernar\u00e1 la Argentina los pr\u00f3ximos cuatro a\u00f1os\u201d.<\/em><\/strong><\/p>\n\n\n\n<p><em>\u201cA 40 a\u00f1os de la recuperaci\u00f3n de la democracia reafirmamos que es el sistema republicano, representativo y federal el que resolver\u00e1 las dificultades que tenemos como pa\u00eds\u201d,<\/em> dijo el titular de CAME, Alfredo Gonz\u00e1lez.<\/p>\n\n\n\n<blockquote class=\"wp-block-quote is-layout-flow wp-block-quote-is-layout-flow\">\n<p>\u201cDesde CAME sostenemos que el consenso y el di\u00e1logo de todo el arco pol\u00edtico es fundamental para la determinaci\u00f3n de las pol\u00edticas que beneficiar\u00e1n a los argentinos en general y a las pymes en particular\u201d, agreg\u00f3 Gonz\u00e1lez, al tiempo que sostuvo \u201cla necesidad de que el nuevo Presidente d\u00e9 certezas a los peque\u00f1os y medianos empresarios que apuestan e invierten en el pa\u00eds\u201d.<\/p>\n<\/blockquote>\n\n\n\n<p>A su vez, el presidente de CAME expres\u00f3 que <strong>es urgente llevar adelante un ordenamiento macroecon\u00f3mico que env\u00ede se\u00f1ales claras y positivas hacia la microeconom\u00eda <\/strong>para <em>\u201cfortalecer y recrear una din\u00e1mica positiva en el mercado interno\u201d. \u201cEl 75% de la facturaci\u00f3n de las pymes es a partir del consumo diario de los argentinos\u201d<\/em>, apunt\u00f3 el dirigente gremial empresario.<strong><em> \u201cNo obstante, hay que preparar a las pymes para que den el salto exportador, lo que requiere de capacitaci\u00f3n, financiaci\u00f3n y mayor calificaci\u00f3n de los recursos humanos\u201d.<\/em><\/strong><\/p>\n\n\n\n<p><em>\u201cDe manera ineludible, a partir del 10 de diciembre la dirigencia de todos los espacios pol\u00edticos, empresariales, sindicales y sociales deber\u00e1 hacer su contribuci\u00f3n en la soluci\u00f3n de temas sensibles que no pueden esperar. Las pymes son las sostenedoras del mayor empleo registrado en el pa\u00eds, y requieren de manera urgente de acciones eficaces que permitan dejar atr\u00e1s un largo per\u00edodo de mera subsistencia para retomar el camino de generaci\u00f3n de riqueza para el pa\u00eds\u201d<\/em>, finaliz\u00f3 Gonz\u00e1lez.<\/p>\n","protected":false},"excerpt":{"rendered":"<p>La Confederaci\u00f3n Argentina de la Mediana Empresa (CAME) destac\u00f3 la elecci\u00f3n democr\u00e1tica y soberana con la que la ciudadan\u00eda eligi\u00f3<\/p>\n","protected":false},"author":2,"featured_media":102314,"comment_status":"closed","ping_status":"closed","sticky":false,"template":"","format":"standard","meta":{"_jetpack_memberships_contains_paid_content":false,"footnotes":""},"categories":[6,1],"tags":[],"class_list":["post-102313","post","type-post","status-publish","format-standard","has-post-thumbnail","hentry","category-nacionales","category-portada"],"jetpack_featured_media_url":"https:\/\/i0.wp.com\/cdnoticias.com\/wp-content\/uploads\/2023\/11\/CAME.jpg?fit=768%2C432&ssl=1","jetpack_sharing_enabled":true,"_links":{"self":[{"href":"https:\/\/cdnoticias.com\/index.php\/wp-json\/wp\/v2\/posts\/102313","targetHints":{"allow":["GET"]}}],"collection":[{"href":"https:\/\/cdnoticias.com\/index.php\/wp-json\/wp\/v2\/posts"}],"about":[{"href":"https:\/\/cdnoticias.com\/index.php\/wp-json\/wp\/v2\/types\/post"}],"author":[{"embeddable":true,"href":"https:\/\/cdnoticias.com\/index.php\/wp-json\/wp\/v2\/users\/2"}],"replies":[{"embeddable":true,"href":"https:\/\/cdnoticias.com\/index.php\/wp-json\/wp\/v2\/comments?post=102313"}],"version-history":[{"count":0,"href":"https:\/\/cdnoticias.com\/index.php\/wp-json\/wp\/v2\/posts\/102313\/revisions"}],"wp:featuredmedia":[{"embeddable":true,"href":"https:\/\/cdnoticias.com\/index.php\/wp-json\/wp\/v2\/media\/102314"}],"wp:attachment":[{"href":"https:\/\/cdnoticias.com\/index.php\/wp-json\/wp\/v2\/media?parent=102313"}],"wp:term":[{"taxonomy":"category","embeddable":true,"href":"https:\/\/cdnoticias.com\/index.php\/wp-json\/wp\/v2\/categories?post=102313"},{"taxonomy":"post_tag","embeddable":true,"href":"https:\/\/cdnoticias.com\/index.php\/wp-json\/wp\/v2\/tags?post=102313"}],"curies":[{"name":"wp","href":"https:\/\/api.w.org\/{rel}","templated":true}]}}