{"id":102213,"date":"2023-11-19T21:42:14","date_gmt":"2023-11-20T00:42:14","guid":{"rendered":"https:\/\/cdnoticias.com\/?p=102213"},"modified":"2023-11-20T10:49:20","modified_gmt":"2023-11-20T13:49:20","slug":"arouxet-sobre-el-triunfo-de-milei-lo-veia-dificil-y-hoy-es-una-realidad","status":"publish","type":"post","link":"https:\/\/cdnoticias.com\/index.php\/2023\/11\/19\/arouxet-sobre-el-triunfo-de-milei-lo-veia-dificil-y-hoy-es-una-realidad\/","title":{"rendered":"Arouxet sobre el triunfo de Milei: \u201cLo ve\u00eda dif\u00edcil y hoy es una realidad\u201d"},"content":{"rendered":"\n<p>La referente local por La Libertad Avanza festej\u00f3 el triunfo de Milei en la segunda vuelta. Los cambios en el escenario pol\u00edtico local. La fiscalizaci\u00f3n en conjunto con Juntos por el Cambio.<\/p>\n\n\n\n<hr class=\"wp-block-separator aligncenter has-alpha-channel-opacity\"\/>\n\n\n\n<p>En un local colmado de militantes, <strong>Celeste Arouxet<\/strong> expres\u00f3 su alegr\u00eda por la victoria de <strong>Javier Milei <\/strong>en el balotaje. La concejal electa por <strong>La Libertad Avanza<\/strong> y ex candidata a Intendente por Olavarr\u00eda anunci\u00f3 que<em> \u201cviene ganando en provincias fundamentales, como C\u00f3rdoba, Santa Fe, Mendoza, Buenos Aires. <strong>Ac\u00e1 en Olavarr\u00eda fue terrible el apoyo de la gente a Milei\u201d<\/strong>.<\/em><\/p>\n\n\n\n<figure class=\"wp-block-image size-large\"><img data-recalc-dims=\"1\" loading=\"lazy\" decoding=\"async\" width=\"800\" height=\"445\" src=\"https:\/\/i0.wp.com\/cdnoticias.com\/wp-content\/uploads\/2023\/11\/arouxet-balotaje4.jpg?resize=800%2C445&#038;ssl=1\" alt=\"\" class=\"wp-image-102219\" srcset=\"https:\/\/i0.wp.com\/cdnoticias.com\/wp-content\/uploads\/2023\/11\/arouxet-balotaje4-scaled.jpg?resize=1024%2C570&amp;ssl=1 1024w, https:\/\/i0.wp.com\/cdnoticias.com\/wp-content\/uploads\/2023\/11\/arouxet-balotaje4-scaled.jpg?resize=300%2C167&amp;ssl=1 300w, https:\/\/i0.wp.com\/cdnoticias.com\/wp-content\/uploads\/2023\/11\/arouxet-balotaje4-scaled.jpg?resize=768%2C427&amp;ssl=1 768w, https:\/\/i0.wp.com\/cdnoticias.com\/wp-content\/uploads\/2023\/11\/arouxet-balotaje4-scaled.jpg?resize=1536%2C854&amp;ssl=1 1536w, https:\/\/i0.wp.com\/cdnoticias.com\/wp-content\/uploads\/2023\/11\/arouxet-balotaje4-scaled.jpg?resize=2048%2C1139&amp;ssl=1 2048w, https:\/\/i0.wp.com\/cdnoticias.com\/wp-content\/uploads\/2023\/11\/arouxet-balotaje4-scaled.jpg?resize=800%2C445&amp;ssl=1 800w, https:\/\/i0.wp.com\/cdnoticias.com\/wp-content\/uploads\/2023\/11\/arouxet-balotaje4-scaled.jpg?w=1600&amp;ssl=1 1600w, https:\/\/i0.wp.com\/cdnoticias.com\/wp-content\/uploads\/2023\/11\/arouxet-balotaje4-scaled.jpg?w=2400&amp;ssl=1 2400w\" sizes=\"auto, (max-width: 800px) 100vw, 800px\" \/><\/figure>\n\n\n\n<blockquote class=\"wp-block-quote is-layout-flow wp-block-quote-is-layout-flow\">\n<p>Reconoci\u00f3 que \u201c<strong>es un sue\u00f1o<\/strong>, porque lo ve\u00eda muy dif\u00edcil, y hoy es una realidad\u201d y anticip\u00f3 que \u201cahora hay que saber c\u00f3mo se hace esto, porque se gan\u00f3 y contra todo pron\u00f3stico hoy se pudo\u201d.<\/p>\n<\/blockquote>\n\n\n\n<p>Como referente del espacio libertario a nivel local, cont\u00f3 que mantuvo contacto con <strong>Sebasti\u00e1n Pareja<\/strong>, el \u201carmador\u201d de Milei en la provincia de Buenos Aires, para seguir el escrutinio provisorio. <strong>\u201cPens\u00e1bamos que iba a ser muy duro y que estaba parejo, pero ayer es como que se cambi\u00f3 el clima\u201d<\/strong> se\u00f1al\u00f3.<strong> \u00a0<\/strong><\/p>\n\n\n\n<figure class=\"wp-block-image size-large\"><img data-recalc-dims=\"1\" loading=\"lazy\" decoding=\"async\" width=\"800\" height=\"445\" src=\"https:\/\/i0.wp.com\/cdnoticias.com\/wp-content\/uploads\/2023\/11\/arouxet-balotaje5.jpg?resize=800%2C445&#038;ssl=1\" alt=\"\" class=\"wp-image-102220\" srcset=\"https:\/\/i0.wp.com\/cdnoticias.com\/wp-content\/uploads\/2023\/11\/arouxet-balotaje5-scaled.jpg?resize=1024%2C569&amp;ssl=1 1024w, https:\/\/i0.wp.com\/cdnoticias.com\/wp-content\/uploads\/2023\/11\/arouxet-balotaje5-scaled.jpg?resize=300%2C167&amp;ssl=1 300w, https:\/\/i0.wp.com\/cdnoticias.com\/wp-content\/uploads\/2023\/11\/arouxet-balotaje5-scaled.jpg?resize=768%2C427&amp;ssl=1 768w, https:\/\/i0.wp.com\/cdnoticias.com\/wp-content\/uploads\/2023\/11\/arouxet-balotaje5-scaled.jpg?resize=1536%2C854&amp;ssl=1 1536w, https:\/\/i0.wp.com\/cdnoticias.com\/wp-content\/uploads\/2023\/11\/arouxet-balotaje5-scaled.jpg?resize=2048%2C1139&amp;ssl=1 2048w, https:\/\/i0.wp.com\/cdnoticias.com\/wp-content\/uploads\/2023\/11\/arouxet-balotaje5-scaled.jpg?resize=800%2C445&amp;ssl=1 800w, https:\/\/i0.wp.com\/cdnoticias.com\/wp-content\/uploads\/2023\/11\/arouxet-balotaje5-scaled.jpg?w=1600&amp;ssl=1 1600w, https:\/\/i0.wp.com\/cdnoticias.com\/wp-content\/uploads\/2023\/11\/arouxet-balotaje5-scaled.jpg?w=2400&amp;ssl=1 2400w\" sizes=\"auto, (max-width: 800px) 100vw, 800px\" \/><\/figure>\n\n\n\n<p>Adem\u00e1s, se mostr\u00f3 agradecida con su equipo, el cual <strong>creci\u00f3 significativamente durante la campa\u00f1a.<\/strong> Mencion\u00f3 que \u201c<em>mis fiscales estuvieron dando batalla por cada voto, respondieron como siempre\u201d<\/em>. Agreg\u00f3 a su vez que de los 533 fiscales de La Libertad Avanza, hab\u00eda gente de<strong> Juntos por el Cambio<\/strong>, militantes de las filas de Dalton J\u00e1uregui y del oficialismo local.<\/p>\n\n\n\n<blockquote class=\"wp-block-quote is-layout-flow wp-block-quote-is-layout-flow\">\n<p>\u201cLlev\u00f3 dos a\u00f1os de un trabajo de hormiga que hicimos con <strong>Guillermo Lascano<\/strong>, y hoy somos este equipo\u201d.<\/p>\n<\/blockquote>\n\n\n\n<figure class=\"wp-block-image size-large\"><img data-recalc-dims=\"1\" loading=\"lazy\" decoding=\"async\" width=\"800\" height=\"445\" src=\"https:\/\/i0.wp.com\/cdnoticias.com\/wp-content\/uploads\/2023\/11\/arouxet-balotaje1.jpg?resize=800%2C445&#038;ssl=1\" alt=\"\" class=\"wp-image-102216\" srcset=\"https:\/\/i0.wp.com\/cdnoticias.com\/wp-content\/uploads\/2023\/11\/arouxet-balotaje1-scaled.jpg?resize=1024%2C570&amp;ssl=1 1024w, https:\/\/i0.wp.com\/cdnoticias.com\/wp-content\/uploads\/2023\/11\/arouxet-balotaje1-scaled.jpg?resize=300%2C167&amp;ssl=1 300w, https:\/\/i0.wp.com\/cdnoticias.com\/wp-content\/uploads\/2023\/11\/arouxet-balotaje1-scaled.jpg?resize=768%2C427&amp;ssl=1 768w, https:\/\/i0.wp.com\/cdnoticias.com\/wp-content\/uploads\/2023\/11\/arouxet-balotaje1-scaled.jpg?resize=1536%2C855&amp;ssl=1 1536w, https:\/\/i0.wp.com\/cdnoticias.com\/wp-content\/uploads\/2023\/11\/arouxet-balotaje1-scaled.jpg?resize=2048%2C1140&amp;ssl=1 2048w, https:\/\/i0.wp.com\/cdnoticias.com\/wp-content\/uploads\/2023\/11\/arouxet-balotaje1-scaled.jpg?resize=800%2C445&amp;ssl=1 800w, https:\/\/i0.wp.com\/cdnoticias.com\/wp-content\/uploads\/2023\/11\/arouxet-balotaje1-scaled.jpg?w=1600&amp;ssl=1 1600w, https:\/\/i0.wp.com\/cdnoticias.com\/wp-content\/uploads\/2023\/11\/arouxet-balotaje1-scaled.jpg?w=2400&amp;ssl=1 2400w\" sizes=\"auto, (max-width: 800px) 100vw, 800px\" \/><\/figure>\n\n\n\n<p>\u201c<em><strong>Hoy m\u00e1s que nunca el apoyo de nuestro espacio a Javier Milei es incondicional.<\/strong> \u00a0Cumplimos con el compromiso que hace un a\u00f1o y pico hablamos con <strong>Karina Milei <\/strong>en un bar. Parec\u00eda tan lejano: porque era una campa\u00f1a sin plata, \u00e9ramos pocos, y fue un a\u00f1o de trabajo muy dif\u00edcil. Es un sue\u00f1o. Y con esto,<strong> Ahora Olavarr\u00eda a ser la fuerza pol\u00edtica m\u00e1s importante de la ciudad<\/strong><\/em>\u201d finaliz\u00f3.<\/p>\n","protected":false},"excerpt":{"rendered":"<p>La referente local por La Libertad Avanza festej\u00f3 el triunfo de Milei en la segunda vuelta. Los cambios en el<\/p>\n","protected":false},"author":6,"featured_media":102218,"comment_status":"closed","ping_status":"closed","sticky":false,"template":"","format":"standard","meta":{"_jetpack_memberships_contains_paid_content":false,"footnotes":""},"categories":[4,1],"tags":[],"class_list":["post-102213","post","type-post","status-publish","format-standard","has-post-thumbnail","hentry","category-politica","category-portada"],"jetpack_featured_media_url":"https:\/\/i0.wp.com\/cdnoticias.com\/wp-content\/uploads\/2023\/11\/arouxet-balotaje3-scaled.jpg?fit=2560%2C1424&ssl=1","jetpack_sharing_enabled":true,"_links":{"self":[{"href":"https:\/\/cdnoticias.com\/index.php\/wp-json\/wp\/v2\/posts\/102213","targetHints":{"allow":["GET"]}}],"collection":[{"href":"https:\/\/cdnoticias.com\/index.php\/wp-json\/wp\/v2\/posts"}],"about":[{"href":"https:\/\/cdnoticias.com\/index.php\/wp-json\/wp\/v2\/types\/post"}],"author":[{"embeddable":true,"href":"https:\/\/cdnoticias.com\/index.php\/wp-json\/wp\/v2\/users\/6"}],"replies":[{"embeddable":true,"href":"https:\/\/cdnoticias.com\/index.php\/wp-json\/wp\/v2\/comments?post=102213"}],"version-history":[{"count":0,"href":"https:\/\/cdnoticias.com\/index.php\/wp-json\/wp\/v2\/posts\/102213\/revisions"}],"wp:featuredmedia":[{"embeddable":true,"href":"https:\/\/cdnoticias.com\/index.php\/wp-json\/wp\/v2\/media\/102218"}],"wp:attachment":[{"href":"https:\/\/cdnoticias.com\/index.php\/wp-json\/wp\/v2\/media?parent=102213"}],"wp:term":[{"taxonomy":"category","embeddable":true,"href":"https:\/\/cdnoticias.com\/index.php\/wp-json\/wp\/v2\/categories?post=102213"},{"taxonomy":"post_tag","embeddable":true,"href":"https:\/\/cdnoticias.com\/index.php\/wp-json\/wp\/v2\/tags?post=102213"}],"curies":[{"name":"wp","href":"https:\/\/api.w.org\/{rel}","templated":true}]}}