{"id":102068,"date":"2023-11-18T14:50:40","date_gmt":"2023-11-18T17:50:40","guid":{"rendered":"https:\/\/cdnoticias.com\/?p=102068"},"modified":"2023-11-18T18:41:15","modified_gmt":"2023-11-18T21:41:15","slug":"nuevo-robo-de-cables-en-barrio-sarmiento","status":"publish","type":"post","link":"https:\/\/cdnoticias.com\/index.php\/2023\/11\/18\/nuevo-robo-de-cables-en-barrio-sarmiento\/","title":{"rendered":"Nuevo robo de cables en barrio Sarmiento"},"content":{"rendered":"<p>Sustrajeron 80 metros de cable. Este s\u00e1bado lo denunci\u00f3 Infracom-Coopelectric: hay 72 usuarios afectados. Este viernes ya se hab\u00eda registrado un robo similar en el mismo sector.<!--more--><\/p>\n<hr \/>\n<p>\u201cComunicamos a los<strong> usuarios de Infracom-Coopelectric<\/strong> que debido al <strong>robo de 80 metros de cable<\/strong> se encuentra <strong>interrumpido el Servicio de Telefon\u00eda e Internet<\/strong> de <strong>72 usuarios<\/strong> domiciliados en el sector <strong>comprendido desde Calle Jun\u00edn a Guisasola y desde Av. Sarmiento a H. Yrigoyen<\/strong>\u201d inform\u00f3 la prestadora este s\u00e1bado.<\/p>\n<p>&nbsp;<\/p>\n<p>Se trata de <strong>un nuevo robo de cables<\/strong>, <a href=\"https:\/\/cdnoticias.com\/index.php\/2023\/11\/17\/infracom-coopelectric-informo-otro-robo-de-cables-afecta-a-94-usuarios\/\" target=\"_blank\" rel=\"noopener\">en el mismo sector en que se expuso este viernes<\/a> y que afecta tambi\u00e9n a Infracom-Coopelectric.<\/p>\n<p>&nbsp;<\/p>\n<blockquote><p>La empresa indic\u00f3 que \u201cse estima que la reposici\u00f3n del servicio se ver\u00e1 demorada debido a que actualmente no hay disponibilidad en el mercado del tipo de material sustra\u00eddo. Rogamos disculpas por las molestias ocasionadas a los usuarios damnificados y apelamos a su comprensi\u00f3n ante esta situaci\u00f3n de fuerza mayor que lamentablemente se viene reiterando\u201d.<\/p><\/blockquote>\n<p>&nbsp;<\/p>\n<p>Asimismo, se dej\u00f3 en claro que \u201ceste tipo de hechos afectan la calidad de servicio, por lo cual<strong> la denuncia ya ha sido radicada<\/strong>\u201d.<\/p>\n<p>&nbsp;<\/p>\n<p>\u201cUna vez m\u00e1s, alertamos a la poblaci\u00f3n y sugerimos que<em> en caso de observar personas ajenas a la instituci\u00f3n manipulando las instalaciones, se de aviso inmediato al 911<\/em>\u201d cerr\u00f3 la prestadora.<\/p>\n<p>&nbsp;<\/p>\n<blockquote class=\"wp-embedded-content\" data-secret=\"3ngQnxLJfe\"><p><a href=\"https:\/\/cdnoticias.com\/index.php\/2023\/11\/17\/infracom-coopelectric-informo-otro-robo-de-cables-afecta-a-94-usuarios\/\">Infracom-Coopelectric inform\u00f3 otro robo de cables: afecta a 94 usuarios<\/a><\/p><\/blockquote>\n<p><iframe loading=\"lazy\" class=\"wp-embedded-content\" sandbox=\"allow-scripts\" security=\"restricted\" style=\"position: absolute; clip: rect(1px, 1px, 1px, 1px);\" title=\"&#8220;Infracom-Coopelectric inform\u00f3 otro robo de cables: afecta a 94 usuarios&#8221; &#8212; Central de Noticias | Olavarr\u00eda\" src=\"https:\/\/cdnoticias.com\/index.php\/2023\/11\/17\/infracom-coopelectric-informo-otro-robo-de-cables-afecta-a-94-usuarios\/embed\/#?secret=8qM3lCYHuX#?secret=3ngQnxLJfe\" data-secret=\"3ngQnxLJfe\" width=\"600\" height=\"338\" frameborder=\"0\" marginwidth=\"0\" marginheight=\"0\" scrolling=\"no\"><\/iframe><\/p>\n<p>&nbsp;<\/p>\n","protected":false},"excerpt":{"rendered":"<p>Sustrajeron 80 metros de cable. Este s\u00e1bado lo denunci\u00f3 Infracom-Coopelectric: hay 72 usuarios afectados. Este viernes ya se hab\u00eda registrado<\/p>\n","protected":false},"author":4,"featured_media":84422,"comment_status":"closed","ping_status":"closed","sticky":false,"template":"","format":"standard","meta":{"_jetpack_memberships_contains_paid_content":false,"footnotes":""},"categories":[14,1],"tags":[],"class_list":["post-102068","post","type-post","status-publish","format-standard","has-post-thumbnail","hentry","category-policiales","category-portada"],"jetpack_featured_media_url":"https:\/\/i0.wp.com\/cdnoticias.com\/wp-content\/uploads\/2023\/05\/infracom.jpg?fit=800%2C445&ssl=1","jetpack_sharing_enabled":true,"_links":{"self":[{"href":"https:\/\/cdnoticias.com\/index.php\/wp-json\/wp\/v2\/posts\/102068","targetHints":{"allow":["GET"]}}],"collection":[{"href":"https:\/\/cdnoticias.com\/index.php\/wp-json\/wp\/v2\/posts"}],"about":[{"href":"https:\/\/cdnoticias.com\/index.php\/wp-json\/wp\/v2\/types\/post"}],"author":[{"embeddable":true,"href":"https:\/\/cdnoticias.com\/index.php\/wp-json\/wp\/v2\/users\/4"}],"replies":[{"embeddable":true,"href":"https:\/\/cdnoticias.com\/index.php\/wp-json\/wp\/v2\/comments?post=102068"}],"version-history":[{"count":0,"href":"https:\/\/cdnoticias.com\/index.php\/wp-json\/wp\/v2\/posts\/102068\/revisions"}],"wp:featuredmedia":[{"embeddable":true,"href":"https:\/\/cdnoticias.com\/index.php\/wp-json\/wp\/v2\/media\/84422"}],"wp:attachment":[{"href":"https:\/\/cdnoticias.com\/index.php\/wp-json\/wp\/v2\/media?parent=102068"}],"wp:term":[{"taxonomy":"category","embeddable":true,"href":"https:\/\/cdnoticias.com\/index.php\/wp-json\/wp\/v2\/categories?post=102068"},{"taxonomy":"post_tag","embeddable":true,"href":"https:\/\/cdnoticias.com\/index.php\/wp-json\/wp\/v2\/tags?post=102068"}],"curies":[{"name":"wp","href":"https:\/\/api.w.org\/{rel}","templated":true}]}}