{"id":10206,"date":"2020-12-29T21:45:26","date_gmt":"2020-12-30T00:45:26","guid":{"rendered":"http:\/\/www.centraldenoticias.com.ar\/?p=10206"},"modified":"2020-12-29T21:53:07","modified_gmt":"2020-12-30T00:53:07","slug":"olavarria-registro-otro-preocupante-incremento-de-casos-de-coronavirus","status":"publish","type":"post","link":"https:\/\/cdnoticias.com\/index.php\/2020\/12\/29\/olavarria-registro-otro-preocupante-incremento-de-casos-de-coronavirus\/","title":{"rendered":"Olavarr\u00eda registr\u00f3 otro preocupante incremento de casos de coronavirus"},"content":{"rendered":"<p>Se detectaron 70 nuevos contagios y son 198 los pacientes activos. Alguno de los casos corresponden a reuniones sociales.<\/p>\n<p><!--more--><\/p>\n<hr \/>\n<p>Si bien se trata de un porcentaje de positividad baja teniendo en cuenta la cantidad de testeos (229), <strong>Olavarr\u00eda volvi\u00f3 a registrar un importante incremento en el n\u00famero de casos. Fueron en total 70 los nuevos contagios<\/strong>, seg\u00fan se expuso en el informe emitido desde el municipio sobre el cierre de la tarde de este martes.<\/p>\n<p>&nbsp;<\/p>\n<p><img data-recalc-dims=\"1\" loading=\"lazy\" decoding=\"async\" class=\"alignnone size-large wp-image-10207\" src=\"https:\/\/i0.wp.com\/cdnoticias.com\/wp-content\/uploads\/2020\/12\/parte-15.jpg?resize=800%2C404&#038;ssl=1\" alt=\"\" width=\"800\" height=\"404\" srcset=\"https:\/\/i0.wp.com\/cdnoticias.com\/wp-content\/uploads\/2020\/12\/parte-15.jpg?resize=1024%2C517&amp;ssl=1 1024w, https:\/\/i0.wp.com\/cdnoticias.com\/wp-content\/uploads\/2020\/12\/parte-15.jpg?resize=300%2C151&amp;ssl=1 300w, https:\/\/i0.wp.com\/cdnoticias.com\/wp-content\/uploads\/2020\/12\/parte-15.jpg?resize=768%2C388&amp;ssl=1 768w, https:\/\/i0.wp.com\/cdnoticias.com\/wp-content\/uploads\/2020\/12\/parte-15.jpg?w=1204&amp;ssl=1 1204w\" sizes=\"auto, (max-width: 800px) 100vw, 800px\" \/><\/p>\n<p>&nbsp;<\/p>\n<p>La cifra multiplica los valores que se ven\u00edan d\u00e1ndose en los \u00faltimos y se acerc\u00f3 a uno de los picos mensuales (80) que se hab\u00eda dado hace exactamente una semana. Desde la Secretar\u00eda de Salud del Gobierno Municipal se inform\u00f3 adem\u00e1s 3<strong>9 pacientes que recibieron el alta m\u00e9dica y se descartaron 159, adem\u00e1s de que el total de pacientes activos es de 198.<\/strong><\/p>\n<p>&nbsp;<\/p>\n<p>Otro de los datos relevantes arrojados es que <strong>algunos de los positivos de este martes corresponden a reuniones sociales<\/strong>, mientras que los restantes son personas con nexos a positivos anteriores, adem\u00e1s de 10 casos que corresponden al Programa RTA que se llev\u00f3 adelante por la ma\u00f1ana en el Servicio Territorial 2.<\/p>\n<p>&nbsp;<\/p>\n<p><img data-recalc-dims=\"1\" loading=\"lazy\" decoding=\"async\" class=\"alignnone size-large wp-image-10208\" src=\"https:\/\/i0.wp.com\/cdnoticias.com\/wp-content\/uploads\/2020\/12\/parte02-6.jpg?resize=800%2C402&#038;ssl=1\" alt=\"\" width=\"800\" height=\"402\" srcset=\"https:\/\/i0.wp.com\/cdnoticias.com\/wp-content\/uploads\/2020\/12\/parte02-6.jpg?resize=1024%2C514&amp;ssl=1 1024w, https:\/\/i0.wp.com\/cdnoticias.com\/wp-content\/uploads\/2020\/12\/parte02-6.jpg?resize=300%2C151&amp;ssl=1 300w, https:\/\/i0.wp.com\/cdnoticias.com\/wp-content\/uploads\/2020\/12\/parte02-6.jpg?resize=768%2C386&amp;ssl=1 768w, https:\/\/i0.wp.com\/cdnoticias.com\/wp-content\/uploads\/2020\/12\/parte02-6.jpg?w=1199&amp;ssl=1 1199w\" sizes=\"auto, (max-width: 800px) 100vw, 800px\" \/><\/p>\n<p>&nbsp;<\/p>\n<p>En el marco de la continuidad del programa de testeo intensivo se detall\u00f3 que <strong>este mi\u00e9rcoles se realizar\u00e1 una nueva jornada desde las 7 en el Hospital y a partir de las 19 en el Paseo de la Salud.<\/strong><\/p>\n<p>&nbsp;<\/p>\n<p>Por \u00faltimo, sobre el estado actual del Hospital Municipal \u201cDr. H\u00e9ctor Cura\u201d, se indic\u00f3 que hay <strong>dos pacientes en Unidad de Terapia Intensiva y ocho en Cuidados Generales<\/strong>. No hay internados en el sector de Pediatr\u00eda.\u00a0En este sentido, desde la Secretar\u00eda de Salud Municipal aseguraron que el 85% de los casos positivos corresponden a personas con menos de 60 a\u00f1os y el 15% a mayores de 60 a\u00f1os.<\/p>\n","protected":false},"excerpt":{"rendered":"<p>Se detectaron 70 nuevos contagios y son 198 los pacientes activos. Alguno de los casos corresponden a reuniones sociales.<\/p>\n","protected":false},"author":3,"featured_media":8110,"comment_status":"closed","ping_status":"closed","sticky":false,"template":"","format":"standard","meta":{"_jetpack_memberships_contains_paid_content":false,"footnotes":""},"categories":[5,1],"tags":[],"class_list":["post-10206","post","type-post","status-publish","format-standard","has-post-thumbnail","hentry","category-informacion-general","category-portada"],"jetpack_featured_media_url":"https:\/\/i0.wp.com\/cdnoticias.com\/wp-content\/uploads\/2020\/12\/Salud-Testeos-Intensivos-T6-CIC-4-1024x682.jpg?fit=1024%2C682&ssl=1","jetpack_sharing_enabled":true,"_links":{"self":[{"href":"https:\/\/cdnoticias.com\/index.php\/wp-json\/wp\/v2\/posts\/10206","targetHints":{"allow":["GET"]}}],"collection":[{"href":"https:\/\/cdnoticias.com\/index.php\/wp-json\/wp\/v2\/posts"}],"about":[{"href":"https:\/\/cdnoticias.com\/index.php\/wp-json\/wp\/v2\/types\/post"}],"author":[{"embeddable":true,"href":"https:\/\/cdnoticias.com\/index.php\/wp-json\/wp\/v2\/users\/3"}],"replies":[{"embeddable":true,"href":"https:\/\/cdnoticias.com\/index.php\/wp-json\/wp\/v2\/comments?post=10206"}],"version-history":[{"count":0,"href":"https:\/\/cdnoticias.com\/index.php\/wp-json\/wp\/v2\/posts\/10206\/revisions"}],"wp:featuredmedia":[{"embeddable":true,"href":"https:\/\/cdnoticias.com\/index.php\/wp-json\/wp\/v2\/media\/8110"}],"wp:attachment":[{"href":"https:\/\/cdnoticias.com\/index.php\/wp-json\/wp\/v2\/media?parent=10206"}],"wp:term":[{"taxonomy":"category","embeddable":true,"href":"https:\/\/cdnoticias.com\/index.php\/wp-json\/wp\/v2\/categories?post=10206"},{"taxonomy":"post_tag","embeddable":true,"href":"https:\/\/cdnoticias.com\/index.php\/wp-json\/wp\/v2\/tags?post=10206"}],"curies":[{"name":"wp","href":"https:\/\/api.w.org\/{rel}","templated":true}]}}