{"id":102048,"date":"2023-11-18T11:00:54","date_gmt":"2023-11-18T14:00:54","guid":{"rendered":"https:\/\/cdnoticias.com\/?p=102048"},"modified":"2023-11-18T11:00:56","modified_gmt":"2023-11-18T14:00:56","slug":"maria-de-las-mercedes-rodriguez-de-perez-chicha-q-e-p-d","status":"publish","type":"post","link":"https:\/\/cdnoticias.com\/index.php\/2023\/11\/18\/maria-de-las-mercedes-rodriguez-de-perez-chicha-q-e-p-d\/","title":{"rendered":"Mar\u00eda de las Mercedes Rodr\u00edguez de Perez \u201cChicha\u201d (Q.E.P.D.)"},"content":{"rendered":"\n<p><\/p>\n\n\n\n<p>Falleci\u00f3 en Olavarr\u00eda el d\u00eda 17 de noviembre de 2023 a los 86 a\u00f1os de edad.<\/p>\n\n\n\n<p>Su esposo Horacio P\u00e9rez. Sus hijos Claudia, Cecilia y Celeste P\u00e9rez. Sus hijos pol\u00edticos Sergio Dumerauf, N\u00e9stor Gramundo y Mauricio Erviti. Sus nietos Esteban, Daiana, Kevin e Ignacio Dumerauf; Joaqu\u00edn y Sebasti\u00e1n Gonz\u00e1lez ; Leandro \u00c1lvarez y Alma Gramundo. Su nieto pol\u00edtico Cristian Ramos. Sus hermanas Dora Rodr\u00edguez y Olga Sosa. Sus hermanos pol\u00edticos. Sus sobrinos y dem\u00e1s deudos participan su fallecimiento.<\/p>\n\n\n\n<p>Velatorio: Espa\u00f1a 2942 departamento &#8220;B&#8221;, el velatorio comienza a las 6:00 horas y finaliza a las 11: horas. Sin responso. Inhumaci\u00f3n: Crematorio Pinos de Paz, en d\u00eda a confirmar. Servicio adherido a Coopelectric.<\/p>\n\n\n\n<p>Barrio en el que viv\u00eda: Vecina de Barrio Lujan.<\/p>\n\n\n\n<p>Lugar de nacimiento: Nacida en Olavarr\u00eda.<\/p>\n\n\n\n<p>Actividad que desarrollaba: Jubilada.<\/p>\n\n\n\n<p><\/p>\n","protected":false},"excerpt":{"rendered":"<p>Falleci\u00f3 en Olavarr\u00eda el d\u00eda 17 de noviembre de 2023 a los 86 a\u00f1os de edad. Su esposo Horacio P\u00e9rez.<\/p>\n","protected":false},"author":4,"featured_media":0,"comment_status":"closed","ping_status":"closed","sticky":false,"template":"","format":"standard","meta":{"_jetpack_memberships_contains_paid_content":false,"footnotes":""},"categories":[10],"tags":[],"class_list":["post-102048","post","type-post","status-publish","format-standard","hentry","category-necrologicas"],"jetpack_featured_media_url":"","jetpack_sharing_enabled":true,"_links":{"self":[{"href":"https:\/\/cdnoticias.com\/index.php\/wp-json\/wp\/v2\/posts\/102048","targetHints":{"allow":["GET"]}}],"collection":[{"href":"https:\/\/cdnoticias.com\/index.php\/wp-json\/wp\/v2\/posts"}],"about":[{"href":"https:\/\/cdnoticias.com\/index.php\/wp-json\/wp\/v2\/types\/post"}],"author":[{"embeddable":true,"href":"https:\/\/cdnoticias.com\/index.php\/wp-json\/wp\/v2\/users\/4"}],"replies":[{"embeddable":true,"href":"https:\/\/cdnoticias.com\/index.php\/wp-json\/wp\/v2\/comments?post=102048"}],"version-history":[{"count":0,"href":"https:\/\/cdnoticias.com\/index.php\/wp-json\/wp\/v2\/posts\/102048\/revisions"}],"wp:attachment":[{"href":"https:\/\/cdnoticias.com\/index.php\/wp-json\/wp\/v2\/media?parent=102048"}],"wp:term":[{"taxonomy":"category","embeddable":true,"href":"https:\/\/cdnoticias.com\/index.php\/wp-json\/wp\/v2\/categories?post=102048"},{"taxonomy":"post_tag","embeddable":true,"href":"https:\/\/cdnoticias.com\/index.php\/wp-json\/wp\/v2\/tags?post=102048"}],"curies":[{"name":"wp","href":"https:\/\/api.w.org\/{rel}","templated":true}]}}