{"id":102045,"date":"2023-11-18T10:18:32","date_gmt":"2023-11-18T13:18:32","guid":{"rendered":"https:\/\/cdnoticias.com\/?p=102045"},"modified":"2023-11-18T14:56:14","modified_gmt":"2023-11-18T17:56:14","slug":"intento-de-abuso-y-amenazas-un-hombre-fue-aprehendido","status":"publish","type":"post","link":"https:\/\/cdnoticias.com\/index.php\/2023\/11\/18\/intento-de-abuso-y-amenazas-un-hombre-fue-aprehendido\/","title":{"rendered":"Intento de abuso y amenazas: un hombre fue aprehendido"},"content":{"rendered":"<p>Fue en Alberdi y Belgrano. Empleadas de un comercio intervinieron en defensa de dos ni\u00f1as.<!--more--><\/p>\n<hr \/>\n<p>Un <strong>hombre de 69 a\u00f1os<\/strong> fue <strong>aprehendido<\/strong> en <strong>Alberdi y Belgrano<\/strong> donde <strong>amenaz\u00f3 de muerte a una mujer<\/strong> frente al personal policial.<\/p>\n<p>El caso se dio este viernes. Seg\u00fan se indic\u00f3, el <strong>personal del Comando de Patrullas<\/strong> fue convocado al lugar a trav\u00e9s del 911.<\/p>\n<p>Se expuso que un hombre <strong>hab\u00eda intentado abusar de dos ni\u00f1as de 10 y 3 a\u00f1os<\/strong>, familiares entre s\u00ed, quienes hab\u00edan ido a un comercio ubicado en el mencionado punto de la ciudad.<\/p>\n<blockquote><p>Los efectivos policiales dialogaron con la t\u00eda de las ni\u00f1as quien expuso que dentro del local \u201cun masculino las quer\u00eda obligar a que le dieran un beso a cambio de dinero\u201d. Ante la situaci\u00f3n, las empleadas del comercio intervinieron para exigir al hombre que se retire del lugar.<\/p><\/blockquote>\n<p>El <strong>acusado<\/strong> se hallaba <strong>fuera del negocio<\/strong> y <strong>profiri\u00f3 amenazas de muerte<\/strong> a la mujer ante el personal policial con lo que <strong>se defini\u00f3 su aprehensi\u00f3n<\/strong>.<\/p>\n<p>Fue trasladado a la sede de la Comisar\u00eda Primera. Se iniciaron actuaciones por<strong> \u201camenazas en flagrancia\u201d<\/strong> con intervenci\u00f3n de la UFI N\u00ba 7.<\/p>\n","protected":false},"excerpt":{"rendered":"<p>Fue en Alberdi y Belgrano. Empleadas de un comercio intervinieron en defensa de dos ni\u00f1as.<\/p>\n","protected":false},"author":4,"featured_media":102046,"comment_status":"closed","ping_status":"closed","sticky":false,"template":"","format":"standard","meta":{"_jetpack_memberships_contains_paid_content":false,"footnotes":""},"categories":[14,1],"tags":[],"class_list":["post-102045","post","type-post","status-publish","format-standard","has-post-thumbnail","hentry","category-policiales","category-portada"],"jetpack_featured_media_url":"https:\/\/i0.wp.com\/cdnoticias.com\/wp-content\/uploads\/2023\/11\/alberdi-y-belgrano-amenazas.jpg?fit=800%2C446&ssl=1","jetpack_sharing_enabled":true,"_links":{"self":[{"href":"https:\/\/cdnoticias.com\/index.php\/wp-json\/wp\/v2\/posts\/102045","targetHints":{"allow":["GET"]}}],"collection":[{"href":"https:\/\/cdnoticias.com\/index.php\/wp-json\/wp\/v2\/posts"}],"about":[{"href":"https:\/\/cdnoticias.com\/index.php\/wp-json\/wp\/v2\/types\/post"}],"author":[{"embeddable":true,"href":"https:\/\/cdnoticias.com\/index.php\/wp-json\/wp\/v2\/users\/4"}],"replies":[{"embeddable":true,"href":"https:\/\/cdnoticias.com\/index.php\/wp-json\/wp\/v2\/comments?post=102045"}],"version-history":[{"count":0,"href":"https:\/\/cdnoticias.com\/index.php\/wp-json\/wp\/v2\/posts\/102045\/revisions"}],"wp:featuredmedia":[{"embeddable":true,"href":"https:\/\/cdnoticias.com\/index.php\/wp-json\/wp\/v2\/media\/102046"}],"wp:attachment":[{"href":"https:\/\/cdnoticias.com\/index.php\/wp-json\/wp\/v2\/media?parent=102045"}],"wp:term":[{"taxonomy":"category","embeddable":true,"href":"https:\/\/cdnoticias.com\/index.php\/wp-json\/wp\/v2\/categories?post=102045"},{"taxonomy":"post_tag","embeddable":true,"href":"https:\/\/cdnoticias.com\/index.php\/wp-json\/wp\/v2\/tags?post=102045"}],"curies":[{"name":"wp","href":"https:\/\/api.w.org\/{rel}","templated":true}]}}