{"id":102036,"date":"2023-11-18T09:11:11","date_gmt":"2023-11-18T12:11:11","guid":{"rendered":"https:\/\/cdnoticias.com\/?p=102036"},"modified":"2023-11-18T09:11:13","modified_gmt":"2023-11-18T12:11:13","slug":"buscan-a-quien-reconozca-una-bicicleta-secuestrada","status":"publish","type":"post","link":"https:\/\/cdnoticias.com\/index.php\/2023\/11\/18\/buscan-a-quien-reconozca-una-bicicleta-secuestrada\/","title":{"rendered":"Buscan a quien reconozca una bicicleta secuestrada"},"content":{"rendered":"<p>Desde la Comisar\u00eda Segunda se difundi\u00f3 la b\u00fasqueda en el marco de una causa que lleva adelante la UFI N\u00ba 4.<!--more--><\/p>\n<hr \/>\n<p>Desde la <strong>Comisar\u00eda Segunda se difundi\u00f3 la b\u00fasqueda de quien reconozca como propia un bicicleta<\/strong> en el marco de una causa que lleva adelante la UFI N\u00ba 4 por \u201caveriguaci\u00f3n de il\u00edcito\u201d.<\/p>\n<p>Se trata de <strong>un rodado tipo mountain bike, de color negro con vivos naranja<\/strong>.<\/p>\n<p>Se solicit\u00f3 presentarse en la sede de la Comisaria Segunda, en San Mart\u00edn 3846, o se comunique al 423968, de lunes a viernes en el horario de 8:00 a 12:00.<\/p>\n","protected":false},"excerpt":{"rendered":"<p>Desde la Comisar\u00eda Segunda se difundi\u00f3 la b\u00fasqueda en el marco de una causa que lleva adelante la UFI N\u00ba<\/p>\n","protected":false},"author":4,"featured_media":102037,"comment_status":"closed","ping_status":"closed","sticky":false,"template":"","format":"standard","meta":{"_jetpack_memberships_contains_paid_content":false,"footnotes":""},"categories":[14,1],"tags":[],"class_list":["post-102036","post","type-post","status-publish","format-standard","has-post-thumbnail","hentry","category-policiales","category-portada"],"jetpack_featured_media_url":"https:\/\/i0.wp.com\/cdnoticias.com\/wp-content\/uploads\/2023\/11\/bicicleta-encontrada-comisaria-segunda-00.jpg?fit=800%2C445&ssl=1","jetpack_sharing_enabled":true,"_links":{"self":[{"href":"https:\/\/cdnoticias.com\/index.php\/wp-json\/wp\/v2\/posts\/102036","targetHints":{"allow":["GET"]}}],"collection":[{"href":"https:\/\/cdnoticias.com\/index.php\/wp-json\/wp\/v2\/posts"}],"about":[{"href":"https:\/\/cdnoticias.com\/index.php\/wp-json\/wp\/v2\/types\/post"}],"author":[{"embeddable":true,"href":"https:\/\/cdnoticias.com\/index.php\/wp-json\/wp\/v2\/users\/4"}],"replies":[{"embeddable":true,"href":"https:\/\/cdnoticias.com\/index.php\/wp-json\/wp\/v2\/comments?post=102036"}],"version-history":[{"count":0,"href":"https:\/\/cdnoticias.com\/index.php\/wp-json\/wp\/v2\/posts\/102036\/revisions"}],"wp:featuredmedia":[{"embeddable":true,"href":"https:\/\/cdnoticias.com\/index.php\/wp-json\/wp\/v2\/media\/102037"}],"wp:attachment":[{"href":"https:\/\/cdnoticias.com\/index.php\/wp-json\/wp\/v2\/media?parent=102036"}],"wp:term":[{"taxonomy":"category","embeddable":true,"href":"https:\/\/cdnoticias.com\/index.php\/wp-json\/wp\/v2\/categories?post=102036"},{"taxonomy":"post_tag","embeddable":true,"href":"https:\/\/cdnoticias.com\/index.php\/wp-json\/wp\/v2\/tags?post=102036"}],"curies":[{"name":"wp","href":"https:\/\/api.w.org\/{rel}","templated":true}]}}