{"id":102029,"date":"2023-11-17T19:48:12","date_gmt":"2023-11-17T22:48:12","guid":{"rendered":"https:\/\/cdnoticias.com\/?p=102029"},"modified":"2023-11-17T19:48:14","modified_gmt":"2023-11-17T22:48:14","slug":"alberto-omar-arana-beto-q-e-p-d","status":"publish","type":"post","link":"https:\/\/cdnoticias.com\/index.php\/2023\/11\/17\/alberto-omar-arana-beto-q-e-p-d\/","title":{"rendered":"Alberto Omar Arana &#8220;Beto&#8221; (Q.E.P.D.)"},"content":{"rendered":"\n<p>Falleci\u00f3 en Olavarr\u00eda el d\u00eda 17 de noviembre de 2023 a los 72 a\u00f1os. Su esposa: Lidia Mabel Pane. Sus hijos: Patricia Daniela y Marcelo Arana. Sus nietos: Malena Alonso Munich Arana, Oriana Valentina Tilli y Elio Gabriel Mar\u00edn Fern\u00e1ndez. Su hermano: Roberto. Sus sobrinos: Cristian, Karina, Yanina y Pamela Arana y dem\u00e1s deudos participan su fallecimiento.<\/p>\n\n\n\n<p>Velatorio: Espa\u00f1a 2942 departamento &#8221; D &#8221; cierra 00:00 y reabre 7:00. Sin responso. Inhumaci\u00f3n: Loma de Paz, s\u00e1bado 18 de noviembre a las 9:30. Servicio adherido a Coopelectric. <\/p>\n\n\n\n<p>Barrio en el que viv\u00eda: Roca Merlo.<\/p>\n\n\n\n<p>Lugar de nacimiento: Olavarr\u00eda.<\/p>\n\n\n\n<p>Actividad que desarrollaba: Jubilado.<\/p>\n","protected":false},"excerpt":{"rendered":"<p>Falleci\u00f3 en Olavarr\u00eda el d\u00eda 17 de noviembre de 2023 a los 72 a\u00f1os. Su esposa: Lidia Mabel Pane. Sus<\/p>\n","protected":false},"author":6,"featured_media":67646,"comment_status":"closed","ping_status":"closed","sticky":false,"template":"","format":"standard","meta":{"_jetpack_memberships_contains_paid_content":false,"footnotes":""},"categories":[10],"tags":[],"class_list":["post-102029","post","type-post","status-publish","format-standard","has-post-thumbnail","hentry","category-necrologicas"],"jetpack_featured_media_url":"https:\/\/i0.wp.com\/cdnoticias.com\/wp-content\/uploads\/2022\/10\/necrologicas-390-x-240.jpg?fit=390%2C240&ssl=1","jetpack_sharing_enabled":true,"_links":{"self":[{"href":"https:\/\/cdnoticias.com\/index.php\/wp-json\/wp\/v2\/posts\/102029","targetHints":{"allow":["GET"]}}],"collection":[{"href":"https:\/\/cdnoticias.com\/index.php\/wp-json\/wp\/v2\/posts"}],"about":[{"href":"https:\/\/cdnoticias.com\/index.php\/wp-json\/wp\/v2\/types\/post"}],"author":[{"embeddable":true,"href":"https:\/\/cdnoticias.com\/index.php\/wp-json\/wp\/v2\/users\/6"}],"replies":[{"embeddable":true,"href":"https:\/\/cdnoticias.com\/index.php\/wp-json\/wp\/v2\/comments?post=102029"}],"version-history":[{"count":0,"href":"https:\/\/cdnoticias.com\/index.php\/wp-json\/wp\/v2\/posts\/102029\/revisions"}],"wp:featuredmedia":[{"embeddable":true,"href":"https:\/\/cdnoticias.com\/index.php\/wp-json\/wp\/v2\/media\/67646"}],"wp:attachment":[{"href":"https:\/\/cdnoticias.com\/index.php\/wp-json\/wp\/v2\/media?parent=102029"}],"wp:term":[{"taxonomy":"category","embeddable":true,"href":"https:\/\/cdnoticias.com\/index.php\/wp-json\/wp\/v2\/categories?post=102029"},{"taxonomy":"post_tag","embeddable":true,"href":"https:\/\/cdnoticias.com\/index.php\/wp-json\/wp\/v2\/tags?post=102029"}],"curies":[{"name":"wp","href":"https:\/\/api.w.org\/{rel}","templated":true}]}}