{"id":101943,"date":"2023-11-16T19:18:25","date_gmt":"2023-11-16T22:18:25","guid":{"rendered":"https:\/\/cdnoticias.com\/?p=101943"},"modified":"2023-11-16T19:18:28","modified_gmt":"2023-11-16T22:18:28","slug":"la-obra-de-teatro-y-el-gato-llevara-a-cabo-una-gira-olavarriense","status":"publish","type":"post","link":"https:\/\/cdnoticias.com\/index.php\/2023\/11\/16\/la-obra-de-teatro-y-el-gato-llevara-a-cabo-una-gira-olavarriense\/","title":{"rendered":"La obra de teatro \u00bfY el gato? llevar\u00e1 a cabo una gira olavarriense"},"content":{"rendered":"\n<p>La comedia llegar\u00e1&nbsp; espec\u00edficamente a Sierras Bayas, Recalde y Olavarr\u00eda.<\/p>\n\n\n\n<hr class=\"wp-block-separator aligncenter has-alpha-channel-opacity\"\/>\n\n\n\n<p>A partir de este viernes, <strong>la obra de teatro \u00bfY el gato? llevar\u00e1 a cabo una gira olavarriense<\/strong>. Espec\u00edficamente, la comedia llegar\u00e1 a <strong>Sierras Bayas, Recalde y Olavarr\u00eda.<\/strong><\/p>\n\n\n\n<p><\/p>\n\n\n\n<p><em>\u201cTodo est\u00e1 nuevamente preparado para que se abran las puertas de la mansi\u00f3n de la exc\u00e9ntrica familia P\u00e9rez Orquieta y poder conocer su intimidad. Particularmente en la de su mucama, mientras espera el llamado m\u00e1s importante de su vida\u201d<\/em> se indic\u00f3.<\/p>\n\n\n\n<p><\/p>\n\n\n\n<p>Los int\u00e9rpretes de la obra ser\u00e1n <strong>Madame Lu, La Negra Ju\u00e1rez, Juan Emilio Scipione, Milena Ramongassie y Aurelia Jones. <\/strong>El guion es de <strong>Juan Pablo Go\u00f1i Capurro<\/strong> y la producci\u00f3n general est\u00e1 a cargo de Par Mil Producciones.<\/p>\n\n\n\n<p><\/p>\n\n\n\n<figure class=\"wp-block-image aligncenter size-full\"><img data-recalc-dims=\"1\" loading=\"lazy\" decoding=\"async\" width=\"588\" height=\"588\" src=\"https:\/\/i0.wp.com\/cdnoticias.com\/wp-content\/uploads\/2023\/11\/dondeestaelgato-obra-de-teatro-2.jpeg?resize=588%2C588&#038;ssl=1\" alt=\"\" class=\"wp-image-101946\" srcset=\"https:\/\/i0.wp.com\/cdnoticias.com\/wp-content\/uploads\/2023\/11\/dondeestaelgato-obra-de-teatro-2.jpeg?w=588&amp;ssl=1 588w, https:\/\/i0.wp.com\/cdnoticias.com\/wp-content\/uploads\/2023\/11\/dondeestaelgato-obra-de-teatro-2.jpeg?resize=300%2C300&amp;ssl=1 300w, https:\/\/i0.wp.com\/cdnoticias.com\/wp-content\/uploads\/2023\/11\/dondeestaelgato-obra-de-teatro-2.jpeg?resize=150%2C150&amp;ssl=1 150w\" sizes=\"auto, (max-width: 588px) 100vw, 588px\" \/><\/figure>\n\n\n\n<p><\/p>\n\n\n\n<p>Este<strong> viernes 17 de noviembre se presentar\u00e1n en el Centro Cultural de Sierras Bayas.<\/strong>\u00a0 Podes adquirir tu entrada en @rhonda.sierras.bayas o ese mismo d\u00eda de la funci\u00f3n.<\/p>\n\n\n\n<p><\/p>\n\n\n\n<p>En tanto, este<strong> s\u00e1bado 18 se presentar\u00e1n en Recalde<\/strong>. Las entradas las pueden adquirir en @recaldeclub \u00a0o podes comunicarte con Celeste Pellegrini por entradas o ese mismo d\u00eda de la funci\u00f3n.<\/p>\n\n\n\n<p><\/p>\n\n\n\n<figure class=\"wp-block-image aligncenter size-large\"><img data-recalc-dims=\"1\" loading=\"lazy\" decoding=\"async\" width=\"800\" height=\"800\" src=\"https:\/\/i0.wp.com\/cdnoticias.com\/wp-content\/uploads\/2023\/11\/dondeestaelgato-obra-de-teatro-1.jpeg?resize=800%2C800&#038;ssl=1\" alt=\"\" class=\"wp-image-101945\" srcset=\"https:\/\/i0.wp.com\/cdnoticias.com\/wp-content\/uploads\/2023\/11\/dondeestaelgato-obra-de-teatro-1.jpeg?resize=1024%2C1024&amp;ssl=1 1024w, https:\/\/i0.wp.com\/cdnoticias.com\/wp-content\/uploads\/2023\/11\/dondeestaelgato-obra-de-teatro-1.jpeg?resize=300%2C300&amp;ssl=1 300w, https:\/\/i0.wp.com\/cdnoticias.com\/wp-content\/uploads\/2023\/11\/dondeestaelgato-obra-de-teatro-1.jpeg?resize=150%2C150&amp;ssl=1 150w, https:\/\/i0.wp.com\/cdnoticias.com\/wp-content\/uploads\/2023\/11\/dondeestaelgato-obra-de-teatro-1.jpeg?resize=768%2C768&amp;ssl=1 768w, https:\/\/i0.wp.com\/cdnoticias.com\/wp-content\/uploads\/2023\/11\/dondeestaelgato-obra-de-teatro-1.jpeg?resize=1536%2C1536&amp;ssl=1 1536w, https:\/\/i0.wp.com\/cdnoticias.com\/wp-content\/uploads\/2023\/11\/dondeestaelgato-obra-de-teatro-1.jpeg?w=1600&amp;ssl=1 1600w\" sizes=\"auto, (max-width: 800px) 100vw, 800px\" \/><\/figure>\n\n\n\n<p><\/p>\n\n\n\n<p><strong>Pr\u00f3ximas fechas<\/strong><\/p>\n\n\n\n<p><\/p>\n\n\n\n<p>El <strong>24 de noviembre <\/strong>la obra de teatro se llevar\u00e1 a cabo en la <strong>Casa del Bicentenario <\/strong>y podr\u00e1n adquirir las entradas en el <a href=\"https:\/\/articket.com.ar\/Y-EL-GATO\/\" target=\"_blank\" rel=\"noreferrer noopener\">siguiente link.<\/a><\/p>\n","protected":false},"excerpt":{"rendered":"<p>La comedia llegar\u00e1&nbsp; espec\u00edficamente a Sierras Bayas, Recalde y Olavarr\u00eda. A partir de este viernes, la obra de teatro \u00bfY<\/p>\n","protected":false},"author":6,"featured_media":101947,"comment_status":"closed","ping_status":"closed","sticky":false,"template":"","format":"standard","meta":{"_jetpack_memberships_contains_paid_content":false,"footnotes":""},"categories":[9,1],"tags":[],"class_list":["post-101943","post","type-post","status-publish","format-standard","has-post-thumbnail","hentry","category-cultura","category-portada"],"jetpack_featured_media_url":"https:\/\/i0.wp.com\/cdnoticias.com\/wp-content\/uploads\/2023\/11\/dondeestaelgato-obra-de-teatro-3.jpeg?fit=1600%2C1600&ssl=1","jetpack_sharing_enabled":true,"_links":{"self":[{"href":"https:\/\/cdnoticias.com\/index.php\/wp-json\/wp\/v2\/posts\/101943","targetHints":{"allow":["GET"]}}],"collection":[{"href":"https:\/\/cdnoticias.com\/index.php\/wp-json\/wp\/v2\/posts"}],"about":[{"href":"https:\/\/cdnoticias.com\/index.php\/wp-json\/wp\/v2\/types\/post"}],"author":[{"embeddable":true,"href":"https:\/\/cdnoticias.com\/index.php\/wp-json\/wp\/v2\/users\/6"}],"replies":[{"embeddable":true,"href":"https:\/\/cdnoticias.com\/index.php\/wp-json\/wp\/v2\/comments?post=101943"}],"version-history":[{"count":0,"href":"https:\/\/cdnoticias.com\/index.php\/wp-json\/wp\/v2\/posts\/101943\/revisions"}],"wp:featuredmedia":[{"embeddable":true,"href":"https:\/\/cdnoticias.com\/index.php\/wp-json\/wp\/v2\/media\/101947"}],"wp:attachment":[{"href":"https:\/\/cdnoticias.com\/index.php\/wp-json\/wp\/v2\/media?parent=101943"}],"wp:term":[{"taxonomy":"category","embeddable":true,"href":"https:\/\/cdnoticias.com\/index.php\/wp-json\/wp\/v2\/categories?post=101943"},{"taxonomy":"post_tag","embeddable":true,"href":"https:\/\/cdnoticias.com\/index.php\/wp-json\/wp\/v2\/tags?post=101943"}],"curies":[{"name":"wp","href":"https:\/\/api.w.org\/{rel}","templated":true}]}}