{"id":101940,"date":"2023-11-16T20:38:38","date_gmt":"2023-11-16T23:38:38","guid":{"rendered":"https:\/\/cdnoticias.com\/?p=101940"},"modified":"2023-11-16T20:38:39","modified_gmt":"2023-11-16T23:38:39","slug":"provincia-hubo-acuerdo-y-los-estatales-cobraran-un-aumento-del-25-con-los-salarios-de-noviembre","status":"publish","type":"post","link":"https:\/\/cdnoticias.com\/index.php\/2023\/11\/16\/provincia-hubo-acuerdo-y-los-estatales-cobraran-un-aumento-del-25-con-los-salarios-de-noviembre\/","title":{"rendered":"Provincia: hubo acuerdo y los estatales cobrar\u00e1n un aumento del 25% con los salarios de noviembre"},"content":{"rendered":"\n<p>As\u00ed lo acordaron este jueves los gremios en una reuni\u00f3n con autoridades provinciales. Continuar\u00e1n discutiendo en diciembre.<\/p>\n\n\n\n<hr class=\"wp-block-separator aligncenter has-alpha-channel-opacity\"\/>\n\n\n\n<p>El <strong>Gobierno bonaerense acord\u00f3 con los estatales <\/strong>de la ley 10.430 un <strong>incremento del 25% para el mes de noviembre<\/strong> (en relaci\u00f3n a los salarios de diciembre de 2022) y el sector ya alcanz\u00f3 un 120% promedio de aumento en lo que va del a\u00f1o.<\/p>\n\n\n\n<p><\/p>\n\n\n\n<p>Las partes se reunieron la semana pasada, en una reuni\u00f3n en la que los estatales rechazaron un 15%. Luego siguieron negociando de manera informal: el Ejecutivo ofrec\u00eda un incremento de 22% y los gremios del sector ped\u00edan un 30%.<\/p>\n\n\n\n<p><\/p>\n\n\n\n<p>Finalmente, en un encuentro realizado este jueves, <strong>la gesti\u00f3n de Axel Kicillof alcanz\u00f3 un acuerdo con los sindicatos<\/strong> que representan a los estatales en un 25% y la promesa de hacer una revisi\u00f3n en diciembre para el cierre del a\u00f1o, le detallaron fuentes gremiales a DIB.<\/p>\n\n\n\n<p><\/p>\n\n\n\n<p>La Asociaci\u00f3n Trabajadores del Estado (ATE) detall\u00f3 en un comunicado que \u201cen lo que hace al sector que comprende a los y las auxiliares de la educaci\u00f3n el aumento fue del 26,4%. Asimismo, para dichos estatales junto a otros sectores m\u00e1s postergados salarialmente se logr\u00f3 sostener el 50% de la garant\u00eda salarial acordada en el mes de septiembre\u201d.<\/p>\n\n\n\n<p><\/p>\n\n\n\n<blockquote class=\"wp-block-quote is-layout-flow wp-block-quote-is-layout-flow\">\n<p>Con el nuevo acuerdo, en los primeros once meses del a\u00f1o el incremento alcanza un acumulado promedio del 120% para trabajadores de la administraci\u00f3n central, del 131,2% para auxiliares de la educaci\u00f3n y del 129% para el sector salud.<\/p>\n<\/blockquote>\n\n\n\n<p><\/p>\n\n\n\n<p>El secretario general de ATE bonaerense, Claudio Ar\u00e9valo, indic\u00f3 que \u201cel actual acuerdo se da en un escenario complejo\u201d y que \u201cdesde ATE continuaremos con la premisa con la que venimos trabajando que es no perder con la inflaci\u00f3n\u201d.<\/p>\n\n\n\n<p><\/p>\n\n\n\n<p><em>\u201cEn lo que respecta a la negociaci\u00f3n de diciembre, vamos a impulsar que se den subas salariales que nos permitan cerrar el 2023 por encima de la inflaci\u00f3n anual, avanzando en el camino de reparaci\u00f3n de derechos que venimos impulsando<\/em>\u201d cerraron.<\/p>\n\n\n\n<p><em>Fuente: DIB<\/em><\/p>\n","protected":false},"excerpt":{"rendered":"<p>As\u00ed lo acordaron este jueves los gremios en una reuni\u00f3n con autoridades provinciales. Continuar\u00e1n discutiendo en diciembre. El Gobierno bonaerense<\/p>\n","protected":false},"author":6,"featured_media":101941,"comment_status":"closed","ping_status":"closed","sticky":false,"template":"","format":"standard","meta":{"_jetpack_memberships_contains_paid_content":false,"footnotes":""},"categories":[6,1],"tags":[],"class_list":["post-101940","post","type-post","status-publish","format-standard","has-post-thumbnail","hentry","category-nacionales","category-portada"],"jetpack_featured_media_url":"https:\/\/i0.wp.com\/cdnoticias.com\/wp-content\/uploads\/2023\/11\/estatales-acuerdo-nov-2023.jpeg?fit=880%2C493&ssl=1","jetpack_sharing_enabled":true,"_links":{"self":[{"href":"https:\/\/cdnoticias.com\/index.php\/wp-json\/wp\/v2\/posts\/101940","targetHints":{"allow":["GET"]}}],"collection":[{"href":"https:\/\/cdnoticias.com\/index.php\/wp-json\/wp\/v2\/posts"}],"about":[{"href":"https:\/\/cdnoticias.com\/index.php\/wp-json\/wp\/v2\/types\/post"}],"author":[{"embeddable":true,"href":"https:\/\/cdnoticias.com\/index.php\/wp-json\/wp\/v2\/users\/6"}],"replies":[{"embeddable":true,"href":"https:\/\/cdnoticias.com\/index.php\/wp-json\/wp\/v2\/comments?post=101940"}],"version-history":[{"count":0,"href":"https:\/\/cdnoticias.com\/index.php\/wp-json\/wp\/v2\/posts\/101940\/revisions"}],"wp:featuredmedia":[{"embeddable":true,"href":"https:\/\/cdnoticias.com\/index.php\/wp-json\/wp\/v2\/media\/101941"}],"wp:attachment":[{"href":"https:\/\/cdnoticias.com\/index.php\/wp-json\/wp\/v2\/media?parent=101940"}],"wp:term":[{"taxonomy":"category","embeddable":true,"href":"https:\/\/cdnoticias.com\/index.php\/wp-json\/wp\/v2\/categories?post=101940"},{"taxonomy":"post_tag","embeddable":true,"href":"https:\/\/cdnoticias.com\/index.php\/wp-json\/wp\/v2\/tags?post=101940"}],"curies":[{"name":"wp","href":"https:\/\/api.w.org\/{rel}","templated":true}]}}