{"id":101930,"date":"2023-11-16T13:14:14","date_gmt":"2023-11-16T16:14:14","guid":{"rendered":"https:\/\/cdnoticias.com\/?p=101930"},"modified":"2023-11-16T14:31:29","modified_gmt":"2023-11-16T17:31:29","slug":"leticia-blanca-esther-rocchi-viuda-de-magrath-q-e-p-d","status":"publish","type":"post","link":"https:\/\/cdnoticias.com\/index.php\/2023\/11\/16\/leticia-blanca-esther-rocchi-viuda-de-magrath-q-e-p-d\/","title":{"rendered":"Leticia Blanca Esther Rocchi viuda de Magrath (Q.E.P.D.)"},"content":{"rendered":"<p>Falleci\u00f3 en Olavarr\u00eda el d\u00eda 16 de noviembre de 2023 a los 88 a\u00f1os de edad.<\/p>\n<p>Sus hijos Ricardo, Silvia y Mariel. Sus nietos Federico, Estefan\u00eda, Jimena, Juliana, Albertina, Aixa e Ian. Sus hijos pol\u00edticos Omar y Rosario y dem\u00e1s deudos participan su fallecimiento.<\/p>\n<p>Velatorio: Espa\u00f1a 2942 departamento &#8220;B&#8221; 16 de noviembre de 19 a 23. Reabre a las 14.30 del viernes 17 de noviembre. Responso: Capilla ardiente. Cremaci\u00f3n: Crematorio Pinos de Paz, viernes a las 15.30. Servicio adherido a Coopelectric.<\/p>\n<p>Lugar de nacimiento: Olavarr\u00eda<\/p>\n<p>Actividad que desarrollaba: Jubilada y Pensionada<\/p>\n","protected":false},"excerpt":{"rendered":"<p>Falleci\u00f3 en Olavarr\u00eda el d\u00eda 16 de noviembre de 2023 a los 88 a\u00f1os de edad. Sus hijos Ricardo, Silvia<\/p>\n","protected":false},"author":4,"featured_media":67646,"comment_status":"closed","ping_status":"closed","sticky":false,"template":"","format":"standard","meta":{"_jetpack_memberships_contains_paid_content":false,"footnotes":""},"categories":[10],"tags":[],"class_list":["post-101930","post","type-post","status-publish","format-standard","has-post-thumbnail","hentry","category-necrologicas"],"jetpack_featured_media_url":"https:\/\/i0.wp.com\/cdnoticias.com\/wp-content\/uploads\/2022\/10\/necrologicas-390-x-240.jpg?fit=390%2C240&ssl=1","jetpack_sharing_enabled":true,"_links":{"self":[{"href":"https:\/\/cdnoticias.com\/index.php\/wp-json\/wp\/v2\/posts\/101930","targetHints":{"allow":["GET"]}}],"collection":[{"href":"https:\/\/cdnoticias.com\/index.php\/wp-json\/wp\/v2\/posts"}],"about":[{"href":"https:\/\/cdnoticias.com\/index.php\/wp-json\/wp\/v2\/types\/post"}],"author":[{"embeddable":true,"href":"https:\/\/cdnoticias.com\/index.php\/wp-json\/wp\/v2\/users\/4"}],"replies":[{"embeddable":true,"href":"https:\/\/cdnoticias.com\/index.php\/wp-json\/wp\/v2\/comments?post=101930"}],"version-history":[{"count":0,"href":"https:\/\/cdnoticias.com\/index.php\/wp-json\/wp\/v2\/posts\/101930\/revisions"}],"wp:featuredmedia":[{"embeddable":true,"href":"https:\/\/cdnoticias.com\/index.php\/wp-json\/wp\/v2\/media\/67646"}],"wp:attachment":[{"href":"https:\/\/cdnoticias.com\/index.php\/wp-json\/wp\/v2\/media?parent=101930"}],"wp:term":[{"taxonomy":"category","embeddable":true,"href":"https:\/\/cdnoticias.com\/index.php\/wp-json\/wp\/v2\/categories?post=101930"},{"taxonomy":"post_tag","embeddable":true,"href":"https:\/\/cdnoticias.com\/index.php\/wp-json\/wp\/v2\/tags?post=101930"}],"curies":[{"name":"wp","href":"https:\/\/api.w.org\/{rel}","templated":true}]}}