{"id":101909,"date":"2023-11-16T11:05:22","date_gmt":"2023-11-16T14:05:22","guid":{"rendered":"https:\/\/cdnoticias.com\/?p=101909"},"modified":"2023-11-16T18:14:48","modified_gmt":"2023-11-16T21:14:48","slug":"la-semana-de-la-educacion-tecnica-concluye-con-una-gran-muestra","status":"publish","type":"post","link":"https:\/\/cdnoticias.com\/index.php\/2023\/11\/16\/la-semana-de-la-educacion-tecnica-concluye-con-una-gran-muestra\/","title":{"rendered":"La Semana de la Educaci\u00f3n T\u00e9cnica concluye con una gran muestra"},"content":{"rendered":"Se exhiben producciones de los CFP N\u00b01 y N\u00b02 en conjunto con el Instituto N\u00b0130. Todo se desarrolla en Dorrego y Brown. Mar\u00eda In\u00e9s Banegas habl\u00f3 con la importancia de la formaci\u00f3n profesional y la defensa de la educaci\u00f3n p\u00fablica.<!--more-->\n\n<hr \/>\n\nEn el marco de la Semana de la Educaci\u00f3n T\u00e9cnica, este jueves expusieron sus trabajos y oferta educativa los <strong>Centros de Formaci\u00f3n Profesional N\u00b0401 y N\u00b0403 \u201cCarlos A. Moreno\u201d junto al Instituto Superior de Formaci\u00f3n T\u00e9cnica N\u00b0130.<\/strong>\n\n<strong>La actividad inici\u00f3 a las 9:00 y se extender\u00e1 hasta las 20:00 <\/strong>en Dorrego y Brown. <strong>Mar\u00eda In\u00e9s Banegas, directora del CFP N\u00b0 401<\/strong> cont\u00f3 a <em>Central de Noticias<\/em> que \u201cla idea fue abrir la escuela a la comunidad, que la gente pueda conocer lo que se produce durante todo el a\u00f1o\u201d.\n<!-- \/wp:post-content -->\nLa actividad comenz\u00f3 el martes con las Escuelas de Educaci\u00f3n Secundaria T\u00e9cnica N\u00b01 y N\u00b02, Escuela de Educaci\u00f3n Secundaria Agraria N\u00b01 y el Centro de Educaci\u00f3n Agraria N\u00b07. \u201cLo hicimos en etapas porque tenemos una apertura a un p\u00fablico distinto, pero est\u00e1 todo enmarcada en la misma semana\u201d, se\u00f1al\u00f3 Banegas.\n<!-- \/wp:paragraph -->\nA su vez, destac\u00f3 que \u201cmuchos j\u00f3venes y adultos que terminan la educaci\u00f3n secundaria el pr\u00f3ximo a\u00f1o, no tienen decidido ya seguir una carrera superior entonces ac\u00e1 tienen much\u00edsimas cosas para poder hacer o paralelamente hay personas que siguen una carrera superior y quieren <strong>conocer un oficio o emprender<\/strong> algo para poder solventar una formaci\u00f3n superior\u201d.\n<!-- \/wp:paragraph -->\nBanegas se\u00f1al\u00f3 que \u201c<strong>est\u00e1n funcionando 70 cursos en nuestros centros este a\u00f1o<\/strong>, tenemos una demostraci\u00f3n gastron\u00f3mica que es interesant\u00edsima, que tiene que ver con una econom\u00eda m\u00e1s popular y que ha ido en crecimiento en esta \u00e9poca donde el empleo no es tan abundante. Es importante empoderar a la persona para que pueda emprender algo, aprender un oficio y emprender, eso me parece muy valioso\u201d.\n<!-- \/wp:paragraph -->\n<div class=\"tiled-gallery type-rectangular tiled-gallery-unresized\" data-original-width=\"800\" data-carousel-extra='null' itemscope itemtype=\"http:\/\/schema.org\/ImageGallery\" > <div class=\"gallery-row\" style=\"width: 800px; height: 224px;\" data-original-width=\"800\" data-original-height=\"224\" > <div class=\"gallery-group images-1\" style=\"width: 400px; height: 224px;\" data-original-width=\"400\" data-original-height=\"224\" > <div class=\"tiled-gallery-item tiled-gallery-item-large\" itemprop=\"associatedMedia\" itemscope itemtype=\"http:\/\/schema.org\/ImageObject\"> <a href=\"https:\/\/cdnoticias.com\/index.php\/2023\/11\/16\/la-semana-de-la-educacion-tecnica-concluye-con-una-gran-muestra\/banegas-maria-ines-02\/\" border=\"0\" itemprop=\"url\"> <meta itemprop=\"width\" content=\"396\"> <meta itemprop=\"height\" content=\"220\"> <img decoding=\"async\" class=\"\" data-attachment-id=\"101911\" data-orig-file=\"https:\/\/cdnoticias.com\/wp-content\/uploads\/2023\/11\/banegas-maria-ines-02.jpg\" data-orig-size=\"800,445\" data-comments-opened=\"\" data-image-meta=\"{&quot;aperture&quot;:&quot;0&quot;,&quot;credit&quot;:&quot;&quot;,&quot;camera&quot;:&quot;&quot;,&quot;caption&quot;:&quot;&quot;,&quot;created_timestamp&quot;:&quot;0&quot;,&quot;copyright&quot;:&quot;&quot;,&quot;focal_length&quot;:&quot;0&quot;,&quot;iso&quot;:&quot;0&quot;,&quot;shutter_speed&quot;:&quot;0&quot;,&quot;title&quot;:&quot;&quot;,&quot;orientation&quot;:&quot;0&quot;}\" data-image-title=\"banegas-maria-ines-02\" data-image-description=\"\" data-medium-file=\"https:\/\/i0.wp.com\/cdnoticias.com\/wp-content\/uploads\/2023\/11\/banegas-maria-ines-02.jpg?fit=300%2C167&#038;ssl=1\" data-large-file=\"https:\/\/i0.wp.com\/cdnoticias.com\/wp-content\/uploads\/2023\/11\/banegas-maria-ines-02.jpg?fit=800%2C445&#038;ssl=1\" src=\"https:\/\/i0.wp.com\/cdnoticias.com\/wp-content\/uploads\/2023\/11\/banegas-maria-ines-02.jpg?w=396&#038;h=220&#038;ssl=1\" srcset=\"https:\/\/i0.wp.com\/cdnoticias.com\/wp-content\/uploads\/2023\/11\/banegas-maria-ines-02.jpg?w=800&amp;ssl=1 800w, https:\/\/i0.wp.com\/cdnoticias.com\/wp-content\/uploads\/2023\/11\/banegas-maria-ines-02.jpg?resize=300%2C167&amp;ssl=1 300w, https:\/\/i0.wp.com\/cdnoticias.com\/wp-content\/uploads\/2023\/11\/banegas-maria-ines-02.jpg?resize=768%2C427&amp;ssl=1 768w\" width=\"396\" height=\"220\" loading=\"lazy\" data-original-width=\"396\" data-original-height=\"220\" itemprop=\"http:\/\/schema.org\/image\" title=\"banegas-maria-ines-02\" alt=\"banegas-maria-ines-02\" style=\"width: 396px; height: 220px;\" \/> <\/a> <\/div> <\/div> <!-- close group --> <div class=\"gallery-group images-1\" style=\"width: 400px; height: 224px;\" data-original-width=\"400\" data-original-height=\"224\" > <div class=\"tiled-gallery-item tiled-gallery-item-large\" itemprop=\"associatedMedia\" itemscope itemtype=\"http:\/\/schema.org\/ImageObject\"> <a href=\"https:\/\/cdnoticias.com\/index.php\/2023\/11\/16\/la-semana-de-la-educacion-tecnica-concluye-con-una-gran-muestra\/banegas-maria-ines-03\/\" border=\"0\" itemprop=\"url\"> <meta itemprop=\"width\" content=\"396\"> <meta itemprop=\"height\" content=\"220\"> <img decoding=\"async\" class=\"\" data-attachment-id=\"101912\" data-orig-file=\"https:\/\/cdnoticias.com\/wp-content\/uploads\/2023\/11\/banegas-maria-ines-03.jpg\" data-orig-size=\"800,445\" data-comments-opened=\"\" data-image-meta=\"{&quot;aperture&quot;:&quot;0&quot;,&quot;credit&quot;:&quot;&quot;,&quot;camera&quot;:&quot;&quot;,&quot;caption&quot;:&quot;&quot;,&quot;created_timestamp&quot;:&quot;0&quot;,&quot;copyright&quot;:&quot;&quot;,&quot;focal_length&quot;:&quot;0&quot;,&quot;iso&quot;:&quot;0&quot;,&quot;shutter_speed&quot;:&quot;0&quot;,&quot;title&quot;:&quot;&quot;,&quot;orientation&quot;:&quot;0&quot;}\" data-image-title=\"banegas-maria-ines-03\" data-image-description=\"\" data-medium-file=\"https:\/\/i0.wp.com\/cdnoticias.com\/wp-content\/uploads\/2023\/11\/banegas-maria-ines-03.jpg?fit=300%2C167&#038;ssl=1\" data-large-file=\"https:\/\/i0.wp.com\/cdnoticias.com\/wp-content\/uploads\/2023\/11\/banegas-maria-ines-03.jpg?fit=800%2C445&#038;ssl=1\" src=\"https:\/\/i0.wp.com\/cdnoticias.com\/wp-content\/uploads\/2023\/11\/banegas-maria-ines-03.jpg?w=396&#038;h=220&#038;ssl=1\" srcset=\"https:\/\/i0.wp.com\/cdnoticias.com\/wp-content\/uploads\/2023\/11\/banegas-maria-ines-03.jpg?w=800&amp;ssl=1 800w, https:\/\/i0.wp.com\/cdnoticias.com\/wp-content\/uploads\/2023\/11\/banegas-maria-ines-03.jpg?resize=300%2C167&amp;ssl=1 300w, https:\/\/i0.wp.com\/cdnoticias.com\/wp-content\/uploads\/2023\/11\/banegas-maria-ines-03.jpg?resize=768%2C427&amp;ssl=1 768w\" width=\"396\" height=\"220\" loading=\"lazy\" data-original-width=\"396\" data-original-height=\"220\" itemprop=\"http:\/\/schema.org\/image\" title=\"banegas-maria-ines-03\" alt=\"banegas-maria-ines-03\" style=\"width: 396px; height: 220px;\" \/> <\/a> <\/div> <\/div> <!-- close group --> <\/div> <!-- close row --> <div class=\"gallery-row\" style=\"width: 800px; height: 224px;\" data-original-width=\"800\" data-original-height=\"224\" > <div class=\"gallery-group images-1\" style=\"width: 400px; height: 224px;\" data-original-width=\"400\" data-original-height=\"224\" > <div class=\"tiled-gallery-item tiled-gallery-item-large\" itemprop=\"associatedMedia\" itemscope itemtype=\"http:\/\/schema.org\/ImageObject\"> <a href=\"https:\/\/cdnoticias.com\/index.php\/2023\/11\/16\/la-semana-de-la-educacion-tecnica-concluye-con-una-gran-muestra\/banegas-maria-ines-04\/\" border=\"0\" itemprop=\"url\"> <meta itemprop=\"width\" content=\"396\"> <meta itemprop=\"height\" content=\"220\"> <img decoding=\"async\" class=\"\" data-attachment-id=\"101913\" data-orig-file=\"https:\/\/cdnoticias.com\/wp-content\/uploads\/2023\/11\/banegas-maria-ines-04.jpg\" data-orig-size=\"800,445\" data-comments-opened=\"\" data-image-meta=\"{&quot;aperture&quot;:&quot;0&quot;,&quot;credit&quot;:&quot;&quot;,&quot;camera&quot;:&quot;&quot;,&quot;caption&quot;:&quot;&quot;,&quot;created_timestamp&quot;:&quot;0&quot;,&quot;copyright&quot;:&quot;&quot;,&quot;focal_length&quot;:&quot;0&quot;,&quot;iso&quot;:&quot;0&quot;,&quot;shutter_speed&quot;:&quot;0&quot;,&quot;title&quot;:&quot;&quot;,&quot;orientation&quot;:&quot;0&quot;}\" data-image-title=\"banegas-maria-ines-04\" data-image-description=\"\" data-medium-file=\"https:\/\/i0.wp.com\/cdnoticias.com\/wp-content\/uploads\/2023\/11\/banegas-maria-ines-04.jpg?fit=300%2C167&#038;ssl=1\" data-large-file=\"https:\/\/i0.wp.com\/cdnoticias.com\/wp-content\/uploads\/2023\/11\/banegas-maria-ines-04.jpg?fit=800%2C445&#038;ssl=1\" src=\"https:\/\/i0.wp.com\/cdnoticias.com\/wp-content\/uploads\/2023\/11\/banegas-maria-ines-04.jpg?w=396&#038;h=220&#038;ssl=1\" srcset=\"https:\/\/i0.wp.com\/cdnoticias.com\/wp-content\/uploads\/2023\/11\/banegas-maria-ines-04.jpg?w=800&amp;ssl=1 800w, https:\/\/i0.wp.com\/cdnoticias.com\/wp-content\/uploads\/2023\/11\/banegas-maria-ines-04.jpg?resize=300%2C167&amp;ssl=1 300w, https:\/\/i0.wp.com\/cdnoticias.com\/wp-content\/uploads\/2023\/11\/banegas-maria-ines-04.jpg?resize=768%2C427&amp;ssl=1 768w\" width=\"396\" height=\"220\" loading=\"lazy\" data-original-width=\"396\" data-original-height=\"220\" itemprop=\"http:\/\/schema.org\/image\" title=\"banegas-maria-ines-04\" alt=\"banegas-maria-ines-04\" style=\"width: 396px; height: 220px;\" \/> <\/a> <\/div> <\/div> <!-- close group --> <div class=\"gallery-group images-1\" style=\"width: 400px; height: 224px;\" data-original-width=\"400\" data-original-height=\"224\" > <div class=\"tiled-gallery-item tiled-gallery-item-large\" itemprop=\"associatedMedia\" itemscope itemtype=\"http:\/\/schema.org\/ImageObject\"> <a href=\"https:\/\/cdnoticias.com\/index.php\/2023\/11\/16\/la-semana-de-la-educacion-tecnica-concluye-con-una-gran-muestra\/banegas-maria-ines-05\/\" border=\"0\" itemprop=\"url\"> <meta itemprop=\"width\" content=\"396\"> <meta itemprop=\"height\" content=\"220\"> <img decoding=\"async\" class=\"\" data-attachment-id=\"101914\" data-orig-file=\"https:\/\/cdnoticias.com\/wp-content\/uploads\/2023\/11\/banegas-maria-ines-05.jpg\" data-orig-size=\"800,445\" data-comments-opened=\"\" data-image-meta=\"{&quot;aperture&quot;:&quot;0&quot;,&quot;credit&quot;:&quot;&quot;,&quot;camera&quot;:&quot;&quot;,&quot;caption&quot;:&quot;&quot;,&quot;created_timestamp&quot;:&quot;0&quot;,&quot;copyright&quot;:&quot;&quot;,&quot;focal_length&quot;:&quot;0&quot;,&quot;iso&quot;:&quot;0&quot;,&quot;shutter_speed&quot;:&quot;0&quot;,&quot;title&quot;:&quot;&quot;,&quot;orientation&quot;:&quot;0&quot;}\" data-image-title=\"banegas-maria-ines-05\" data-image-description=\"\" data-medium-file=\"https:\/\/i0.wp.com\/cdnoticias.com\/wp-content\/uploads\/2023\/11\/banegas-maria-ines-05.jpg?fit=300%2C167&#038;ssl=1\" data-large-file=\"https:\/\/i0.wp.com\/cdnoticias.com\/wp-content\/uploads\/2023\/11\/banegas-maria-ines-05.jpg?fit=800%2C445&#038;ssl=1\" src=\"https:\/\/i0.wp.com\/cdnoticias.com\/wp-content\/uploads\/2023\/11\/banegas-maria-ines-05.jpg?w=396&#038;h=220&#038;ssl=1\" srcset=\"https:\/\/i0.wp.com\/cdnoticias.com\/wp-content\/uploads\/2023\/11\/banegas-maria-ines-05.jpg?w=800&amp;ssl=1 800w, https:\/\/i0.wp.com\/cdnoticias.com\/wp-content\/uploads\/2023\/11\/banegas-maria-ines-05.jpg?resize=300%2C167&amp;ssl=1 300w, https:\/\/i0.wp.com\/cdnoticias.com\/wp-content\/uploads\/2023\/11\/banegas-maria-ines-05.jpg?resize=768%2C427&amp;ssl=1 768w\" width=\"396\" height=\"220\" loading=\"lazy\" data-original-width=\"396\" data-original-height=\"220\" itemprop=\"http:\/\/schema.org\/image\" title=\"banegas-maria-ines-05\" alt=\"banegas-maria-ines-05\" style=\"width: 396px; height: 220px;\" \/> <\/a> <\/div> <\/div> <!-- close group --> <\/div> <!-- close row --> <div class=\"gallery-row\" style=\"width: 800px; height: 224px;\" data-original-width=\"800\" data-original-height=\"224\" > <div class=\"gallery-group images-1\" style=\"width: 400px; height: 224px;\" data-original-width=\"400\" data-original-height=\"224\" > <div class=\"tiled-gallery-item tiled-gallery-item-large\" itemprop=\"associatedMedia\" itemscope itemtype=\"http:\/\/schema.org\/ImageObject\"> <a href=\"https:\/\/cdnoticias.com\/index.php\/2023\/11\/16\/la-semana-de-la-educacion-tecnica-concluye-con-una-gran-muestra\/banegas-maria-ines-06\/\" border=\"0\" itemprop=\"url\"> <meta itemprop=\"width\" content=\"396\"> <meta itemprop=\"height\" content=\"220\"> <img decoding=\"async\" class=\"\" data-attachment-id=\"101915\" data-orig-file=\"https:\/\/cdnoticias.com\/wp-content\/uploads\/2023\/11\/banegas-maria-ines-06.jpg\" data-orig-size=\"800,445\" data-comments-opened=\"\" data-image-meta=\"{&quot;aperture&quot;:&quot;0&quot;,&quot;credit&quot;:&quot;&quot;,&quot;camera&quot;:&quot;&quot;,&quot;caption&quot;:&quot;&quot;,&quot;created_timestamp&quot;:&quot;0&quot;,&quot;copyright&quot;:&quot;&quot;,&quot;focal_length&quot;:&quot;0&quot;,&quot;iso&quot;:&quot;0&quot;,&quot;shutter_speed&quot;:&quot;0&quot;,&quot;title&quot;:&quot;&quot;,&quot;orientation&quot;:&quot;0&quot;}\" data-image-title=\"banegas-maria-ines-06\" data-image-description=\"\" data-medium-file=\"https:\/\/i0.wp.com\/cdnoticias.com\/wp-content\/uploads\/2023\/11\/banegas-maria-ines-06.jpg?fit=300%2C167&#038;ssl=1\" data-large-file=\"https:\/\/i0.wp.com\/cdnoticias.com\/wp-content\/uploads\/2023\/11\/banegas-maria-ines-06.jpg?fit=800%2C445&#038;ssl=1\" src=\"https:\/\/i0.wp.com\/cdnoticias.com\/wp-content\/uploads\/2023\/11\/banegas-maria-ines-06.jpg?w=396&#038;h=220&#038;ssl=1\" srcset=\"https:\/\/i0.wp.com\/cdnoticias.com\/wp-content\/uploads\/2023\/11\/banegas-maria-ines-06.jpg?w=800&amp;ssl=1 800w, https:\/\/i0.wp.com\/cdnoticias.com\/wp-content\/uploads\/2023\/11\/banegas-maria-ines-06.jpg?resize=300%2C167&amp;ssl=1 300w, https:\/\/i0.wp.com\/cdnoticias.com\/wp-content\/uploads\/2023\/11\/banegas-maria-ines-06.jpg?resize=768%2C427&amp;ssl=1 768w\" width=\"396\" height=\"220\" loading=\"lazy\" data-original-width=\"396\" data-original-height=\"220\" itemprop=\"http:\/\/schema.org\/image\" title=\"banegas-maria-ines-06\" alt=\"banegas-maria-ines-06\" style=\"width: 396px; height: 220px;\" \/> <\/a> <\/div> <\/div> <!-- close group --> <div class=\"gallery-group images-1\" style=\"width: 400px; height: 224px;\" data-original-width=\"400\" data-original-height=\"224\" > <div class=\"tiled-gallery-item tiled-gallery-item-large\" itemprop=\"associatedMedia\" itemscope itemtype=\"http:\/\/schema.org\/ImageObject\"> <a href=\"https:\/\/cdnoticias.com\/index.php\/2023\/11\/16\/la-semana-de-la-educacion-tecnica-concluye-con-una-gran-muestra\/banegas-maria-ines-07\/\" border=\"0\" itemprop=\"url\"> <meta itemprop=\"width\" content=\"396\"> <meta itemprop=\"height\" content=\"220\"> <img decoding=\"async\" class=\"\" data-attachment-id=\"101916\" data-orig-file=\"https:\/\/cdnoticias.com\/wp-content\/uploads\/2023\/11\/banegas-maria-ines-07.jpg\" data-orig-size=\"800,445\" data-comments-opened=\"\" data-image-meta=\"{&quot;aperture&quot;:&quot;0&quot;,&quot;credit&quot;:&quot;&quot;,&quot;camera&quot;:&quot;&quot;,&quot;caption&quot;:&quot;&quot;,&quot;created_timestamp&quot;:&quot;0&quot;,&quot;copyright&quot;:&quot;&quot;,&quot;focal_length&quot;:&quot;0&quot;,&quot;iso&quot;:&quot;0&quot;,&quot;shutter_speed&quot;:&quot;0&quot;,&quot;title&quot;:&quot;&quot;,&quot;orientation&quot;:&quot;0&quot;}\" data-image-title=\"banegas-maria-ines-07\" data-image-description=\"\" data-medium-file=\"https:\/\/i0.wp.com\/cdnoticias.com\/wp-content\/uploads\/2023\/11\/banegas-maria-ines-07.jpg?fit=300%2C167&#038;ssl=1\" data-large-file=\"https:\/\/i0.wp.com\/cdnoticias.com\/wp-content\/uploads\/2023\/11\/banegas-maria-ines-07.jpg?fit=800%2C445&#038;ssl=1\" src=\"https:\/\/i0.wp.com\/cdnoticias.com\/wp-content\/uploads\/2023\/11\/banegas-maria-ines-07.jpg?w=396&#038;h=220&#038;ssl=1\" srcset=\"https:\/\/i0.wp.com\/cdnoticias.com\/wp-content\/uploads\/2023\/11\/banegas-maria-ines-07.jpg?w=800&amp;ssl=1 800w, https:\/\/i0.wp.com\/cdnoticias.com\/wp-content\/uploads\/2023\/11\/banegas-maria-ines-07.jpg?resize=300%2C167&amp;ssl=1 300w, https:\/\/i0.wp.com\/cdnoticias.com\/wp-content\/uploads\/2023\/11\/banegas-maria-ines-07.jpg?resize=768%2C427&amp;ssl=1 768w\" width=\"396\" height=\"220\" loading=\"lazy\" data-original-width=\"396\" data-original-height=\"220\" itemprop=\"http:\/\/schema.org\/image\" title=\"banegas-maria-ines-07\" alt=\"banegas-maria-ines-07\" style=\"width: 396px; height: 220px;\" \/> <\/a> <\/div> <\/div> <!-- close group --> <\/div> <!-- close row --> <\/div>\n<h2>La defensa de la educaci\u00f3n p\u00fablica<\/h2>\nPor otra parte, la directora del establecimiento educativo se tom\u00f3 unos minutos para hablar de la educaci\u00f3n p\u00fablica. Sostuvo que <strong>\u201ccuando uno ve que est\u00e1 en peligro no tenemos que quedarnos callados y defenderla\u201d.<\/strong>\n<!-- \/wp:paragraph -->\n\u201cLa educaci\u00f3n p\u00fablica es uno de los grandes derechos que tenemos, el derecho a una educaci\u00f3n digna y creo que en los \u00faltimos a\u00f1os se ha jerarquizado much\u00edsimo porque <strong>tenemos una inversi\u00f3n en educaci\u00f3n que no se ha visto nunca<\/strong>\u201d asegur\u00f3 y agreg\u00f3: \u201cen la muestra van a ver carteles donde pudimos se\u00f1alizar mucho equipamiento que se ha ido comprando con el presupuesto nacional que se invierte en educaci\u00f3n\u201d.\n<!-- \/wp:paragraph -->\n&#8220;<strong>Hay que sostenerla, hay que pelearla, hay que seguir teni\u00e9ndola para democratizar el acceso, la permanencia y el egreso<\/strong> de una formaci\u00f3n que tiene que ser igualitaria para todos\u201d, concluy\u00f3.\n<!-- \/wp:paragraph --><!-- \/wp:freeform -->","protected":false},"excerpt":{"rendered":"<p>Se exhiben producciones de los CFP N\u00b01 y N\u00b02 en conjunto con el Instituto N\u00b0130. Todo se desarrolla en Dorrego<\/p>\n","protected":false},"author":2,"featured_media":101910,"comment_status":"closed","ping_status":"closed","sticky":false,"template":"","format":"standard","meta":{"_jetpack_memberships_contains_paid_content":false,"footnotes":""},"categories":[5,1],"tags":[],"class_list":["post-101909","post","type-post","status-publish","format-standard","has-post-thumbnail","hentry","category-informacion-general","category-portada"],"jetpack_featured_media_url":"https:\/\/i0.wp.com\/cdnoticias.com\/wp-content\/uploads\/2023\/11\/banegas-maria-ines-01.jpg?fit=800%2C445&ssl=1","jetpack_sharing_enabled":true,"_links":{"self":[{"href":"https:\/\/cdnoticias.com\/index.php\/wp-json\/wp\/v2\/posts\/101909","targetHints":{"allow":["GET"]}}],"collection":[{"href":"https:\/\/cdnoticias.com\/index.php\/wp-json\/wp\/v2\/posts"}],"about":[{"href":"https:\/\/cdnoticias.com\/index.php\/wp-json\/wp\/v2\/types\/post"}],"author":[{"embeddable":true,"href":"https:\/\/cdnoticias.com\/index.php\/wp-json\/wp\/v2\/users\/2"}],"replies":[{"embeddable":true,"href":"https:\/\/cdnoticias.com\/index.php\/wp-json\/wp\/v2\/comments?post=101909"}],"version-history":[{"count":0,"href":"https:\/\/cdnoticias.com\/index.php\/wp-json\/wp\/v2\/posts\/101909\/revisions"}],"wp:featuredmedia":[{"embeddable":true,"href":"https:\/\/cdnoticias.com\/index.php\/wp-json\/wp\/v2\/media\/101910"}],"wp:attachment":[{"href":"https:\/\/cdnoticias.com\/index.php\/wp-json\/wp\/v2\/media?parent=101909"}],"wp:term":[{"taxonomy":"category","embeddable":true,"href":"https:\/\/cdnoticias.com\/index.php\/wp-json\/wp\/v2\/categories?post=101909"},{"taxonomy":"post_tag","embeddable":true,"href":"https:\/\/cdnoticias.com\/index.php\/wp-json\/wp\/v2\/tags?post=101909"}],"curies":[{"name":"wp","href":"https:\/\/api.w.org\/{rel}","templated":true}]}}