{"id":101884,"date":"2023-11-15T19:25:56","date_gmt":"2023-11-15T22:25:56","guid":{"rendered":"https:\/\/cdnoticias.com\/?p=101884"},"modified":"2023-11-15T19:25:58","modified_gmt":"2023-11-15T22:25:58","slug":"dia-mundial-sin-alcohol-la-defensoria-del-pueblo-inicio-una-nueva-campana-de-prevencion","status":"publish","type":"post","link":"https:\/\/cdnoticias.com\/index.php\/2023\/11\/15\/dia-mundial-sin-alcohol-la-defensoria-del-pueblo-inicio-una-nueva-campana-de-prevencion\/","title":{"rendered":"D\u00eda Mundial Sin Alcohol: la Defensor\u00eda del Pueblo inici\u00f3 una nueva campa\u00f1a de prevenci\u00f3n"},"content":{"rendered":"\n<p>Incluye una serie de recomendaciones para propiciar di\u00e1logos en las familias vinculados a los riesgos de consumo de alcohol por parte de ni\u00f1os, ni\u00f1as y adolescentes.<\/p>\n\n\n\n<hr class=\"wp-block-separator aligncenter has-alpha-channel-opacity\"\/>\n\n\n\n<p>En el marco del <strong>D\u00eda Mundial Sin Alcohol, el Observatorio de Adicciones y Consumos Problem\u00e1ticos de la Defensor\u00eda del Pueblo bonaerense inici\u00f3 una nueva campa\u00f1a de prevenci\u00f3n<\/strong>, que surgi\u00f3 con una gu\u00eda con una serie de recomendaciones para propiciar di\u00e1logos en las familias vinculados con los riesgos del consumo de alcohol por parte de Ni\u00f1os, Ni\u00f1as y Adolescentes (NNyA).<\/p>\n\n\n\n<p>La gu\u00eda <strong>surge como respuesta ante algunos de los resultados obtenidos por distintos estudios de campo realizados por el Observatorio. <\/strong>Concretamente, ante una consulta espec\u00edfica referida sobre qu\u00e9 har\u00edan primero ante un caso de consumo problem\u00e1tico de alcohol, <strong>m\u00e1s de 1000 j\u00f3venes escolarizados encuestados en el a\u00f1o 2021 eligieron la opci\u00f3n \u201clo hablar\u00eda con mi familia\u201d<\/strong> como primera opci\u00f3n. La segunda y tercera opci\u00f3n con m\u00e1s menciones fueron: \u201cbuscar\u00eda ayuda m\u00e9dica\u201d y \u201clo hablar\u00eda con mis amigos\/as\u201d.<\/p>\n\n\n\n<p>\u201c<em>En la gu\u00eda destacamos que los entornos familiares, sea cual fuere su particular configuraci\u00f3n, juegan un papel central en la vida de los ni\u00f1os, ni\u00f1as y adolescentes. Por eso su fortalecimiento como espacios de contenci\u00f3n, afecto, di\u00e1logo y respeto es quiz\u00e1s la clave principal de cualquier tarea preventiva, de protecci\u00f3n y de gesti\u00f3n de riesgo, muy particularmente, de riesgo social<\/em>\u201d, explicaron Magdalena Miceli y Juan Gossen, integrantes del Observatorio que participaron en la elaboraci\u00f3n de la campa\u00f1a junto a Walter Arias, Secretario de la Promoci\u00f3n de Derechos de Familias Vulnerables de la Defensor\u00eda.<\/p>\n\n\n\n<p><strong>Algunas sugerencias para el abordaje intrafamiliar sobre el exceso en el consumo de alcohol<\/strong><\/p>\n\n\n\n<p class=\"has-medium-font-size\">-Mostrar cercan\u00eda<\/p>\n\n\n\n<p>Debemos comunicarnos con las y los NNyA, resultar razonables y confiables, mostrarnos comprensibles y solidarios.<\/p>\n\n\n\n<p class=\"has-medium-font-size\">-Anticipar<\/p>\n\n\n\n<p>Es probable que las y los NNyA tengan o sientan en alg\u00fan momento alg\u00fan tipo presi\u00f3n de sus propios pares, en sus grupos de pertenencia, para beber alcohol.<\/p>\n\n\n\n<p class=\"has-medium-font-size\">-Posponer<\/p>\n\n\n\n<p>Hablemos respecto a los riesgos de consumir alcohol a temprana edad. Demorar lo m\u00e1ximo posible el inicio en este consumo es cuidar su salud y es un factor clave en la estrategia de prevenci\u00f3n.<\/p>\n\n\n\n<p class=\"has-medium-font-size\">-Reconocer<\/p>\n\n\n\n<p>Dejar que las y los adolescentes se expresen sobre este asunto. No prejuzguemos. Valoremos su punto de vista y tratemos de estimular su esp\u00edritu cr\u00edtico.<\/p>\n\n\n\n<p class=\"has-medium-font-size\">-Repudiar<\/p>\n\n\n\n<p>Redoblemos esfuerzos individualmente y en alianza con otros adultos por rechazar la forma de beber compulsivamente.<\/p>\n\n\n\n<p class=\"has-medium-font-size\">-Supervisar<\/p>\n\n\n\n<p>Ante alguna salida o actividad donde pueda haber consumo de alcohol, adelantar que vamos a ver c\u00f3mo vuelve, c\u00f3mo le ha ido en el evento. Destaquemos que no se trata de desconfianza, sino de una preocupaci\u00f3n sincera.<\/p>\n\n\n\n<p class=\"has-medium-font-size\">-Administrar<\/p>\n\n\n\n<p>Es importante limitar la cantidad de dinero que se le da a las y los adolescentes. Es mejor dar poco y a menudo, que mucho y de golpe.<\/p>\n\n\n\n<p class=\"has-medium-font-size\">-Trabajar en equipo<\/p>\n\n\n\n<p>Es importante tener di\u00e1logo continuo con otros cuidadores\/padres\/madres de los chicos\/as que comparten a diario con nuestros hijos\/as. Busquemos aliados.<\/p>\n","protected":false},"excerpt":{"rendered":"<p>Incluye una serie de recomendaciones para propiciar di\u00e1logos en las familias vinculados a los riesgos de consumo de alcohol por<\/p>\n","protected":false},"author":2,"featured_media":101885,"comment_status":"closed","ping_status":"closed","sticky":false,"template":"","format":"standard","meta":{"_jetpack_memberships_contains_paid_content":false,"footnotes":""},"categories":[6],"tags":[],"class_list":["post-101884","post","type-post","status-publish","format-standard","has-post-thumbnail","hentry","category-nacionales"],"jetpack_featured_media_url":"https:\/\/i0.wp.com\/cdnoticias.com\/wp-content\/uploads\/2023\/11\/no-alcohol.jpg?fit=1338%2C813&ssl=1","jetpack_sharing_enabled":true,"_links":{"self":[{"href":"https:\/\/cdnoticias.com\/index.php\/wp-json\/wp\/v2\/posts\/101884","targetHints":{"allow":["GET"]}}],"collection":[{"href":"https:\/\/cdnoticias.com\/index.php\/wp-json\/wp\/v2\/posts"}],"about":[{"href":"https:\/\/cdnoticias.com\/index.php\/wp-json\/wp\/v2\/types\/post"}],"author":[{"embeddable":true,"href":"https:\/\/cdnoticias.com\/index.php\/wp-json\/wp\/v2\/users\/2"}],"replies":[{"embeddable":true,"href":"https:\/\/cdnoticias.com\/index.php\/wp-json\/wp\/v2\/comments?post=101884"}],"version-history":[{"count":0,"href":"https:\/\/cdnoticias.com\/index.php\/wp-json\/wp\/v2\/posts\/101884\/revisions"}],"wp:featuredmedia":[{"embeddable":true,"href":"https:\/\/cdnoticias.com\/index.php\/wp-json\/wp\/v2\/media\/101885"}],"wp:attachment":[{"href":"https:\/\/cdnoticias.com\/index.php\/wp-json\/wp\/v2\/media?parent=101884"}],"wp:term":[{"taxonomy":"category","embeddable":true,"href":"https:\/\/cdnoticias.com\/index.php\/wp-json\/wp\/v2\/categories?post=101884"},{"taxonomy":"post_tag","embeddable":true,"href":"https:\/\/cdnoticias.com\/index.php\/wp-json\/wp\/v2\/tags?post=101884"}],"curies":[{"name":"wp","href":"https:\/\/api.w.org\/{rel}","templated":true}]}}