{"id":101881,"date":"2023-11-15T19:01:54","date_gmt":"2023-11-15T22:01:54","guid":{"rendered":"https:\/\/cdnoticias.com\/?p=101881"},"modified":"2023-11-16T08:05:23","modified_gmt":"2023-11-16T11:05:23","slug":"los-docentes-acordaron-con-kicillof-cobraran-un-incremento-del-22-en-noviembre","status":"publish","type":"post","link":"https:\/\/cdnoticias.com\/index.php\/2023\/11\/15\/los-docentes-acordaron-con-kicillof-cobraran-un-incremento-del-22-en-noviembre\/","title":{"rendered":"Los docentes acordaron con Kicillof: cobrar\u00e1n un incremento del 22% en noviembre"},"content":{"rendered":"\n<p>Suteba, Udocba y Sadop ya aceptaron la oferta y hay acuerdo. Faltan responder FEB y AMET.<\/p>\n\n\n\n<hr class=\"wp-block-separator aligncenter has-alpha-channel-opacity\"\/>\n\n\n\n<p>El <strong>Gobierno bonaerense logr\u00f3 un nuevo acuerdo con los gremios docentes y los maestros <\/strong>quienes recibir\u00e1n un<strong> incremento del 22% en noviembre,<\/strong> para alcanzar un 117% en lo que va de 2023.<\/p>\n\n\n\n<p><\/p>\n\n\n\n<p>El Ejecutivo recibi\u00f3 ayer a los gremios docentes y ofert\u00f3 un incremento de 22 puntos porcentuales para noviembre sobre la base de febrero, con la promesa de continuar trabajando en un aumento para diciembre.<\/p>\n\n\n\n<p><\/p>\n\n\n\n<p>Seg\u00fan pudo averiguar DIB, la propuesta esgrimida por provincia fue <strong>aceptada en las \u00faltimas horas por Suteba, Udocba y Sadop,<\/strong> alcanzando un <strong>acuerdo por mayor\u00eda<\/strong>. De cualquier manera, <strong>falta saber c\u00f3mo responder\u00e1n FEB y AMET.<\/strong><\/p>\n\n\n\n<p><\/p>\n\n\n\n<blockquote class=\"wp-block-quote is-layout-flow wp-block-quote-is-layout-flow\">\n<p>Con el nuevo acuerdo, los docentes alcanzaron un incremento del 117% desde febrero. As\u00ed, el salario de bolsillo para un ingresante, con conectividad y material did\u00e1ctico de la siguiente manera, queda de la siguiente manera: maestro de grado, $ 265.000; maestro de grado con quinta hora, $ 328.060; profesor con 20 m\u00f3dulos, $ 384.741; y preceptor, $232.415.<\/p>\n<\/blockquote>\n\n\n\n<p><\/p>\n\n\n\n<p>Adem\u00e1s, las partes acordaron la continuidad de la cl\u00e1usula de \u201crevisi\u00f3n y actualizaci\u00f3n salarial\u201d. En los pr\u00f3ximos d\u00edas volver\u00e1n a reunirse para trabajar en un incremento para el mes de diciembre y terminar con la paritaria 2023.<\/p>\n\n\n\n<p><\/p>\n\n\n\n<p><em>Fuente: DIB<\/em><\/p>\n","protected":false},"excerpt":{"rendered":"<p>Suteba, Udocba y Sadop ya aceptaron la oferta y hay acuerdo. Faltan responder FEB y AMET. El Gobierno bonaerense logr\u00f3<\/p>\n","protected":false},"author":6,"featured_media":101882,"comment_status":"closed","ping_status":"closed","sticky":false,"template":"","format":"standard","meta":{"_jetpack_memberships_contains_paid_content":false,"footnotes":""},"categories":[6],"tags":[],"class_list":["post-101881","post","type-post","status-publish","format-standard","has-post-thumbnail","hentry","category-nacionales"],"jetpack_featured_media_url":"https:\/\/i0.wp.com\/cdnoticias.com\/wp-content\/uploads\/2023\/11\/paritarias-docentes-nov-2023.jpeg?fit=880%2C586&ssl=1","jetpack_sharing_enabled":true,"_links":{"self":[{"href":"https:\/\/cdnoticias.com\/index.php\/wp-json\/wp\/v2\/posts\/101881","targetHints":{"allow":["GET"]}}],"collection":[{"href":"https:\/\/cdnoticias.com\/index.php\/wp-json\/wp\/v2\/posts"}],"about":[{"href":"https:\/\/cdnoticias.com\/index.php\/wp-json\/wp\/v2\/types\/post"}],"author":[{"embeddable":true,"href":"https:\/\/cdnoticias.com\/index.php\/wp-json\/wp\/v2\/users\/6"}],"replies":[{"embeddable":true,"href":"https:\/\/cdnoticias.com\/index.php\/wp-json\/wp\/v2\/comments?post=101881"}],"version-history":[{"count":0,"href":"https:\/\/cdnoticias.com\/index.php\/wp-json\/wp\/v2\/posts\/101881\/revisions"}],"wp:featuredmedia":[{"embeddable":true,"href":"https:\/\/cdnoticias.com\/index.php\/wp-json\/wp\/v2\/media\/101882"}],"wp:attachment":[{"href":"https:\/\/cdnoticias.com\/index.php\/wp-json\/wp\/v2\/media?parent=101881"}],"wp:term":[{"taxonomy":"category","embeddable":true,"href":"https:\/\/cdnoticias.com\/index.php\/wp-json\/wp\/v2\/categories?post=101881"},{"taxonomy":"post_tag","embeddable":true,"href":"https:\/\/cdnoticias.com\/index.php\/wp-json\/wp\/v2\/tags?post=101881"}],"curies":[{"name":"wp","href":"https:\/\/api.w.org\/{rel}","templated":true}]}}