{"id":101874,"date":"2023-11-15T18:21:10","date_gmt":"2023-11-15T21:21:10","guid":{"rendered":"https:\/\/cdnoticias.com\/?p=101874"},"modified":"2023-11-15T20:30:27","modified_gmt":"2023-11-15T23:30:27","slug":"la-facultad-de-ingenieria-enumero-las-obras-realizadas-en-el-campus-universitario","status":"publish","type":"post","link":"https:\/\/cdnoticias.com\/index.php\/2023\/11\/15\/la-facultad-de-ingenieria-enumero-las-obras-realizadas-en-el-campus-universitario\/","title":{"rendered":"La Facultad de Ingenier\u00eda enumer\u00f3 las obras realizadas en el Campus Universitario"},"content":{"rendered":"\n<p>El m\u00e1s importante es el nuevo edificio para Ingenier\u00eda en Agrimensura. El avance del techado del play\u00f3n deportivo, un aula para posgrado, nueva aula taller y nueva zona administrativa.<\/p>\n\n\n\n<hr class=\"wp-block-separator aligncenter has-alpha-channel-opacity\"\/>\n\n\n\n<p>El <strong>Complejo Universitario de la Unicen en Olavarr\u00eda se convirti\u00f3 en un \u201cpoderoso centro de saber\u201d <\/strong>plagado de edificios y alternativas para que los estudiantes de las diversas opciones acad\u00e9micas de la universidad -incluso la escuela secundaria- puedan <strong>recorrer sus carreras de forma integral y con la mayor calidad educativa p\u00fablica posible.<\/strong><\/p>\n\n\n\n<p>Es por ello que <strong>desde la Facultad de Ingenier\u00eda se enumeraron al menos cinco obras que mostraron el crecimiento de la sede acad\u00e9mica y la oferta de la Unicen en nuestra ciudad y con injerencia en toda la regi\u00f3n.<\/strong><\/p>\n\n\n\n<p>El proyecto que ostenta el mayor avance al d\u00eda de hoy es el<strong> Edificio de Ingenier\u00eda en Agrimensura. Contar\u00e1 con 325 m2 cubiertos,<\/strong> y estar\u00e1 ubicado en un espacio contiguo al Auditorio FIO, siguiendo la misma l\u00ednea arquitect\u00f3nica del complejo. Este proyecto contempla la presencia de oficinas, un sector para la guarda de instrumental, un laboratorio de metrolog\u00eda, un gabinete para clases y conferencias, un mini-SUM para videoconferencias, sanitarios, cocina, parrilla y un hall de usos m\u00faltiples.<\/p>\n\n\n\n<blockquote class=\"wp-block-quote is-layout-flow wp-block-quote-is-layout-flow\">\n<p>Ya se ha realizado el movimiento de suelos y se sustanci\u00f3 el concurso de precios para la construcci\u00f3n del edificio. Cabe acotar que los fondos de este emprendimiento son aportados por el Consejo Profesional de Agrimensura de la provincia de Buenos Aires.<\/p>\n<\/blockquote>\n\n\n\n<figure class=\"wp-block-image size-large\"><img data-recalc-dims=\"1\" loading=\"lazy\" decoding=\"async\" width=\"800\" height=\"452\" src=\"https:\/\/i0.wp.com\/cdnoticias.com\/wp-content\/uploads\/2023\/11\/obrasCUO.jpg?resize=800%2C452&#038;ssl=1\" alt=\"\" class=\"wp-image-101876\" srcset=\"https:\/\/i0.wp.com\/cdnoticias.com\/wp-content\/uploads\/2023\/11\/obrasCUO.jpg?resize=1024%2C578&amp;ssl=1 1024w, https:\/\/i0.wp.com\/cdnoticias.com\/wp-content\/uploads\/2023\/11\/obrasCUO.jpg?resize=300%2C169&amp;ssl=1 300w, https:\/\/i0.wp.com\/cdnoticias.com\/wp-content\/uploads\/2023\/11\/obrasCUO.jpg?resize=768%2C433&amp;ssl=1 768w, https:\/\/i0.wp.com\/cdnoticias.com\/wp-content\/uploads\/2023\/11\/obrasCUO.jpg?w=1500&amp;ssl=1 1500w\" sizes=\"auto, (max-width: 800px) 100vw, 800px\" \/><\/figure>\n\n\n\n<p>Otra obra con ejecuci\u00f3n inminente es <strong>el techado del play\u00f3n deportivo de 1100m2.<\/strong> <em>\u201cAdem\u00e1s del valor edilicio en s\u00ed mismo, este proyecto tiene un gran valor simb\u00f3lico ya que representa la posibilidad de pensar a futuro e ilusionarnos con un gimnasio cerrado. Eso dar\u00eda un gran salto de calidad a la oferta de actividades deportivas que podr\u00eda brindar la Universidad\u201d<\/em>, expresa el <strong>Secretario General de la FIO, N\u00e9stor Ferreyra.<\/strong><\/p>\n\n\n\n<p>Con aprobaci\u00f3n en el seno de la Unicen, a<strong>unque sujeto a otros tr\u00e1mites en los que el destino pol\u00edtico del pa\u00eds juega un papel importante, se encuentra otro paquete de obras denominado \u201cEdificios Aulas &#8211; Sede Olavarr\u00eda\u201d.<\/strong><\/p>\n\n\n\n<p><strong>Para el caso de Ingenier\u00eda, esta l\u00ednea implica la construcci\u00f3n de un edificio con un Aula para el Posgrado, oficinas para sus \u00e1reas de Extensi\u00f3n, Vinculaci\u00f3n, Transferencia, Investigaci\u00f3n, Posgrado y Comunicaci\u00f3n, adem\u00e1s de un lactario, sanitarios y servicios. <\/strong>Est\u00e1 proyectado entre el edificio central y el edificio de Ingenier\u00eda Civil, vinculado al primero, a trav\u00e9s de un hall semi-cubierto y contar\u00e1 con 195 m2 totales cubiertos.<\/p>\n\n\n\n<figure class=\"wp-block-image size-full\"><img data-recalc-dims=\"1\" loading=\"lazy\" decoding=\"async\" width=\"800\" height=\"478\" src=\"https:\/\/i0.wp.com\/cdnoticias.com\/wp-content\/uploads\/2023\/11\/obras_campus.jpg?resize=800%2C478&#038;ssl=1\" alt=\"\" class=\"wp-image-101875\" srcset=\"https:\/\/i0.wp.com\/cdnoticias.com\/wp-content\/uploads\/2023\/11\/obras_campus.jpg?w=1000&amp;ssl=1 1000w, https:\/\/i0.wp.com\/cdnoticias.com\/wp-content\/uploads\/2023\/11\/obras_campus.jpg?resize=300%2C179&amp;ssl=1 300w, https:\/\/i0.wp.com\/cdnoticias.com\/wp-content\/uploads\/2023\/11\/obras_campus.jpg?resize=768%2C459&amp;ssl=1 768w\" sizes=\"auto, (max-width: 800px) 100vw, 800px\" \/><\/figure>\n\n\n\n<p>A eso se suma un Aula Taller de 85 m2 situada en forma adyacente al Decanato. Cabe acotar que la construcci\u00f3n o reconversi\u00f3n de Aulas Taller <em>\u201csigue una l\u00ednea pedag\u00f3gica establecida por la FIO, que busca generar los espacios en los que el alumnado pueda interactuar de manera directa con instrumental y equipamiento, tratando de que no solo se aprenda el saber sino tambi\u00e9n el saber hacer\u201d,<\/em> manifiesta Ferreyra.<\/p>\n\n\n\n<p>Por su parte, <strong>este paquete prev\u00e9 la ejecuci\u00f3n de Aulas taller y Laboratorios que contempla la construcci\u00f3n de oficinas, una sala para la virtualidad y una de prensa, y un aula de pr\u00e1cticas profesionales, adem\u00e1s de un lactario y hall de ingreso; estar\u00e1n destinadas a atender necesidades de la Facultad de Ciencias Sociales. Con una ubicaci\u00f3n prevista en las cercan\u00edas del actual edificio de FACSO, el nuevo emprendimiento contar\u00e1 con 286 m2.<\/strong><\/p>\n","protected":false},"excerpt":{"rendered":"<p>El m\u00e1s importante es el nuevo edificio para Ingenier\u00eda en Agrimensura. El avance del techado del play\u00f3n deportivo, un aula<\/p>\n","protected":false},"author":2,"featured_media":101877,"comment_status":"closed","ping_status":"closed","sticky":false,"template":"","format":"standard","meta":{"_jetpack_memberships_contains_paid_content":false,"footnotes":""},"categories":[5,1],"tags":[],"class_list":["post-101874","post","type-post","status-publish","format-standard","has-post-thumbnail","hentry","category-informacion-general","category-portada"],"jetpack_featured_media_url":"https:\/\/i0.wp.com\/cdnoticias.com\/wp-content\/uploads\/2023\/11\/agrimensura.jpg?fit=1000%2C582&ssl=1","jetpack_sharing_enabled":true,"_links":{"self":[{"href":"https:\/\/cdnoticias.com\/index.php\/wp-json\/wp\/v2\/posts\/101874","targetHints":{"allow":["GET"]}}],"collection":[{"href":"https:\/\/cdnoticias.com\/index.php\/wp-json\/wp\/v2\/posts"}],"about":[{"href":"https:\/\/cdnoticias.com\/index.php\/wp-json\/wp\/v2\/types\/post"}],"author":[{"embeddable":true,"href":"https:\/\/cdnoticias.com\/index.php\/wp-json\/wp\/v2\/users\/2"}],"replies":[{"embeddable":true,"href":"https:\/\/cdnoticias.com\/index.php\/wp-json\/wp\/v2\/comments?post=101874"}],"version-history":[{"count":0,"href":"https:\/\/cdnoticias.com\/index.php\/wp-json\/wp\/v2\/posts\/101874\/revisions"}],"wp:featuredmedia":[{"embeddable":true,"href":"https:\/\/cdnoticias.com\/index.php\/wp-json\/wp\/v2\/media\/101877"}],"wp:attachment":[{"href":"https:\/\/cdnoticias.com\/index.php\/wp-json\/wp\/v2\/media?parent=101874"}],"wp:term":[{"taxonomy":"category","embeddable":true,"href":"https:\/\/cdnoticias.com\/index.php\/wp-json\/wp\/v2\/categories?post=101874"},{"taxonomy":"post_tag","embeddable":true,"href":"https:\/\/cdnoticias.com\/index.php\/wp-json\/wp\/v2\/tags?post=101874"}],"curies":[{"name":"wp","href":"https:\/\/api.w.org\/{rel}","templated":true}]}}