{"id":10186,"date":"2022-01-03T09:37:58","date_gmt":"2022-01-03T12:37:58","guid":{"rendered":"http:\/\/centraldeportes.com.ar\/?p=10186"},"modified":"2025-02-02T02:02:48","modified_gmt":"2025-02-02T05:02:48","slug":"juani-barbieri-jugara-la-primera-nacional","status":"publish","type":"post","link":"https:\/\/cdnoticias.com\/index.php\/2022\/01\/03\/juani-barbieri-jugara-la-primera-nacional\/","title":{"rendered":"\u201cJuani\u201d Barbieri jugar\u00e1 la Primera Nacional"},"content":{"rendered":"<p>Juan Ignacio Barbieri se transform\u00f3 en las \u00faltimas horas en jugador de Flandria y tendr\u00e1 su chance en la Primera Nacional tras su paso por la tercera categor\u00eda del f\u00fatbol de ascenso metropolitano.<!--more--><\/p>\n<hr \/>\n<p>El olavarriense firm\u00f3 su v\u00ednculo con el \u201cCanario\u201d, equipo recientemente ascendido a la Primera Nacional y este lunes inici\u00f3 los trabajos de pretemporada a la par de sus compa\u00f1eros.<\/p>\n<p>&nbsp;<\/p>\n<p>Barbieri viene de jugar la pasada temporada en la Primera Metropolitana en Defensores Unidos y en este 2022 tendr\u00e1 la chance en la segunda categor\u00eda del f\u00fatbol argentino con el equipo de J\u00e1uregui que logr\u00f3 el ascenso al derrotar a Colegiales por penales.<\/p>\n","protected":false},"excerpt":{"rendered":"<p>Juan Ignacio Barbieri se transform\u00f3 en las \u00faltimas horas en jugador de Flandria y tendr\u00e1 su chance en la Primera<\/p>\n","protected":false},"author":96739694,"featured_media":145981,"comment_status":"closed","ping_status":"closed","sticky":false,"template":"","format":"standard","meta":{"_jetpack_memberships_contains_paid_content":false,"footnotes":""},"categories":[35,37,1],"tags":[],"class_list":["post-10186","post","type-post","status-publish","format-standard","has-post-thumbnail","hentry","category-futbol","category-futbol-profesional","category-portada"],"jetpack_featured_media_url":"https:\/\/i0.wp.com\/cdnoticias.com\/wp-content\/uploads\/2022\/01\/WhatsApp-Image-2022-01-03-at-09.36.42.jpeg?fit=800%2C445&ssl=1","jetpack_sharing_enabled":true,"_links":{"self":[{"href":"https:\/\/cdnoticias.com\/index.php\/wp-json\/wp\/v2\/posts\/10186","targetHints":{"allow":["GET"]}}],"collection":[{"href":"https:\/\/cdnoticias.com\/index.php\/wp-json\/wp\/v2\/posts"}],"about":[{"href":"https:\/\/cdnoticias.com\/index.php\/wp-json\/wp\/v2\/types\/post"}],"author":[{"embeddable":true,"href":"https:\/\/cdnoticias.com\/index.php\/wp-json\/wp\/v2\/users\/96739694"}],"replies":[{"embeddable":true,"href":"https:\/\/cdnoticias.com\/index.php\/wp-json\/wp\/v2\/comments?post=10186"}],"version-history":[{"count":0,"href":"https:\/\/cdnoticias.com\/index.php\/wp-json\/wp\/v2\/posts\/10186\/revisions"}],"wp:featuredmedia":[{"embeddable":true,"href":"https:\/\/cdnoticias.com\/index.php\/wp-json\/wp\/v2\/media\/145981"}],"wp:attachment":[{"href":"https:\/\/cdnoticias.com\/index.php\/wp-json\/wp\/v2\/media?parent=10186"}],"wp:term":[{"taxonomy":"category","embeddable":true,"href":"https:\/\/cdnoticias.com\/index.php\/wp-json\/wp\/v2\/categories?post=10186"},{"taxonomy":"post_tag","embeddable":true,"href":"https:\/\/cdnoticias.com\/index.php\/wp-json\/wp\/v2\/tags?post=10186"}],"curies":[{"name":"wp","href":"https:\/\/api.w.org\/{rel}","templated":true}]}}