{"id":101859,"date":"2023-11-15T20:29:38","date_gmt":"2023-11-15T23:29:38","guid":{"rendered":"https:\/\/cdnoticias.com\/?p=101859"},"modified":"2023-11-16T08:53:32","modified_gmt":"2023-11-16T11:53:32","slug":"comenzo-una-colecta-de-mallas-para-los-chicos-y-chicas-del-programa-patios-abiertos","status":"publish","type":"post","link":"https:\/\/cdnoticias.com\/index.php\/2023\/11\/15\/comenzo-una-colecta-de-mallas-para-los-chicos-y-chicas-del-programa-patios-abiertos\/","title":{"rendered":"Comenz\u00f3 una colecta de mallas para los chicos y chicas del programa Patios Abiertos"},"content":{"rendered":"<p>Desde la Escuela Primaria 52 juntan mallas y toallones para ni\u00f1os y adolescentes de 3 a 14 a\u00f1os que en diciembre asistir\u00e1n a las escuelas de verano. Natalia, una de las docentes, cont\u00f3 sobre el programa y la campa\u00f1a que se realiza por segunda vez.<!--more--><\/p>\n<hr \/>\n<p>Desde el <strong>Programa Patios Abiertos de la Escuela Primaria 52<\/strong> se lanz\u00f3 una <strong>campa\u00f1a de colecta de mallas<\/strong> para los chicos que desde el mes que viene van a concurrir a las <strong>propuestas de verano que se coordinan con el Municipio<\/strong>.<\/p>\n<p>&nbsp;<\/p>\n<p><strong>Natalia Parserisas<\/strong>, una de las docentes del programa en la escuela ubicada en Piedras y Del Valle, habl\u00f3 con <strong>Central de Noticias<\/strong> sobre la iniciativa. Cont\u00f3 que<strong> la campa\u00f1a ya se hizo el a\u00f1o pasado<\/strong> con el mismo objetivo y que cumpli\u00f3 con su prop\u00f3sito, con lo que <strong>agradeci\u00f3 a la comunidad por el apoyo<\/strong>.<\/p>\n<p>&nbsp;<\/p>\n<p>El programa Patios Abiertos <strong>funciona los s\u00e1bados de 9 a 13 en la Escuela 52<\/strong>. Los chicos reciben desayuno y almuerzo, y adem\u00e1s se les entrega mercader\u00eda. Se brindan talleres de arte, teatro, deporte y m\u00e1s disciplinas. Est\u00e1 pensado como <em>\u201cespacio de contenci\u00f3n\u201d para \u201cchicos con vulnerabilidad social\u201d<\/em>.<\/p>\n<p>&nbsp;<\/p>\n<blockquote><p>\u201cNosotros acompa\u00f1amos a los chicos desde cualquier \u00e1rea, tanto emocional como social. En este caso hicimos esta campa\u00f1a de mallas porque hay nenes que no pueden comprarse una y as\u00ed podr\u00e1n asistir a la escuelita de verano\u201d explic\u00f3 Natalia.<\/p><\/blockquote>\n<p>&nbsp;<\/p>\n<p>En ese sentido, la campa\u00f1a consiste en el pedido de<strong> donaci\u00f3n de mallas para ni\u00f1os y ni\u00f1as de 3 a 14 a\u00f1os<\/strong>. Tambi\u00e9n se necesitan <strong>toallones<\/strong>.<\/p>\n<p>&nbsp;<\/p>\n<p>La colecta comenz\u00f3 la semana pasada y se extender\u00e1 <strong>hasta los primeros d\u00edas de diciembre<\/strong>.<\/p>\n<blockquote><p>Natalia pasa a retirar las mallas que se puedan donar. Pueden contactarla al 2284-583010. Tambi\u00e9n pueden comunicarse a la cuenta de Instagram del programa: @patiosabiertosep52. Asimismo, colabora con la campa\u00f1a el comercio de Mu\u00f1oz 2184, @pelu.nenekids a donde pueden acercarse las donaciones.<\/p><\/blockquote>\n<p>&nbsp;<\/p>\n<p><strong>\u201cEl a\u00f1o pasado tambi\u00e9n hicimos la campa\u00f1a<\/strong> porque vimos que los nenes nos ped\u00edan, nos dec\u00edan que iban a comenzar la escuelita de verano pero no ten\u00edan malla o no ten\u00eda toallones. Entonces la idea surgi\u00f3 entre las docentes que \u00edbamos hacer una campa\u00f1a. Y la gente responde\u201d cont\u00f3 Natalia.<\/p>\n<p>&nbsp;<\/p>\n<blockquote><p>Destac\u00f3 que \u201ctodas las mallas que conseguimos, si bien son usadas son de muy buena calidad y los chicos, re contentos. No solamente hicimos la de mallas, antes hicimos tambi\u00e9n de zapatillas. Los chicos el a\u00f1o pasado se llevaron su caja de zapatillas. Estamos agradecidos porque la gente nos responde y nos dona\u201d.<\/p><\/blockquote>\n<p>&nbsp;<\/p>\n","protected":false},"excerpt":{"rendered":"<p>Desde la Escuela Primaria 52 juntan mallas y toallones para ni\u00f1os y adolescentes de 3 a 14 a\u00f1os que en<\/p>\n","protected":false},"author":4,"featured_media":101834,"comment_status":"closed","ping_status":"closed","sticky":false,"template":"","format":"standard","meta":{"_jetpack_memberships_contains_paid_content":false,"footnotes":""},"categories":[5,1],"tags":[],"class_list":["post-101859","post","type-post","status-publish","format-standard","has-post-thumbnail","hentry","category-informacion-general","category-portada"],"jetpack_featured_media_url":"https:\/\/i0.wp.com\/cdnoticias.com\/wp-content\/uploads\/2023\/11\/campana-de-mallas-00.jpg?fit=1000%2C556&ssl=1","jetpack_sharing_enabled":true,"_links":{"self":[{"href":"https:\/\/cdnoticias.com\/index.php\/wp-json\/wp\/v2\/posts\/101859","targetHints":{"allow":["GET"]}}],"collection":[{"href":"https:\/\/cdnoticias.com\/index.php\/wp-json\/wp\/v2\/posts"}],"about":[{"href":"https:\/\/cdnoticias.com\/index.php\/wp-json\/wp\/v2\/types\/post"}],"author":[{"embeddable":true,"href":"https:\/\/cdnoticias.com\/index.php\/wp-json\/wp\/v2\/users\/4"}],"replies":[{"embeddable":true,"href":"https:\/\/cdnoticias.com\/index.php\/wp-json\/wp\/v2\/comments?post=101859"}],"version-history":[{"count":0,"href":"https:\/\/cdnoticias.com\/index.php\/wp-json\/wp\/v2\/posts\/101859\/revisions"}],"wp:featuredmedia":[{"embeddable":true,"href":"https:\/\/cdnoticias.com\/index.php\/wp-json\/wp\/v2\/media\/101834"}],"wp:attachment":[{"href":"https:\/\/cdnoticias.com\/index.php\/wp-json\/wp\/v2\/media?parent=101859"}],"wp:term":[{"taxonomy":"category","embeddable":true,"href":"https:\/\/cdnoticias.com\/index.php\/wp-json\/wp\/v2\/categories?post=101859"},{"taxonomy":"post_tag","embeddable":true,"href":"https:\/\/cdnoticias.com\/index.php\/wp-json\/wp\/v2\/tags?post=101859"}],"curies":[{"name":"wp","href":"https:\/\/api.w.org\/{rel}","templated":true}]}}