{"id":101838,"date":"2023-11-15T13:01:24","date_gmt":"2023-11-15T16:01:24","guid":{"rendered":"https:\/\/cdnoticias.com\/?p=101838"},"modified":"2023-11-15T15:35:55","modified_gmt":"2023-11-15T18:35:55","slug":"acto-en-homenaje-a-la-memoria-de-los-tripulantes-del-ara-san-juan","status":"publish","type":"post","link":"https:\/\/cdnoticias.com\/index.php\/2023\/11\/15\/acto-en-homenaje-a-la-memoria-de-los-tripulantes-del-ara-san-juan\/","title":{"rendered":"Acto en homenaje a la memoria de los tripulantes del ARA San Juan"},"content":{"rendered":"<p>Se desarroll\u00f3 en la ma\u00f1ana de este mi\u00e9rcoles en Hinojo, al cumplirse 6 a\u00f1os del hundimiento. Fue encabezado por los padres de Diego Wagner Clar y estuvieron autoridades municipales.<!--more--><\/p>\n<hr \/>\n<p>En la ma\u00f1ana de este mi\u00e9rcoles<strong> el anfiteatro \u201cRoy\u00e9 Lacoste\u201d de la localidad de Hinojo<\/strong> fue sede de un nuevo acto en <strong>homenaje a la memoria de Diego Wagner Clar y los tripulantes del ARA San Juan<\/strong>, al cumplirse 6 a\u00f1os de su hundimiento.<\/p>\n<p>&nbsp;<\/p>\n<p>El acto fue encabezado por los <strong>padres de Diego Wagner Clar<\/strong> y estuvieron autoridades municipales entre quienes se destac\u00f3 el <strong>intendente interino Juan Mujica<\/strong>, secretarios y concejales. Tambi\u00e9n particip\u00f3 el <strong>intendente electo y concejal Maximiliano Wesner<\/strong>. Asistieron a su vez representantes de instituciones locales, amigos y compa\u00f1eros de Diego Wagner de la Escuela Naval Promoci\u00f3n 133, representantes de las Fuerzas Armadas y vecinos de Hinojo.<\/p>\n<p>&nbsp;<\/p>\n<p><img data-recalc-dims=\"1\" loading=\"lazy\" decoding=\"async\" class=\"alignnone size-full wp-image-101840\" src=\"https:\/\/i0.wp.com\/cdnoticias.com\/wp-content\/uploads\/2023\/11\/Acto-Ara-San-Juan-2-scaled-1.jpg?resize=800%2C445&#038;ssl=1\" alt=\"\" width=\"800\" height=\"445\" srcset=\"https:\/\/i0.wp.com\/cdnoticias.com\/wp-content\/uploads\/2023\/11\/Acto-Ara-San-Juan-2-scaled-1.jpg?w=1000&amp;ssl=1 1000w, https:\/\/i0.wp.com\/cdnoticias.com\/wp-content\/uploads\/2023\/11\/Acto-Ara-San-Juan-2-scaled-1.jpg?resize=300%2C167&amp;ssl=1 300w, https:\/\/i0.wp.com\/cdnoticias.com\/wp-content\/uploads\/2023\/11\/Acto-Ara-San-Juan-2-scaled-1.jpg?resize=768%2C427&amp;ssl=1 768w, https:\/\/i0.wp.com\/cdnoticias.com\/wp-content\/uploads\/2023\/11\/Acto-Ara-San-Juan-2-scaled-1.jpg?resize=800%2C445&amp;ssl=1 800w\" sizes=\"auto, (max-width: 800px) 100vw, 800px\" \/><\/p>\n<p>&nbsp;<\/p>\n<p><img data-recalc-dims=\"1\" loading=\"lazy\" decoding=\"async\" class=\"alignnone size-full wp-image-101843\" src=\"https:\/\/i0.wp.com\/cdnoticias.com\/wp-content\/uploads\/2023\/11\/Acto-Ara-San-Juan-3-scaled-1.jpg?resize=800%2C445&#038;ssl=1\" alt=\"\" width=\"800\" height=\"445\" srcset=\"https:\/\/i0.wp.com\/cdnoticias.com\/wp-content\/uploads\/2023\/11\/Acto-Ara-San-Juan-3-scaled-1.jpg?w=1000&amp;ssl=1 1000w, https:\/\/i0.wp.com\/cdnoticias.com\/wp-content\/uploads\/2023\/11\/Acto-Ara-San-Juan-3-scaled-1.jpg?resize=300%2C167&amp;ssl=1 300w, https:\/\/i0.wp.com\/cdnoticias.com\/wp-content\/uploads\/2023\/11\/Acto-Ara-San-Juan-3-scaled-1.jpg?resize=768%2C427&amp;ssl=1 768w, https:\/\/i0.wp.com\/cdnoticias.com\/wp-content\/uploads\/2023\/11\/Acto-Ara-San-Juan-3-scaled-1.jpg?resize=800%2C445&amp;ssl=1 800w\" sizes=\"auto, (max-width: 800px) 100vw, 800px\" \/><\/p>\n<p>&nbsp;<\/p>\n<p>La actividad, que se llev\u00f3 a cabo frente a la r\u00e9plica ubicada sobre la intersecci\u00f3n de avenida Crotto y Libertad, se inici\u00f3 minutos despu\u00e9s de las 10 con la bendici\u00f3n por parte del padre Jos\u00e9 Mar\u00eda Quatroccio.<strong> A las 10:31, hora en la que se tuvo el \u00faltimo contacto con los 44 h\u00e9roes, se procedi\u00f3 a llevar a cabo un respetuoso minuto de silencio<\/strong> que fue seguido por la entonaci\u00f3n del Himno Nacional Argentino y el aplauso de todos los presentes.<\/p>\n<p>&nbsp;<\/p>\n<p>De la conmemoraci\u00f3n tambi\u00e9n fueron parte artistas locales: Juan Carlos Banegas, Pablo Barcel\u00f3 y Gustavo Corvi.<\/p>\n<p>&nbsp;<\/p>\n<p><img data-recalc-dims=\"1\" loading=\"lazy\" decoding=\"async\" class=\"alignnone size-full wp-image-101841\" src=\"https:\/\/i0.wp.com\/cdnoticias.com\/wp-content\/uploads\/2023\/11\/Acto-Ara-San-Juan-8-scaled-1.jpg?resize=800%2C445&#038;ssl=1\" alt=\"\" width=\"800\" height=\"445\" srcset=\"https:\/\/i0.wp.com\/cdnoticias.com\/wp-content\/uploads\/2023\/11\/Acto-Ara-San-Juan-8-scaled-1.jpg?w=1000&amp;ssl=1 1000w, https:\/\/i0.wp.com\/cdnoticias.com\/wp-content\/uploads\/2023\/11\/Acto-Ara-San-Juan-8-scaled-1.jpg?resize=300%2C167&amp;ssl=1 300w, https:\/\/i0.wp.com\/cdnoticias.com\/wp-content\/uploads\/2023\/11\/Acto-Ara-San-Juan-8-scaled-1.jpg?resize=768%2C427&amp;ssl=1 768w, https:\/\/i0.wp.com\/cdnoticias.com\/wp-content\/uploads\/2023\/11\/Acto-Ara-San-Juan-8-scaled-1.jpg?resize=800%2C445&amp;ssl=1 800w\" sizes=\"auto, (max-width: 800px) 100vw, 800px\" \/><\/p>\n<p>&nbsp;<\/p>\n<p><img data-recalc-dims=\"1\" loading=\"lazy\" decoding=\"async\" class=\"alignnone size-full wp-image-101844\" src=\"https:\/\/i0.wp.com\/cdnoticias.com\/wp-content\/uploads\/2023\/11\/Acto-Ara-San-Juan-6-scaled-1.jpg?resize=800%2C445&#038;ssl=1\" alt=\"\" width=\"800\" height=\"445\" srcset=\"https:\/\/i0.wp.com\/cdnoticias.com\/wp-content\/uploads\/2023\/11\/Acto-Ara-San-Juan-6-scaled-1.jpg?w=1000&amp;ssl=1 1000w, https:\/\/i0.wp.com\/cdnoticias.com\/wp-content\/uploads\/2023\/11\/Acto-Ara-San-Juan-6-scaled-1.jpg?resize=300%2C167&amp;ssl=1 300w, https:\/\/i0.wp.com\/cdnoticias.com\/wp-content\/uploads\/2023\/11\/Acto-Ara-San-Juan-6-scaled-1.jpg?resize=768%2C427&amp;ssl=1 768w, https:\/\/i0.wp.com\/cdnoticias.com\/wp-content\/uploads\/2023\/11\/Acto-Ara-San-Juan-6-scaled-1.jpg?resize=800%2C445&amp;ssl=1 800w\" sizes=\"auto, (max-width: 800px) 100vw, 800px\" \/><\/p>\n<p>&nbsp;<\/p>\n<blockquote><p>\u201cHace 6 a\u00f1os se hundi\u00f3 un submarino con 44 tripulantes, 44 historias, 44 seres amados. Hijos, esposos, hermana, hermanos, como nuestro Diego Manuel\u201d, enfatiz\u00f3 visiblemente emocionado su padre, Emilio Wagner. \u201cHace 6 a\u00f1os realiz\u00f3 su \u00faltima emisi\u00f3n, tambi\u00e9n haci\u00e9ndole un bien al pa\u00eds, porque all\u00ed hundido donde est\u00e1, est\u00e1 marcando una presencia, est\u00e1 marcando nuestro territorio, en el Mar Argentino hombres de carne y hueso convertidos en acero y mar\u201d, complet\u00f3.<\/p><\/blockquote>\n<p>&nbsp;<\/p>\n<p>En la ocasi\u00f3n tambi\u00e9n dio lugar al agradecimiento a todas y cada una de las personas que los han acompa\u00f1ado en estos a\u00f1os. \u201cEste lugar se construy\u00f3 en un momento de mucha incertidumbre, angustia, tristeza y al lado nuestro las personas que nos abrazaron en el dolor, con amor. Nuestro agradecimiento a todos y cada uno, <strong>siempre estaremos luchando con firmeza y entrega contra las dificultades para llegar a la verdad y a la justicia. ARA San Juan presente ahora y siempre\u201d<\/strong>, finaliz\u00f3. En ese marco hicieron entrega de un <em>presente a la Delegaci\u00f3n Municipal de Hinojo<\/em>, que fue recibido en manos de Claudio Rojas, por el mantenimiento y cuidado de ese espacio.<\/p>\n<p>&nbsp;<\/p>\n<p>Posteriormente <strong>integrantes de la Promoci\u00f3n 133 de la Escuela Naval llevaron a cabo la plantaci\u00f3n de un \u00e1rbol<\/strong>. El acto tuvo como cierre la entonaci\u00f3n de la Marcha de la Armada.<\/p>\n<p>&nbsp;<\/p>\n<p><img data-recalc-dims=\"1\" loading=\"lazy\" decoding=\"async\" class=\"alignnone size-full wp-image-101842\" src=\"https:\/\/i0.wp.com\/cdnoticias.com\/wp-content\/uploads\/2023\/11\/Acto-Ara-San-Juan-7-scaled-1.jpg?resize=800%2C446&#038;ssl=1\" alt=\"\" width=\"800\" height=\"446\" srcset=\"https:\/\/i0.wp.com\/cdnoticias.com\/wp-content\/uploads\/2023\/11\/Acto-Ara-San-Juan-7-scaled-1.jpg?w=1000&amp;ssl=1 1000w, https:\/\/i0.wp.com\/cdnoticias.com\/wp-content\/uploads\/2023\/11\/Acto-Ara-San-Juan-7-scaled-1.jpg?resize=300%2C167&amp;ssl=1 300w, https:\/\/i0.wp.com\/cdnoticias.com\/wp-content\/uploads\/2023\/11\/Acto-Ara-San-Juan-7-scaled-1.jpg?resize=768%2C428&amp;ssl=1 768w, https:\/\/i0.wp.com\/cdnoticias.com\/wp-content\/uploads\/2023\/11\/Acto-Ara-San-Juan-7-scaled-1.jpg?resize=800%2C445&amp;ssl=1 800w\" sizes=\"auto, (max-width: 800px) 100vw, 800px\" \/><\/p>\n<p>&nbsp;<\/p>\n<p><img data-recalc-dims=\"1\" loading=\"lazy\" decoding=\"async\" class=\"alignnone size-full wp-image-101845\" src=\"https:\/\/i0.wp.com\/cdnoticias.com\/wp-content\/uploads\/2023\/11\/Acto-Ara-San-Juan-5-scaled-1.jpg?resize=800%2C445&#038;ssl=1\" alt=\"\" width=\"800\" height=\"445\" srcset=\"https:\/\/i0.wp.com\/cdnoticias.com\/wp-content\/uploads\/2023\/11\/Acto-Ara-San-Juan-5-scaled-1.jpg?w=1000&amp;ssl=1 1000w, https:\/\/i0.wp.com\/cdnoticias.com\/wp-content\/uploads\/2023\/11\/Acto-Ara-San-Juan-5-scaled-1.jpg?resize=300%2C167&amp;ssl=1 300w, https:\/\/i0.wp.com\/cdnoticias.com\/wp-content\/uploads\/2023\/11\/Acto-Ara-San-Juan-5-scaled-1.jpg?resize=768%2C427&amp;ssl=1 768w, https:\/\/i0.wp.com\/cdnoticias.com\/wp-content\/uploads\/2023\/11\/Acto-Ara-San-Juan-5-scaled-1.jpg?resize=800%2C445&amp;ssl=1 800w\" sizes=\"auto, (max-width: 800px) 100vw, 800px\" \/><\/p>\n<p>&nbsp;<\/p>\n","protected":false},"excerpt":{"rendered":"<p>Se desarroll\u00f3 en la ma\u00f1ana de este mi\u00e9rcoles en Hinojo, al cumplirse 6 a\u00f1os del hundimiento. Fue encabezado por los<\/p>\n","protected":false},"author":4,"featured_media":101839,"comment_status":"closed","ping_status":"closed","sticky":false,"template":"","format":"standard","meta":{"_jetpack_memberships_contains_paid_content":false,"footnotes":""},"categories":[5,1],"tags":[],"class_list":["post-101838","post","type-post","status-publish","format-standard","has-post-thumbnail","hentry","category-informacion-general","category-portada"],"jetpack_featured_media_url":"https:\/\/i0.wp.com\/cdnoticias.com\/wp-content\/uploads\/2023\/11\/Acto-Ara-San-Juan-4-scaled-1.jpg?fit=1000%2C556&ssl=1","jetpack_sharing_enabled":true,"_links":{"self":[{"href":"https:\/\/cdnoticias.com\/index.php\/wp-json\/wp\/v2\/posts\/101838","targetHints":{"allow":["GET"]}}],"collection":[{"href":"https:\/\/cdnoticias.com\/index.php\/wp-json\/wp\/v2\/posts"}],"about":[{"href":"https:\/\/cdnoticias.com\/index.php\/wp-json\/wp\/v2\/types\/post"}],"author":[{"embeddable":true,"href":"https:\/\/cdnoticias.com\/index.php\/wp-json\/wp\/v2\/users\/4"}],"replies":[{"embeddable":true,"href":"https:\/\/cdnoticias.com\/index.php\/wp-json\/wp\/v2\/comments?post=101838"}],"version-history":[{"count":0,"href":"https:\/\/cdnoticias.com\/index.php\/wp-json\/wp\/v2\/posts\/101838\/revisions"}],"wp:featuredmedia":[{"embeddable":true,"href":"https:\/\/cdnoticias.com\/index.php\/wp-json\/wp\/v2\/media\/101839"}],"wp:attachment":[{"href":"https:\/\/cdnoticias.com\/index.php\/wp-json\/wp\/v2\/media?parent=101838"}],"wp:term":[{"taxonomy":"category","embeddable":true,"href":"https:\/\/cdnoticias.com\/index.php\/wp-json\/wp\/v2\/categories?post=101838"},{"taxonomy":"post_tag","embeddable":true,"href":"https:\/\/cdnoticias.com\/index.php\/wp-json\/wp\/v2\/tags?post=101838"}],"curies":[{"name":"wp","href":"https:\/\/api.w.org\/{rel}","templated":true}]}}