{"id":101827,"date":"2023-11-15T16:15:13","date_gmt":"2023-11-15T19:15:13","guid":{"rendered":"https:\/\/cdnoticias.com\/?p=101827"},"modified":"2023-11-15T19:02:11","modified_gmt":"2023-11-15T22:02:11","slug":"tenia-pedido-de-captura-y-lo-hallaron-en-pringles-casi-del-valle","status":"publish","type":"post","link":"https:\/\/cdnoticias.com\/index.php\/2023\/11\/15\/tenia-pedido-de-captura-y-lo-hallaron-en-pringles-casi-del-valle\/","title":{"rendered":"Ten\u00eda pedido de captura y lo hallaron en Pringles casi Del Valle"},"content":{"rendered":"<p>Es un hombre de 42 a\u00f1os, acusado por encubrimiento y portaci\u00f3n de arma. Llevaba una bicicleta y distintos elementos de hierro que fueron secuestrados.<!--more--><\/p>\n<hr \/>\n<p>Personal del Comando de Patrullas <strong>arrest\u00f3 a un hombre de 42 a\u00f1os<\/strong> sobre quien se hab\u00eda emitido una<strong> orden de captura<\/strong>.<\/p>\n<p>Seg\u00fan se inform\u00f3 de manera oficial, un llamado al 911 alert\u00f3 a los efectivos del sospechoso.<\/p>\n<p>En <strong>Pringles, entre Del Valle y V\u00e9lez Sarfield<\/strong>, fue hallado el hombre. Al identificarlo y constatar sus datos personales se estableci\u00f3 que desde el <strong>Juzgado Correccional<\/strong> local se hab\u00eda emitido la orden de captura en una causa caratulada <strong>\u201cencubrimiento en concurso ideal con portaci\u00f3n ilegal de arma de fuego de uso civil\u201d<\/strong>.<\/p>\n<p>Al momento de ser interceptado el hombre ten\u00eda en su poder una <strong>bicicleta estilo mountain bike rodado 26, cuatro barras de hierro y dos bloques de hierro<\/strong>. Fueron secuestrados y se iniciaron actuaciones caratuladas <strong>\u201caveriguaci\u00f3n de il\u00edcito\u201d<\/strong> con intervenci\u00f3n de la UFI N\u00ba 07.<\/p>\n","protected":false},"excerpt":{"rendered":"<p>Es un hombre de 42 a\u00f1os, acusado por encubrimiento y portaci\u00f3n de arma. Llevaba una bicicleta y distintos elementos de<\/p>\n","protected":false},"author":4,"featured_media":101828,"comment_status":"closed","ping_status":"closed","sticky":false,"template":"","format":"standard","meta":{"_jetpack_memberships_contains_paid_content":false,"footnotes":""},"categories":[14,1],"tags":[],"class_list":["post-101827","post","type-post","status-publish","format-standard","has-post-thumbnail","hentry","category-policiales","category-portada"],"jetpack_featured_media_url":"https:\/\/i0.wp.com\/cdnoticias.com\/wp-content\/uploads\/2023\/11\/pedido-de-captura-pringles-y-del-valle-00.jpg?fit=800%2C445&ssl=1","jetpack_sharing_enabled":true,"_links":{"self":[{"href":"https:\/\/cdnoticias.com\/index.php\/wp-json\/wp\/v2\/posts\/101827","targetHints":{"allow":["GET"]}}],"collection":[{"href":"https:\/\/cdnoticias.com\/index.php\/wp-json\/wp\/v2\/posts"}],"about":[{"href":"https:\/\/cdnoticias.com\/index.php\/wp-json\/wp\/v2\/types\/post"}],"author":[{"embeddable":true,"href":"https:\/\/cdnoticias.com\/index.php\/wp-json\/wp\/v2\/users\/4"}],"replies":[{"embeddable":true,"href":"https:\/\/cdnoticias.com\/index.php\/wp-json\/wp\/v2\/comments?post=101827"}],"version-history":[{"count":0,"href":"https:\/\/cdnoticias.com\/index.php\/wp-json\/wp\/v2\/posts\/101827\/revisions"}],"wp:featuredmedia":[{"embeddable":true,"href":"https:\/\/cdnoticias.com\/index.php\/wp-json\/wp\/v2\/media\/101828"}],"wp:attachment":[{"href":"https:\/\/cdnoticias.com\/index.php\/wp-json\/wp\/v2\/media?parent=101827"}],"wp:term":[{"taxonomy":"category","embeddable":true,"href":"https:\/\/cdnoticias.com\/index.php\/wp-json\/wp\/v2\/categories?post=101827"},{"taxonomy":"post_tag","embeddable":true,"href":"https:\/\/cdnoticias.com\/index.php\/wp-json\/wp\/v2\/tags?post=101827"}],"curies":[{"name":"wp","href":"https:\/\/api.w.org\/{rel}","templated":true}]}}