{"id":10181,"date":"2020-12-29T17:57:54","date_gmt":"2020-12-29T20:57:54","guid":{"rendered":"http:\/\/www.centraldenoticias.com.ar\/?p=10181"},"modified":"2020-12-29T17:57:54","modified_gmt":"2020-12-29T20:57:54","slug":"desde-provincia-llegaron-materiales-para-familias-afectadas-por-el-ultimo-temporal","status":"publish","type":"post","link":"https:\/\/cdnoticias.com\/index.php\/2020\/12\/29\/desde-provincia-llegaron-materiales-para-familias-afectadas-por-el-ultimo-temporal\/","title":{"rendered":"Desde Provincia, llegaron materiales para familias afectadas por el \u00faltimo temporal"},"content":{"rendered":"<p>Fueron enviados desde el Ministerio de Desarrollo de la Provincia de Buenos Aires.<!--more--><\/p>\n<hr \/>\n<p>Una <a href=\"https:\/\/cdnoticias.com\/index.php\/2020\/12\/19\/alerta-por-viento-se-registraron-rafagas-de-92-kilometros-por-hora\/\" target=\"_blank\" rel=\"noopener\">fuerte tormenta de viento y lluvia<\/a> se registr\u00f3 en el partido de Olavarr\u00eda y gener\u00f3 <strong>da\u00f1os en la planta urbana de la ciudad y en las localidades y zonas rurales.<\/strong><\/p>\n<p>&nbsp;<\/p>\n<p>Incluso, el intendente Ezequiel Galli<a href=\"https:\/\/cdnoticias.com\/index.php\/2020\/12\/19\/alerta-por-vientos-esto-no-ha-pasado-del-todo-todavia\/\" target=\"_blank\" rel=\"noopener\"> se reuni\u00f3 con el Comit\u00e9 de Crisis<\/a> para diagramar distintas acciones y evaluar las consecuencias del temporal.<\/p>\n<p>&nbsp;<\/p>\n<p>En ese entonces, en conferencia de prensa,<a href=\"https:\/\/cdnoticias.com\/index.php\/2020\/12\/19\/le-pido-a-la-gente-que-no-salga-a-caminar-a-los-parques\/\" target=\"_blank\" rel=\"noopener\"> el mandatario agradeci\u00f3 la predisposici\u00f3n de la Provincia<\/a> a trav\u00e9s <em>\u201cde un llamado que recib\u00ed de Federico Aguilera para ponerse a disposici\u00f3n y proveer materiales si es necesario\u201d.<\/em><\/p>\n<p>&nbsp;<\/p>\n<p>Finalmente, los materiales llegaron y seg\u00fan indic\u00f3 el subsecretario de Miner\u00eda en redes sociales<em> \u201cser\u00e1n entregados a las distintas familias afectadas por el temporal\u201d.<\/em><\/p>\n<p>&nbsp;<\/p>\n<blockquote class=\"twitter-tweet\" data-width=\"550\" data-dnt=\"true\">\n<p lang=\"es\" dir=\"ltr\">Llegaron los materiales que ser\u00e1n entregados a las distintas familias afectadas por el temporal que azot\u00f3 Olavarr\u00eda hace pocos d\u00edas. Gracias al Ministro <a href=\"https:\/\/twitter.com\/larroqueandres?ref_src=twsrc%5Etfw\">@larroqueandres<\/a> y el <a href=\"https:\/\/twitter.com\/MinDesarrolloBA?ref_src=twsrc%5Etfw\">@MinDesarrolloBA<\/a> por la predisposici\u00f3n y celeridad. <a href=\"https:\/\/t.co\/rgb5bIFXQG\">pic.twitter.com\/rgb5bIFXQG<\/a><\/p>\n<p>&mdash; Federico Aguilera (@FedericoAguile5) <a href=\"https:\/\/twitter.com\/FedericoAguile5\/status\/1343959883331334150?ref_src=twsrc%5Etfw\">December 29, 2020<\/a><\/p><\/blockquote>\n<p><script async src=\"https:\/\/platform.twitter.com\/widgets.js\" charset=\"utf-8\"><\/script><\/p>\n","protected":false},"excerpt":{"rendered":"<p>Fueron enviados desde el Ministerio de Desarrollo de la Provincia de Buenos Aires.<\/p>\n","protected":false},"author":5,"featured_media":10182,"comment_status":"closed","ping_status":"closed","sticky":false,"template":"","format":"standard","meta":{"_jetpack_memberships_contains_paid_content":false,"footnotes":""},"categories":[4,1],"tags":[],"class_list":["post-10181","post","type-post","status-publish","format-standard","has-post-thumbnail","hentry","category-politica","category-portada"],"jetpack_featured_media_url":"https:\/\/i0.wp.com\/cdnoticias.com\/wp-content\/uploads\/2020\/12\/Eqa0YzbXYAA8AhZ.jpg?fit=1280%2C854&ssl=1","jetpack_sharing_enabled":true,"_links":{"self":[{"href":"https:\/\/cdnoticias.com\/index.php\/wp-json\/wp\/v2\/posts\/10181","targetHints":{"allow":["GET"]}}],"collection":[{"href":"https:\/\/cdnoticias.com\/index.php\/wp-json\/wp\/v2\/posts"}],"about":[{"href":"https:\/\/cdnoticias.com\/index.php\/wp-json\/wp\/v2\/types\/post"}],"author":[{"embeddable":true,"href":"https:\/\/cdnoticias.com\/index.php\/wp-json\/wp\/v2\/users\/5"}],"replies":[{"embeddable":true,"href":"https:\/\/cdnoticias.com\/index.php\/wp-json\/wp\/v2\/comments?post=10181"}],"version-history":[{"count":0,"href":"https:\/\/cdnoticias.com\/index.php\/wp-json\/wp\/v2\/posts\/10181\/revisions"}],"wp:featuredmedia":[{"embeddable":true,"href":"https:\/\/cdnoticias.com\/index.php\/wp-json\/wp\/v2\/media\/10182"}],"wp:attachment":[{"href":"https:\/\/cdnoticias.com\/index.php\/wp-json\/wp\/v2\/media?parent=10181"}],"wp:term":[{"taxonomy":"category","embeddable":true,"href":"https:\/\/cdnoticias.com\/index.php\/wp-json\/wp\/v2\/categories?post=10181"},{"taxonomy":"post_tag","embeddable":true,"href":"https:\/\/cdnoticias.com\/index.php\/wp-json\/wp\/v2\/tags?post=10181"}],"curies":[{"name":"wp","href":"https:\/\/api.w.org\/{rel}","templated":true}]}}