{"id":101697,"date":"2023-11-14T08:43:05","date_gmt":"2023-11-14T11:43:05","guid":{"rendered":"https:\/\/cdnoticias.com\/?p=101697"},"modified":"2023-11-14T12:05:45","modified_gmt":"2023-11-14T15:05:45","slug":"azul-un-hombre-fallecio-en-un-accidente-en-ruta-3","status":"publish","type":"post","link":"https:\/\/cdnoticias.com\/index.php\/2023\/11\/14\/azul-un-hombre-fallecio-en-un-accidente-en-ruta-3\/","title":{"rendered":"Azul: Un hombre falleci\u00f3 en un accidente en ruta 3"},"content":{"rendered":"<p>Fue en un choque entre dos autos en el kil\u00f3metro 302 de la ruta nacional.<!--more--><\/p>\n<hr \/>\n<p>Alrededor de las 20:00 del lunes,<strong> un hombre falleci\u00f3 en un accidente entre dos autos en el kil\u00f3metro 302 de la ruta 3,<\/strong> a pocos kil\u00f3metros de Azul.<\/p>\n<p>El siniestro vial se produjo entre un <strong>Peugeot 306 conducido por un azule\u00f1o y un Mercedes Benz C200 con dos ocupantes oriundos de Puerto Madryn.<\/strong><\/p>\n<blockquote><p>Como consecuencia del impacto, falleci\u00f3 el conductor del Peugeot, identificado como Enzo Sebasti\u00e1n Buales, de 36 a\u00f1os, con domicilio en la ciudad de Azul.<\/p><\/blockquote>\n<p>En el otro veh\u00edculo, viajaba una pareja identificada como Alain Caruana de 32 a\u00f1os y Luciana Araceli Iriar Alonso de 37 a\u00f1os, quienes fueron <strong>trasladados al Hospital Municipal \u201cDr. \u00c1ngel Pintos\u201d para recibir asistencia m\u00e9dica.<\/strong><\/p>\n<p><img data-recalc-dims=\"1\" loading=\"lazy\" decoding=\"async\" class=\"alignnone size-full wp-image-101699\" src=\"https:\/\/i0.wp.com\/cdnoticias.com\/wp-content\/uploads\/2023\/11\/accidente-azul-01.jpg?resize=800%2C445&#038;ssl=1\" alt=\"\" width=\"800\" height=\"445\" srcset=\"https:\/\/i0.wp.com\/cdnoticias.com\/wp-content\/uploads\/2023\/11\/accidente-azul-01.jpg?w=800&amp;ssl=1 800w, https:\/\/i0.wp.com\/cdnoticias.com\/wp-content\/uploads\/2023\/11\/accidente-azul-01.jpg?resize=300%2C167&amp;ssl=1 300w, https:\/\/i0.wp.com\/cdnoticias.com\/wp-content\/uploads\/2023\/11\/accidente-azul-01.jpg?resize=768%2C427&amp;ssl=1 768w\" sizes=\"auto, (max-width: 800px) 100vw, 800px\" \/><\/p>\n<p>Trabajaron en el siniestro personal de bomberos, agentes de peajes \u201cCorredores Viales\u201d, m\u00e9dicos de ambulancia, personal de la Polic\u00eda Cient\u00edfica y efectivos de la Polic\u00eda Vial de Azul.<\/p>\n<p>Se instruye causa por \u201cHomicidio culposo\u201d con intervenci\u00f3n de la UFI en turno n\u00famero 13 del departamento judicial de Azul.<\/p>\n<p><em>Fuente: Noticias de Azul.<\/em><\/p>\n","protected":false},"excerpt":{"rendered":"<p>Fue en un choque entre dos autos en el kil\u00f3metro 302 de la ruta nacional.<\/p>\n","protected":false},"author":2,"featured_media":101698,"comment_status":"closed","ping_status":"closed","sticky":false,"template":"","format":"standard","meta":{"_jetpack_memberships_contains_paid_content":false,"footnotes":""},"categories":[14,1],"tags":[],"class_list":["post-101697","post","type-post","status-publish","format-standard","has-post-thumbnail","hentry","category-policiales","category-portada"],"jetpack_featured_media_url":"https:\/\/i0.wp.com\/cdnoticias.com\/wp-content\/uploads\/2023\/11\/accidente-azul-02.jpg?fit=800%2C445&ssl=1","jetpack_sharing_enabled":true,"_links":{"self":[{"href":"https:\/\/cdnoticias.com\/index.php\/wp-json\/wp\/v2\/posts\/101697","targetHints":{"allow":["GET"]}}],"collection":[{"href":"https:\/\/cdnoticias.com\/index.php\/wp-json\/wp\/v2\/posts"}],"about":[{"href":"https:\/\/cdnoticias.com\/index.php\/wp-json\/wp\/v2\/types\/post"}],"author":[{"embeddable":true,"href":"https:\/\/cdnoticias.com\/index.php\/wp-json\/wp\/v2\/users\/2"}],"replies":[{"embeddable":true,"href":"https:\/\/cdnoticias.com\/index.php\/wp-json\/wp\/v2\/comments?post=101697"}],"version-history":[{"count":0,"href":"https:\/\/cdnoticias.com\/index.php\/wp-json\/wp\/v2\/posts\/101697\/revisions"}],"wp:featuredmedia":[{"embeddable":true,"href":"https:\/\/cdnoticias.com\/index.php\/wp-json\/wp\/v2\/media\/101698"}],"wp:attachment":[{"href":"https:\/\/cdnoticias.com\/index.php\/wp-json\/wp\/v2\/media?parent=101697"}],"wp:term":[{"taxonomy":"category","embeddable":true,"href":"https:\/\/cdnoticias.com\/index.php\/wp-json\/wp\/v2\/categories?post=101697"},{"taxonomy":"post_tag","embeddable":true,"href":"https:\/\/cdnoticias.com\/index.php\/wp-json\/wp\/v2\/tags?post=101697"}],"curies":[{"name":"wp","href":"https:\/\/api.w.org\/{rel}","templated":true}]}}