{"id":101600,"date":"2023-11-12T10:47:34","date_gmt":"2023-11-12T13:47:34","guid":{"rendered":"https:\/\/cdnoticias.com\/?p=101600"},"modified":"2023-11-12T10:54:06","modified_gmt":"2023-11-12T13:54:06","slug":"milei-atrae-el-voto-radical-en-olavarria-y-se-asegura-la-fiscalizacion","status":"publish","type":"post","link":"https:\/\/cdnoticias.com\/index.php\/2023\/11\/12\/milei-atrae-el-voto-radical-en-olavarria-y-se-asegura-la-fiscalizacion\/","title":{"rendered":"Milei atrae el voto radical en Olavarr\u00eda y se asegura la fiscalizaci\u00f3n"},"content":{"rendered":"<p>Celeste Arouxet, principal referente de La Libertad Avanza en la ciudad, cont\u00f3 que ya suman fiscales para todas las mesas y escuelas. Los apoyos que se suman y el \u201cincentivo\u201d de la militancia. \u201cYo conf\u00edo en que se va a poder ganar el 19 de noviembre\u201d dijo.<!--more--><\/p>\n<hr \/>\n<p>A ocho d\u00edas de las elecciones de segunda vuelta presidencial, <em>Central de Noticias<\/em> habl\u00f3 con <strong>Celeste Arouxet<\/strong> sobre el avance de la <strong>organizaci\u00f3n de la campa\u00f1a de La Libertad Avanza en Olavarr\u00eda.<\/strong><\/p>\n<p>La principal referente del sector en nuestra ciudad destac\u00f3 que <strong>ya suman los fiscales para todas las mesas;<\/strong> a\u00fan no recibieron las boletas nuevas de Javier Milei-Victoria Villarruel, pero siguen con la entrega de las utilizadas el 22 de octubre -que son v\u00e1lidas para votar-; y si bien se mostr\u00f3 confiada en que La Libertad Avanza se impondr\u00e1 en los comicios tuvo en cuenta que<strong> \u201cva a ser una elecci\u00f3n re\u00f1ida\u201d ya que la diferencia es \u201cmuy cortita\u201d y los sondeos muestran resultados cambiantes.<\/strong><\/p>\n<p><strong>\u00bfMilei sum\u00f3 m\u00e1s apoy\u00f3 en Olavarr\u00eda desde el 22 de octubre?<\/strong> La respuesta es \u201cs\u00ed\u201d y <strong>un sector de Juntos por el Cambio es la clave.<\/strong> La ex candidata a intendenta dej\u00f3 su mensaje para el electorado local: \u201cque la gente se anime a lo nuevo que es Javier Milei para la Argentina\u201d.<\/p>\n<p><img data-recalc-dims=\"1\" loading=\"lazy\" decoding=\"async\" class=\"alignnone size-full wp-image-99411\" src=\"https:\/\/i0.wp.com\/cdnoticias.com\/wp-content\/uploads\/2023\/10\/celeste-arouxet-04.jpg?resize=800%2C445&#038;ssl=1\" alt=\"\" width=\"800\" height=\"445\" srcset=\"https:\/\/i0.wp.com\/cdnoticias.com\/wp-content\/uploads\/2023\/10\/celeste-arouxet-04.jpg?w=800&amp;ssl=1 800w, https:\/\/i0.wp.com\/cdnoticias.com\/wp-content\/uploads\/2023\/10\/celeste-arouxet-04.jpg?resize=300%2C167&amp;ssl=1 300w, https:\/\/i0.wp.com\/cdnoticias.com\/wp-content\/uploads\/2023\/10\/celeste-arouxet-04.jpg?resize=768%2C427&amp;ssl=1 768w\" sizes=\"auto, (max-width: 800px) 100vw, 800px\" \/><\/p>\n<p><strong>-\u00bfC\u00f3mo vienen trabajando la campa\u00f1a para el 19 de noviembre? \u00bfYa cuentan con fiscales y reparten boletas?<\/strong><br \/>\n-Las boletas todav\u00eda no nos llegaron. Las que estamos repartiendo son las que cortamos de la elecci\u00f3n del 22. Las boletas llegan hoy a Azul y las tenemos que ir a buscar. Y en cuanto a los fiscales ya estamos en 450 confirmados, as\u00ed que va a haber dos generales y uno de mesa por escuela hasta ahora. As\u00ed que re bien, se sum\u00f3 much\u00edsima gente. Ya desde el mismo d\u00eda las elecciones se sumaban a anotarse. Los chicos empezaron tres veces por semana a hacer los cursos de capacitaci\u00f3n para la gente nueva. Y ayer lloviendo y todo tambi\u00e9n estaba lleno el local.<\/p>\n<p><strong>-\u00bfCon qu\u00e9 \u00e1nimo se presentan?<\/strong><br \/>\n-La gente est\u00e1 muy incentivada, notan que es ahora o nunca. Se percibe que es gente que, no que ha militado, pero s\u00ed votado a otros espacios, Juntos por el Cambio m\u00e1s precisamente. Gente que manifiesta ser radical y que quiere apoyarnos. Eso viene muy muy bien.<\/p>\n<p><strong>-\u00bfY tienen experiencia en fiscalizar o son nuevos?<\/strong><br \/>\n-No. Muchas personas que no han sido fiscales y por eso estaban interesados en que se hagan las capacitaciones varias veces y con distintos horarios. Y despu\u00e9s gente que s\u00ed, que ha fiscalizado. Pero todos con muy buena predisposici\u00f3n, no tienen problemas de horarios, no te preguntan si van a tener viandas o no. Eso es lo lindo. Ves que viene gente despu\u00e9s de trabajar. El otro d\u00eda lloviendo y vienen a hacer el curso. Tengo esperanza a que todo eso ayude a que despu\u00e9s del 19 se revierta el resultado.<\/p>\n<p><strong>-\u00bfCrees que es posible la victoria? \u00bfReciben datos de encuestas y sondeos?<\/strong><br \/>\n-Los n\u00fameros que nos dan es una leve ventaja de Javier Milei. Es muy cortita, as\u00ed que va a ser una elecci\u00f3n re\u00f1ida. En las encuestas se ve lo mismo que en las redes, un d\u00eda est\u00e1 uno arriba, el otro abajo. Y cambia. As\u00ed estamos tambi\u00e9n nosotros. Y nos pas\u00f3 que en la elecci\u00f3n anterior los n\u00fameros eran diferentes. Yo conf\u00edo en que se va a poder ganar el 19 de noviembre.<\/p>\n<p><strong>&#8211; \u00bfHay algo m\u00e1s que quieras agregar?<\/strong><br \/>\n-A la gente, decirle que estamos con el tema de reparto de boletas y que se acerquen al local en 9 de Julio y Hornos. Vamos a estar ah\u00ed hasta el 19. Y por las redes tambi\u00e9n, para lo que nos necesiten. Tambi\u00e9n vamos a estar en la calle repartiendo esta semana. Que la gente se anime a lo nuevo que es Javier Milei para la Argentina, es lo que nos hace falta porque no nos pueden seguir gobernando los que nos hundieron. Simplemente eso, ahora dependemos de la gente. M\u00e1s no podemos hacer desde lo desde lo local.<\/p>\n<blockquote class=\"wp-embedded-content\" data-secret=\"kRqXUEgu2E\"><p><a href=\"https:\/\/cdnoticias.com\/index.php\/2023\/11\/12\/celeste-arouxet-en-el-hcd-que-viene-no-le-debemos-nada-a-nadie-porque-las-bancas-son-nuestras\/\">Celeste Arouxet en el HCD que viene: \u201cno le debemos nada a nadie porque las bancas son nuestras\u201d<\/a><\/p><\/blockquote>\n<p><iframe loading=\"lazy\" class=\"wp-embedded-content\" sandbox=\"allow-scripts\" security=\"restricted\" style=\"position: absolute; clip: rect(1px, 1px, 1px, 1px);\" title=\"&#8220;Celeste Arouxet en el HCD que viene: \u201cno le debemos nada a nadie porque las bancas son nuestras\u201d&#8221; &#8212; Central de Noticias | Olavarr\u00eda\" src=\"https:\/\/cdnoticias.com\/index.php\/2023\/11\/12\/celeste-arouxet-en-el-hcd-que-viene-no-le-debemos-nada-a-nadie-porque-las-bancas-son-nuestras\/embed\/#?secret=ZMTZXovAqB#?secret=kRqXUEgu2E\" data-secret=\"kRqXUEgu2E\" width=\"600\" height=\"338\" frameborder=\"0\" marginwidth=\"0\" marginheight=\"0\" scrolling=\"no\"><\/iframe><\/p>\n","protected":false},"excerpt":{"rendered":"<p>Celeste Arouxet, principal referente de La Libertad Avanza en la ciudad, cont\u00f3 que ya suman fiscales para todas las mesas<\/p>\n","protected":false},"author":2,"featured_media":99408,"comment_status":"closed","ping_status":"closed","sticky":false,"template":"","format":"standard","meta":{"_jetpack_memberships_contains_paid_content":false,"footnotes":""},"categories":[4,1],"tags":[],"class_list":["post-101600","post","type-post","status-publish","format-standard","has-post-thumbnail","hentry","category-politica","category-portada"],"jetpack_featured_media_url":"https:\/\/i0.wp.com\/cdnoticias.com\/wp-content\/uploads\/2023\/10\/celeste-arouxet-01.jpg?fit=800%2C445&ssl=1","jetpack_sharing_enabled":true,"_links":{"self":[{"href":"https:\/\/cdnoticias.com\/index.php\/wp-json\/wp\/v2\/posts\/101600","targetHints":{"allow":["GET"]}}],"collection":[{"href":"https:\/\/cdnoticias.com\/index.php\/wp-json\/wp\/v2\/posts"}],"about":[{"href":"https:\/\/cdnoticias.com\/index.php\/wp-json\/wp\/v2\/types\/post"}],"author":[{"embeddable":true,"href":"https:\/\/cdnoticias.com\/index.php\/wp-json\/wp\/v2\/users\/2"}],"replies":[{"embeddable":true,"href":"https:\/\/cdnoticias.com\/index.php\/wp-json\/wp\/v2\/comments?post=101600"}],"version-history":[{"count":0,"href":"https:\/\/cdnoticias.com\/index.php\/wp-json\/wp\/v2\/posts\/101600\/revisions"}],"wp:featuredmedia":[{"embeddable":true,"href":"https:\/\/cdnoticias.com\/index.php\/wp-json\/wp\/v2\/media\/99408"}],"wp:attachment":[{"href":"https:\/\/cdnoticias.com\/index.php\/wp-json\/wp\/v2\/media?parent=101600"}],"wp:term":[{"taxonomy":"category","embeddable":true,"href":"https:\/\/cdnoticias.com\/index.php\/wp-json\/wp\/v2\/categories?post=101600"},{"taxonomy":"post_tag","embeddable":true,"href":"https:\/\/cdnoticias.com\/index.php\/wp-json\/wp\/v2\/tags?post=101600"}],"curies":[{"name":"wp","href":"https:\/\/api.w.org\/{rel}","templated":true}]}}