{"id":101587,"date":"2023-11-12T08:37:10","date_gmt":"2023-11-12T11:37:10","guid":{"rendered":"https:\/\/cdnoticias.com\/?p=101587"},"modified":"2023-11-12T11:39:32","modified_gmt":"2023-11-12T14:39:32","slug":"un-corte-de-luz-afecto-a-varios-barrios-de-olavarria-localidades-y-sectores-industriales","status":"publish","type":"post","link":"https:\/\/cdnoticias.com\/index.php\/2023\/11\/12\/un-corte-de-luz-afecto-a-varios-barrios-de-olavarria-localidades-y-sectores-industriales\/","title":{"rendered":"Un corte de luz afect\u00f3 a varios barrios de Olavarr\u00eda, localidades y sectores industriales"},"content":{"rendered":"<p>Se produjo durante la madrugada de este domingo. El servicio se normaliz\u00f3 en la mayor\u00eda de las \u00e1reas. Sierras Bayas sigue sin suministro de energ\u00eda.<!--more--><\/p>\n<hr \/>\n<p>Alrededor de las <strong>6:30 de este domingo<\/strong> se interrumpi\u00f3 el suministro el\u00e9ctrico en las <strong>l\u00edneas de 33kV 1 3,4,7,8 y 10.<\/strong> Este hecho afect\u00f3 a las localidades de Colonia San Miguel, Sierra Chica, Loma Negra, Villa Cochi Tue , Espigas, Recalde, Sierras Bayas y gran parte de casco urbano (Barrio CECO II, UTA, Jard\u00edn, Villa Magdalena, Carlos Pellegrini, UOCRA, San Carlos, Bicentenario, AOMA, Villa Aurora, Villa Mailin. Adem\u00e1s sectores industriales Parque de Granos, ZALO, PIO I, II y V, Cerro Negro.<\/p>\n<p>Seg\u00fan se indic\u00f3 desde Coopelectric, el corte se origin\u00f3 a partir de una <strong>falla en un transformador de la subestaci\u00f3n de TRANSBA.<\/strong><\/p>\n<p>Luego de realizarse las tareas operativas correspondientes, <strong>se normaliz\u00f3 el servicio en la mayor\u00eda de las \u00e1reas alcanzadas por el corte, excepto en la l\u00ednea 8 que afecta a la localidad de Sierras Bayas.<\/strong> Personal de Coopelectric se encuentra realizando las tareas correspondientes para reestablecer el servicio.<\/p>\n","protected":false},"excerpt":{"rendered":"<p>Se produjo durante la madrugada de este domingo. El servicio se normaliz\u00f3 en la mayor\u00eda de las \u00e1reas. Sierras Bayas<\/p>\n","protected":false},"author":2,"featured_media":41403,"comment_status":"closed","ping_status":"closed","sticky":false,"template":"","format":"standard","meta":{"_jetpack_memberships_contains_paid_content":false,"footnotes":""},"categories":[5,1],"tags":[],"class_list":["post-101587","post","type-post","status-publish","format-standard","has-post-thumbnail","hentry","category-informacion-general","category-portada"],"jetpack_featured_media_url":"https:\/\/i0.wp.com\/cdnoticias.com\/wp-content\/uploads\/2021\/12\/coopelectric-camion.jpg?fit=1600%2C890&ssl=1","jetpack_sharing_enabled":true,"_links":{"self":[{"href":"https:\/\/cdnoticias.com\/index.php\/wp-json\/wp\/v2\/posts\/101587","targetHints":{"allow":["GET"]}}],"collection":[{"href":"https:\/\/cdnoticias.com\/index.php\/wp-json\/wp\/v2\/posts"}],"about":[{"href":"https:\/\/cdnoticias.com\/index.php\/wp-json\/wp\/v2\/types\/post"}],"author":[{"embeddable":true,"href":"https:\/\/cdnoticias.com\/index.php\/wp-json\/wp\/v2\/users\/2"}],"replies":[{"embeddable":true,"href":"https:\/\/cdnoticias.com\/index.php\/wp-json\/wp\/v2\/comments?post=101587"}],"version-history":[{"count":0,"href":"https:\/\/cdnoticias.com\/index.php\/wp-json\/wp\/v2\/posts\/101587\/revisions"}],"wp:featuredmedia":[{"embeddable":true,"href":"https:\/\/cdnoticias.com\/index.php\/wp-json\/wp\/v2\/media\/41403"}],"wp:attachment":[{"href":"https:\/\/cdnoticias.com\/index.php\/wp-json\/wp\/v2\/media?parent=101587"}],"wp:term":[{"taxonomy":"category","embeddable":true,"href":"https:\/\/cdnoticias.com\/index.php\/wp-json\/wp\/v2\/categories?post=101587"},{"taxonomy":"post_tag","embeddable":true,"href":"https:\/\/cdnoticias.com\/index.php\/wp-json\/wp\/v2\/tags?post=101587"}],"curies":[{"name":"wp","href":"https:\/\/api.w.org\/{rel}","templated":true}]}}