{"id":10157,"date":"2020-12-29T15:30:24","date_gmt":"2020-12-29T18:30:24","guid":{"rendered":"http:\/\/www.centraldenoticias.com.ar\/?p=10157"},"modified":"2020-12-29T15:53:25","modified_gmt":"2020-12-29T18:53:25","slug":"ramiro-borzi-es-un-dia-historico-para-la-salud-publica","status":"publish","type":"post","link":"https:\/\/cdnoticias.com\/index.php\/2020\/12\/29\/ramiro-borzi-es-un-dia-historico-para-la-salud-publica\/","title":{"rendered":"Ramiro Borzi: \u201cEs un d\u00eda hist\u00f3rico para la salud p\u00fablica\u201d"},"content":{"rendered":"<p>El director de la Regi\u00f3n Sanitaria IX adelant\u00f3 que en la tarde de este martes se reunir\u00e1 con autoridades sanitarias de Olavarr\u00eda para coordinar la vacunaci\u00f3n contra el Covid. A su vez, se enfatiz\u00f3 que quienes quieren vacunarse deben registrarse. A mediados de enero llegar\u00e1n m\u00e1s dosis.<!--more--><\/p>\n<hr \/>\n<p>Tras las novedades de <a href=\"https:\/\/cdnoticias.com\/index.php\/2020\/12\/29\/covid-ya-llegaron-las-vacunas-a-olavarria\/\" target=\"_blank\" rel=\"noopener\">la llegada de las primeras dosis<\/a> de la vacuna contra el Covid a Olavarr\u00eda y el anuncio de que <a href=\"https:\/\/cdnoticias.com\/index.php\/2020\/12\/29\/el-miercoles-comenzara-la-vacunacion-contra-el-covid-en-olavarria\/\" target=\"_blank\" rel=\"noopener\">el mi\u00e9rcoles comenzar\u00e1 la aplicaci\u00f3n<\/a>, el <strong>director de la Regi\u00f3n Sanitaria IX, Ramiro Borzi<\/strong>, y la <strong>directora del Hospital de Oncolog\u00eda \u201cLuciano Fortabat\u201d, Silvina Rosende<\/strong>, brindaron una conferencia para ampliar la informaci\u00f3n sobre el tema.<\/p>\n<p>\u201c<strong>Absoluta satisfacci\u00f3n, es un d\u00eda hist\u00f3rico para la salud p\u00fablica del pa\u00eds, de la provincia y de nuestra ciudad<\/strong>. Est\u00e1bamos a la espera de las vacunas y hoy nos llen\u00f3 de satisfacci\u00f3n poder bajar esa heladera con estas <strong>450 dosis<\/strong>\u201d dijo Borzi en el inicio.<\/p>\n<blockquote><p>Indic\u00f3 que tal como estaba previsto, las primeras aplicaciones ser\u00e1n \u201cpara el personal de las terapias intensivas de los sanatorios privados y del hospital publico de nuestra ciudad, y para el personal de guardias de emergencia. Despu\u00e9s vamos a seguir con el otro personal de salud\u201d.<\/p><\/blockquote>\n<p>Consultado por la elecci\u00f3n del Hospital de Oncolog\u00eda para ser sede del operativo, Borzi se\u00f1al\u00f3 que \u201ces un <strong>protocolo que plantea Provincia en los 135 municipios<\/strong>. Se va a abordar de esta manera, algunos en hospitales provinciales y otros municipales para el personal de salud y en escuelas para la poblaci\u00f3n en general\u201d.<\/p>\n<p><img data-recalc-dims=\"1\" loading=\"lazy\" decoding=\"async\" class=\"alignnone wp-image-10153 size-large\" src=\"https:\/\/i0.wp.com\/cdnoticias.com\/wp-content\/uploads\/2020\/12\/region-sanitaria-conferencia-covid.jpg?resize=800%2C534&#038;ssl=1\" alt=\"\" width=\"800\" height=\"534\" srcset=\"https:\/\/i0.wp.com\/cdnoticias.com\/wp-content\/uploads\/2020\/12\/region-sanitaria-conferencia-covid.jpg?resize=1024%2C683&amp;ssl=1 1024w, https:\/\/i0.wp.com\/cdnoticias.com\/wp-content\/uploads\/2020\/12\/region-sanitaria-conferencia-covid.jpg?resize=300%2C200&amp;ssl=1 300w, https:\/\/i0.wp.com\/cdnoticias.com\/wp-content\/uploads\/2020\/12\/region-sanitaria-conferencia-covid.jpg?resize=768%2C512&amp;ssl=1 768w, https:\/\/i0.wp.com\/cdnoticias.com\/wp-content\/uploads\/2020\/12\/region-sanitaria-conferencia-covid.jpg?resize=272%2C182&amp;ssl=1 272w, https:\/\/i0.wp.com\/cdnoticias.com\/wp-content\/uploads\/2020\/12\/region-sanitaria-conferencia-covid.jpg?w=1600&amp;ssl=1 1600w, https:\/\/i0.wp.com\/cdnoticias.com\/wp-content\/uploads\/2020\/12\/region-sanitaria-conferencia-covid.jpg?w=2400&amp;ssl=1 2400w\" sizes=\"auto, (max-width: 800px) 100vw, 800px\" \/><\/p>\n<p>Tambi\u00e9n apunt\u00f3 a la \u201cdecisi\u00f3n del Ministerio de Salud\u201d ante la consulta por el env\u00edo de 450 dosis para todos los distritos de la Regi\u00f3n IX, a pesar de que tienen muy variable cantidad de personal de salud.<\/p>\n<blockquote><p>En ese marco, adelant\u00f3 que \u201cen la segunda quincena de enero va a llegar una cantidad m\u00e1s masiva de vacunas para iniciar la vacunaci\u00f3n a toda la poblaci\u00f3n\u201d.<\/p><\/blockquote>\n<p>Borzi record\u00f3 adem\u00e1s, las <strong>capacitaciones<\/strong> que se dictaron desde hace un mes y medio para formar vacunadores para el operativo.<\/p>\n<p><strong>Con los municipios<\/strong><\/p>\n<p>El director de la Regi\u00f3n IX inform\u00f3 que en la ma\u00f1ana de este martes se reuni\u00f3 \u201ccon el director del Hospital Pintos, con el secretario de salud p\u00fablica y con el intendente\u201d de Azul. <strong>\u201cEstamos trabajando con todos los municipios\u201d<\/strong> indic\u00f3.<\/p>\n<p>As\u00ed dio a conocer que <strong>este martes por la tarde se reunir\u00e1 con las autoridades sanitarias de Olavarr\u00eda<\/strong>.<\/p>\n<p>\u201cDurante todo el a\u00f1o tenemos comunicaci\u00f3n con las autoridades sanitarias de cada ciudad y en particular de Olavarr\u00eda. <strong>La idea es abocarnos a lo que viene<\/strong> en cuanto a la conformaci\u00f3n de equipos, la log\u00edstica que rodea a la vacunaci\u00f3n en el lugar por ejemplo, el llamado eventual a la emergencia. Y tambi\u00e9n demandas que tienen ellos para con nosotros que van a ser analizadas en esta reuni\u00f3n\u201d adelant\u00f3 sobre el encuentro.<\/p>\n<p><img data-recalc-dims=\"1\" loading=\"lazy\" decoding=\"async\" class=\"alignnone wp-image-10156 size-large\" src=\"https:\/\/i0.wp.com\/cdnoticias.com\/wp-content\/uploads\/2020\/12\/region-sanitaria-conferencia-covid3.jpg?resize=800%2C534&#038;ssl=1\" alt=\"\" width=\"800\" height=\"534\" srcset=\"https:\/\/i0.wp.com\/cdnoticias.com\/wp-content\/uploads\/2020\/12\/region-sanitaria-conferencia-covid3.jpg?resize=1024%2C683&amp;ssl=1 1024w, https:\/\/i0.wp.com\/cdnoticias.com\/wp-content\/uploads\/2020\/12\/region-sanitaria-conferencia-covid3.jpg?resize=300%2C200&amp;ssl=1 300w, https:\/\/i0.wp.com\/cdnoticias.com\/wp-content\/uploads\/2020\/12\/region-sanitaria-conferencia-covid3.jpg?resize=768%2C512&amp;ssl=1 768w, https:\/\/i0.wp.com\/cdnoticias.com\/wp-content\/uploads\/2020\/12\/region-sanitaria-conferencia-covid3.jpg?resize=272%2C182&amp;ssl=1 272w, https:\/\/i0.wp.com\/cdnoticias.com\/wp-content\/uploads\/2020\/12\/region-sanitaria-conferencia-covid3.jpg?w=1600&amp;ssl=1 1600w, https:\/\/i0.wp.com\/cdnoticias.com\/wp-content\/uploads\/2020\/12\/region-sanitaria-conferencia-covid3.jpg?w=2400&amp;ssl=1 2400w\" sizes=\"auto, (max-width: 800px) 100vw, 800px\" \/><\/p>\n<p><strong>Hospital de Oncolog\u00eda<\/strong><\/p>\n<p>Por su lado, Rosende expuso que <strong>en el Hospital de Oncolog\u00eda se vacunar\u00e1n los 3.600 agentes de salud locales<\/strong>.<\/p>\n<blockquote><p>\u201cHay que tener en cuenta que es un hecho hist\u00f3rico, que es a nivel mundial, con esto tenemos la medida m\u00e1s eficaz para frenar la pandemia\u201d dijo para agregar que \u201cinvito a todos a que se solidaricen, es un acto de solidaridad vacunarse, cuidarse uno y cuidar a los dem\u00e1s\u201d.<\/p><\/blockquote>\n<p>Borzi a\u00f1adi\u00f3 que con la llegada de las dosis <strong>comenzar\u00e1n a otorgarse los turnos para la vacunaci\u00f3n<\/strong> a partir de este mi\u00e9rcoles. Coment\u00f3 en ese marco que recibi\u00f3 llamados de los referentes de distintos servicios del Hospital Municipal \u201cH\u00e9ctor M. Cura\u201d para consultar sobre la vacunaci\u00f3n y registrarse.<\/p>\n<p><strong>Aplicaci\u00f3n<\/strong><\/p>\n<p>Tambi\u00e9n durante la conferencia, los funcionarios fueron consultados sobre la <strong>modalidad de la aplicaci\u00f3n de la vacuna Sputnik V<\/strong>. \u201cSon distintos serotipos que se aplican. El componente 1 se aplica y a los 21 d\u00edas se aplica el componente 2 con la segunda dosis. Distintos serotipos hacen que sea m\u00e1s eficiente la vacunaci\u00f3n\u201d explic\u00f3 Rosende.<\/p>\n<p><img data-recalc-dims=\"1\" loading=\"lazy\" decoding=\"async\" class=\"alignnone wp-image-10155 size-large\" src=\"https:\/\/i0.wp.com\/cdnoticias.com\/wp-content\/uploads\/2020\/12\/region-sanitaria-conferencia-covid2.jpg?resize=800%2C534&#038;ssl=1\" alt=\"\" width=\"800\" height=\"534\" srcset=\"https:\/\/i0.wp.com\/cdnoticias.com\/wp-content\/uploads\/2020\/12\/region-sanitaria-conferencia-covid2.jpg?resize=1024%2C683&amp;ssl=1 1024w, https:\/\/i0.wp.com\/cdnoticias.com\/wp-content\/uploads\/2020\/12\/region-sanitaria-conferencia-covid2.jpg?resize=300%2C200&amp;ssl=1 300w, https:\/\/i0.wp.com\/cdnoticias.com\/wp-content\/uploads\/2020\/12\/region-sanitaria-conferencia-covid2.jpg?resize=768%2C512&amp;ssl=1 768w, https:\/\/i0.wp.com\/cdnoticias.com\/wp-content\/uploads\/2020\/12\/region-sanitaria-conferencia-covid2.jpg?resize=272%2C182&amp;ssl=1 272w, https:\/\/i0.wp.com\/cdnoticias.com\/wp-content\/uploads\/2020\/12\/region-sanitaria-conferencia-covid2.jpg?w=1600&amp;ssl=1 1600w, https:\/\/i0.wp.com\/cdnoticias.com\/wp-content\/uploads\/2020\/12\/region-sanitaria-conferencia-covid2.jpg?w=2400&amp;ssl=1 2400w\" sizes=\"auto, (max-width: 800px) 100vw, 800px\" \/><\/p>\n<p>La directora inform\u00f3 que <strong>la inmunidad se logra \u201caproximadamente a los 21 d\u00edas o 14<\/strong>, pero depende de cada organismo. A partir de la primera dosis se empieza a generar y con la segunda hay un refuerzo\u201d. M\u00e1s adelante, tambi\u00e9n inform\u00f3 que <strong>pueden vacunarse quienes hayan padecido Covid<\/strong> y que para hacerlo \u201cdeben esperar 28 d\u00edas despu\u00e9s del alta\u201d.<\/p>\n<p>No obstante, se tuvo en cuenta que m\u00e1s all\u00e1 de la aplicaci\u00f3n<strong> deben mantenerse las medidas de prevenci\u00f3n<\/strong>, como el uso del barbijo y del distanciamiento social.<\/p>\n<p>Asimismo, Borzi aclar\u00f3 que todos <strong>los interesados en recibir las dosis debe preinscribirse en el sitio web oficial<\/strong> <a href=\"http:\/\/www.vacunatepba.gba.gob.ar\" target=\"_blank\" rel=\"noopener\">www.vacunatepba.gba.gob.ar<\/a> para obtener \u201cel universo de personas que tienen intenci\u00f3n de vacunarse\u201d ya que \u201cen breve, va a empezar el sistema de turnos. <strong>Faltan alrededor de 20 d\u00edas para que llegue la vacuna para la poblaci\u00f3n en general<\/strong>. Ah\u00ed cuando tengamos el sistema de turnos, se le va a notificar a cada persona cu\u00e1ndo es su turno\u201d.<\/p>\n<p>Rosende se\u00f1al\u00f3 en el cierre que <strong>a cada persona que se vacuna se le brinda su registro personal<\/strong> con los datos de la vacuna recibida.<\/p>\n","protected":false},"excerpt":{"rendered":"<p>El director de la Regi\u00f3n Sanitaria IX adelant\u00f3 que en la tarde de este martes se reunir\u00e1 con autoridades sanitarias<\/p>\n","protected":false},"author":4,"featured_media":10154,"comment_status":"closed","ping_status":"closed","sticky":false,"template":"","format":"standard","meta":{"_jetpack_memberships_contains_paid_content":false,"footnotes":""},"categories":[5,1],"tags":[],"class_list":["post-10157","post","type-post","status-publish","format-standard","has-post-thumbnail","hentry","category-informacion-general","category-portada"],"jetpack_featured_media_url":"https:\/\/i0.wp.com\/cdnoticias.com\/wp-content\/uploads\/2020\/12\/region-sanitaria-conferencia-covid1.jpg?fit=4608%2C3072&ssl=1","jetpack_sharing_enabled":true,"_links":{"self":[{"href":"https:\/\/cdnoticias.com\/index.php\/wp-json\/wp\/v2\/posts\/10157","targetHints":{"allow":["GET"]}}],"collection":[{"href":"https:\/\/cdnoticias.com\/index.php\/wp-json\/wp\/v2\/posts"}],"about":[{"href":"https:\/\/cdnoticias.com\/index.php\/wp-json\/wp\/v2\/types\/post"}],"author":[{"embeddable":true,"href":"https:\/\/cdnoticias.com\/index.php\/wp-json\/wp\/v2\/users\/4"}],"replies":[{"embeddable":true,"href":"https:\/\/cdnoticias.com\/index.php\/wp-json\/wp\/v2\/comments?post=10157"}],"version-history":[{"count":0,"href":"https:\/\/cdnoticias.com\/index.php\/wp-json\/wp\/v2\/posts\/10157\/revisions"}],"wp:featuredmedia":[{"embeddable":true,"href":"https:\/\/cdnoticias.com\/index.php\/wp-json\/wp\/v2\/media\/10154"}],"wp:attachment":[{"href":"https:\/\/cdnoticias.com\/index.php\/wp-json\/wp\/v2\/media?parent=10157"}],"wp:term":[{"taxonomy":"category","embeddable":true,"href":"https:\/\/cdnoticias.com\/index.php\/wp-json\/wp\/v2\/categories?post=10157"},{"taxonomy":"post_tag","embeddable":true,"href":"https:\/\/cdnoticias.com\/index.php\/wp-json\/wp\/v2\/tags?post=10157"}],"curies":[{"name":"wp","href":"https:\/\/api.w.org\/{rel}","templated":true}]}}