{"id":101531,"date":"2023-11-10T20:15:28","date_gmt":"2023-11-10T23:15:28","guid":{"rendered":"https:\/\/cdnoticias.com\/?p=101531"},"modified":"2023-11-11T08:46:22","modified_gmt":"2023-11-11T11:46:22","slug":"animate-cargo-contra-el-jurado-popular-que-voto-como-no-culpable-a-claudio-gonzalez","status":"publish","type":"post","link":"https:\/\/cdnoticias.com\/index.php\/2023\/11\/10\/animate-cargo-contra-el-jurado-popular-que-voto-como-no-culpable-a-claudio-gonzalez\/","title":{"rendered":"Animate carg\u00f3 contra el jurado popular que vot\u00f3 como &#8220;no culpable&#8221; a Claudio Gonz\u00e1lez"},"content":{"rendered":"\n<p>La agrupaci\u00f3n, que acompa\u00f1\u00f3 a las denunciantes del caso, critic\u00f3 con dureza y denunci\u00f3 varias irregularidades en el proceso judicial por doble abuso sexual. Duras declaraciones contra la Justicia y la falta de controles en los civiles jurados.<\/p>\n\n\n\n<hr class=\"wp-block-separator aligncenter has-alpha-channel-opacity\"\/>\n\n\n\n<p>Minutos despu\u00e9s de conocerse el veredicto de \u201cno culpable\u201d a Claudio Gonz\u00e1lez por abuso sexual contra las dos hijas de su ex pareja,<strong> la agrupaci\u00f3n Animate convoc\u00f3 a una conferencia de prensa y all\u00ed carg\u00f3 con dureza contra el sistema de Juicios por Jurados, critic\u00f3 a la Justicia y, adem\u00e1s, denunciaron falta de controles en la selecci\u00f3n de los civiles que se convierten en jurados de este tipo de casos.<\/strong><\/p>\n\n\n\n<figure class=\"wp-block-embed is-type-wp-embed is-provider-central-de-noticias-olavarr-a wp-block-embed-central-de-noticias-olavarr-a\"><div class=\"wp-block-embed__wrapper\">\n<blockquote class=\"wp-embedded-content\" data-secret=\"jvKgwyQ5KR\"><a href=\"https:\/\/cdnoticias.com\/index.php\/2023\/11\/10\/declararon-no-culpable-a-claudio-gonzalez-acusado-de-abuso-sexual\/\">Declararon \u201cno culpable\u201d a Claudio Gonz\u00e1lez acusado de abuso sexual<\/a><\/blockquote><iframe loading=\"lazy\" class=\"wp-embedded-content\" sandbox=\"allow-scripts\" security=\"restricted\" style=\"position: absolute; clip: rect(1px, 1px, 1px, 1px);\" title=\"&#8220;Declararon \u201cno culpable\u201d a Claudio Gonz\u00e1lez acusado de abuso sexual&#8221; &#8212; Central de Noticias | Olavarr\u00eda\" src=\"https:\/\/cdnoticias.com\/index.php\/2023\/11\/10\/declararon-no-culpable-a-claudio-gonzalez-acusado-de-abuso-sexual\/embed\/#?secret=yGastTNGSn#?secret=jvKgwyQ5KR\" data-secret=\"jvKgwyQ5KR\" width=\"600\" height=\"338\" frameborder=\"0\" marginwidth=\"0\" marginheight=\"0\" scrolling=\"no\"><\/iframe>\n<\/div><\/figure>\n\n\n\n<p>Participaron del di\u00e1logo con los medios<strong> la titular de la Asociaci\u00f3n Civil, Liliana Cuenca, acompa\u00f1ada de la responsable legal, Natasha Targiano, y la madre de las v\u00edctimas, Virginia.<\/strong><\/p>\n\n\n\n<p>En primera instancia, Cuenca se\u00f1al\u00f3 \u201cno tener buenas noticias\u201d y confirmar que <em>\u201cClaudio Gonz\u00e1lez fue absuelto acusado de haber abusado a dos menores, y por lo cual hab\u00eda estado detenido\u201d.<\/em><\/p>\n\n\n\n<p>\u201c<em>Estamos en total disconformidad con lo que ha sucedido, el Juicio por Jurados no tendr\u00eda que existir directamente. Son 12 personas que toman conocimiento de la causa el mismo d\u00eda, no tienen capacitaci\u00f3n alguna y deciden si dejar libre a un abusador. Es muy doloroso para nosotros tener que dar estas novedades\u201d <\/em>agreg\u00f3 y destac\u00f3 que la modalidad no funciona <em><strong>\u201cni para casos de abuso sexual ni para femicidas que tambi\u00e9n han sido absueltos\u201d.<\/strong><\/em><\/p>\n\n\n\n<figure class=\"wp-block-image size-large\"><img data-recalc-dims=\"1\" loading=\"lazy\" decoding=\"async\" width=\"800\" height=\"445\" src=\"https:\/\/i0.wp.com\/cdnoticias.com\/wp-content\/uploads\/2023\/11\/animate-4.jpg?resize=800%2C445&#038;ssl=1\" alt=\"\" class=\"wp-image-101529\" srcset=\"https:\/\/i0.wp.com\/cdnoticias.com\/wp-content\/uploads\/2023\/11\/animate-4-scaled.jpg?resize=1024%2C570&amp;ssl=1 1024w, https:\/\/i0.wp.com\/cdnoticias.com\/wp-content\/uploads\/2023\/11\/animate-4-scaled.jpg?resize=300%2C167&amp;ssl=1 300w, https:\/\/i0.wp.com\/cdnoticias.com\/wp-content\/uploads\/2023\/11\/animate-4-scaled.jpg?resize=768%2C427&amp;ssl=1 768w, https:\/\/i0.wp.com\/cdnoticias.com\/wp-content\/uploads\/2023\/11\/animate-4-scaled.jpg?resize=1536%2C855&amp;ssl=1 1536w, https:\/\/i0.wp.com\/cdnoticias.com\/wp-content\/uploads\/2023\/11\/animate-4-scaled.jpg?resize=2048%2C1140&amp;ssl=1 2048w, https:\/\/i0.wp.com\/cdnoticias.com\/wp-content\/uploads\/2023\/11\/animate-4-scaled.jpg?resize=800%2C445&amp;ssl=1 800w, https:\/\/i0.wp.com\/cdnoticias.com\/wp-content\/uploads\/2023\/11\/animate-4-scaled.jpg?w=1600&amp;ssl=1 1600w, https:\/\/i0.wp.com\/cdnoticias.com\/wp-content\/uploads\/2023\/11\/animate-4-scaled.jpg?w=2400&amp;ssl=1 2400w\" sizes=\"auto, (max-width: 800px) 100vw, 800px\" \/><\/figure>\n\n\n\n<p>En este punto, decidi\u00f3 detallar un punto en el que momentos despu\u00e9s efectuar\u00edan una denuncia: <em>\u201ccuando convocan a ser jurados les dan una planilla a estas personas para llenar, hacen muchas preguntas. Algunas de ellas son si tiene alg\u00fan impedimento para ser jurado, y contestan lo que ellos quieren, no van con la verdad. La otra pregunta es si conoce a alguna de las partes, Juez, Fiscal, V\u00edctima, Victimario, Testigos, etc. Ayer hubo un jurado que conoc\u00eda a una de las partes y minti\u00f3, porque dijo lo contrario. Otra pregunta: si fueron v\u00edctimas de delitos contra la integridad sexual. Si tienen familiares en la fuerza, si buscaron informaci\u00f3n o saben sobre el caso. <strong>Este caso fue muy conocido, es imposible no conocerlo<\/strong>\u201d. <\/em>La madre de las v\u00edctimas confirmar\u00eda que hubo que descartar a una jurado por mentir en la declaraci\u00f3n jurada.<\/p>\n\n\n\n<blockquote class=\"wp-block-quote is-layout-flow wp-block-quote-is-layout-flow\">\n<p>\u201cEl tema de la selecci\u00f3n de jurados no va. Faltan a la verdad, no es la primera vez que pasa. En otros casos hemos tomado conocimiento de que conoc\u00edan a la parte del victimario. No digo todas, algunas, pero son los que dejan afuera al abusador. Hoy no nos quisieron informar c\u00f3mo sali\u00f3 la votaci\u00f3n. S\u00ed nos dicen cuando el abusador sale condenado. El tema de la Justicia es una verg\u00fcenza\u201d.<\/p>\n<\/blockquote>\n\n\n\n<p>La doctora Targiano, por su parte, explic\u00f3 los <strong>tecnicismos de la modalidad y las razones por las cuales la Asociaci\u00f3n Civil se manifiesta en contra<\/strong>: \u201cle da la posibilidad al ciudadano com\u00fan de participar del proceso penal y ser parte de una condena o no. Uno de los principales requisitos es que sean ciudadanos totalmente legos, que no sepan nada de derecho. Un estudiante de primer a\u00f1o de derecho no podr\u00eda ser jurado. Partiendo de esa base\u2026est\u00e1 todo mal\u201d.<\/p>\n\n\n\n<figure class=\"wp-block-image size-large\"><img data-recalc-dims=\"1\" loading=\"lazy\" decoding=\"async\" width=\"800\" height=\"445\" src=\"https:\/\/i0.wp.com\/cdnoticias.com\/wp-content\/uploads\/2023\/11\/animate-1.jpg?resize=800%2C445&#038;ssl=1\" alt=\"\" class=\"wp-image-101526\" srcset=\"https:\/\/i0.wp.com\/cdnoticias.com\/wp-content\/uploads\/2023\/11\/animate-1-scaled.jpg?resize=1024%2C570&amp;ssl=1 1024w, https:\/\/i0.wp.com\/cdnoticias.com\/wp-content\/uploads\/2023\/11\/animate-1-scaled.jpg?resize=300%2C167&amp;ssl=1 300w, https:\/\/i0.wp.com\/cdnoticias.com\/wp-content\/uploads\/2023\/11\/animate-1-scaled.jpg?resize=768%2C427&amp;ssl=1 768w, https:\/\/i0.wp.com\/cdnoticias.com\/wp-content\/uploads\/2023\/11\/animate-1-scaled.jpg?resize=1536%2C855&amp;ssl=1 1536w, https:\/\/i0.wp.com\/cdnoticias.com\/wp-content\/uploads\/2023\/11\/animate-1-scaled.jpg?resize=2048%2C1140&amp;ssl=1 2048w, https:\/\/i0.wp.com\/cdnoticias.com\/wp-content\/uploads\/2023\/11\/animate-1-scaled.jpg?resize=800%2C445&amp;ssl=1 800w, https:\/\/i0.wp.com\/cdnoticias.com\/wp-content\/uploads\/2023\/11\/animate-1-scaled.jpg?w=1600&amp;ssl=1 1600w, https:\/\/i0.wp.com\/cdnoticias.com\/wp-content\/uploads\/2023\/11\/animate-1-scaled.jpg?w=2400&amp;ssl=1 2400w\" sizes=\"auto, (max-width: 800px) 100vw, 800px\" \/><\/figure>\n\n\n\n<p>Es que, seg\u00fan la letrada, <em><strong>\u201cest\u00e1 decidiendo la libertad de una persona \u2013sea culpable o no- y a la par se deja a una v\u00edctima con o sin Justicia. Es una cuesti\u00f3n sumamente trascendental para que la ciudadan\u00eda participe de tama\u00f1a actividad\u201d.<\/strong><\/em><\/p>\n\n\n\n<p>Justamente, valor\u00f3 la importancia de la Justicia que \u201c<em>durante a\u00f1os y a\u00f1os estuvo a cargo de un Juez o un Tribunal, pero personas que est\u00e1n preparadas para llegar a ese cargo. Ahora est\u00e1 a cargo de gente com\u00fan, que hay muchos comprometidos, pero como est\u00e1n los comprometidos est\u00e1 este tipo de gente tambi\u00e9n\u201d.<\/em><\/p>\n\n\n\n<p>Incluso, confirm\u00f3 las estad\u00edsticas adversas <em><strong>\u201ctanto en delitos contra la integridad sexual como en femicidios. Como el caso de Luj\u00e1n Riva de Neira, el caso de Eliana Mendilaharzu que el femicida sali\u00f3 culpable pero se estanc\u00f3 dos veces. No ayuda, vuelve a revictimizar, herir, doler\u201d.<\/strong><\/em><\/p>\n\n\n\n<blockquote class=\"wp-block-quote is-layout-flow wp-block-quote-is-layout-flow\">\n<p>\u201cNo estamos capacitados como sociedad para juzgar un delito de este tipo. No tenemos perspectiva de g\u00e9nero, no todos tenemos Ley Micaela, no todos estamos comprometidos con la violencia de g\u00e9nero\u201d.<\/p>\n<\/blockquote>\n\n\n\n<p>Con dureza, Targiano cerr\u00f3 su exposici\u00f3n al se\u00f1alar que<em><strong> \u201ca las personas que hoy fueron jurado, que se vayan a dormir pensando que dejaron a un violador en la calle\u201d.<\/strong><\/em><\/p>\n\n\n\n<figure class=\"wp-block-image size-large\"><img data-recalc-dims=\"1\" loading=\"lazy\" decoding=\"async\" width=\"800\" height=\"445\" src=\"https:\/\/i0.wp.com\/cdnoticias.com\/wp-content\/uploads\/2023\/11\/animate-5.jpg?resize=800%2C445&#038;ssl=1\" alt=\"\" class=\"wp-image-101530\" srcset=\"https:\/\/i0.wp.com\/cdnoticias.com\/wp-content\/uploads\/2023\/11\/animate-5-scaled.jpg?resize=1024%2C570&amp;ssl=1 1024w, https:\/\/i0.wp.com\/cdnoticias.com\/wp-content\/uploads\/2023\/11\/animate-5-scaled.jpg?resize=300%2C167&amp;ssl=1 300w, https:\/\/i0.wp.com\/cdnoticias.com\/wp-content\/uploads\/2023\/11\/animate-5-scaled.jpg?resize=768%2C427&amp;ssl=1 768w, https:\/\/i0.wp.com\/cdnoticias.com\/wp-content\/uploads\/2023\/11\/animate-5-scaled.jpg?resize=1536%2C855&amp;ssl=1 1536w, https:\/\/i0.wp.com\/cdnoticias.com\/wp-content\/uploads\/2023\/11\/animate-5-scaled.jpg?resize=2048%2C1140&amp;ssl=1 2048w, https:\/\/i0.wp.com\/cdnoticias.com\/wp-content\/uploads\/2023\/11\/animate-5-scaled.jpg?resize=800%2C445&amp;ssl=1 800w, https:\/\/i0.wp.com\/cdnoticias.com\/wp-content\/uploads\/2023\/11\/animate-5-scaled.jpg?w=1600&amp;ssl=1 1600w, https:\/\/i0.wp.com\/cdnoticias.com\/wp-content\/uploads\/2023\/11\/animate-5-scaled.jpg?w=2400&amp;ssl=1 2400w\" sizes=\"auto, (max-width: 800px) 100vw, 800px\" \/><\/figure>\n\n\n\n<p>Confirmaron que previo al Juicio, <strong>la Justicia ten\u00eda \u201celementos\u201d para que Gonz\u00e1lez est\u00e9 preso hasta tanto se desarrolle el proceso en la modalidad por jurados.<\/strong><\/p>\n\n\n\n<p><em>\u201cEl juicio empez\u00f3 ayer, termin\u00f3 hoy y seguramente los jurados ya no recuerdan lo que dijo la mam\u00e1, las v\u00edctimas, los testigos, los peritos. Est\u00e1n todas las pruebas arriba de la mesa. Est\u00e1n las C\u00e1maras Gesell, est\u00e1 todo. Y eso al jurado no le alcanza. No s\u00e9 qu\u00e9 pasa. El a\u00f1o pasado dejaron dos abusadores sueltos. El mismo delito. Con todas las pruebas\u201d.<\/em><\/p>\n\n\n\n<p><strong>Cuenca se\u00f1al\u00f3 que tras declararlo \u201cno culpable\u201d es autom\u00e1ticamente liberado.<\/strong> <em>\u201cHoy sale absuelto y las chicas no tienen medidas cautelares. Una de las v\u00edctimas tiene miedo de salir a la calle, con todo lo que han pasado durante 3 a\u00f1os. Es triste. No deber\u00eda pasar. Es como que tenemos que acostumbrarnos a vivir con los violadores en la calle. Hasta que vuelven a reincidir\u201d.<\/em><\/p>\n\n\n\n<figure class=\"wp-block-image size-large\"><img data-recalc-dims=\"1\" loading=\"lazy\" decoding=\"async\" width=\"800\" height=\"445\" src=\"https:\/\/i0.wp.com\/cdnoticias.com\/wp-content\/uploads\/2023\/11\/animate-2.jpg?resize=800%2C445&#038;ssl=1\" alt=\"\" class=\"wp-image-101527\" srcset=\"https:\/\/i0.wp.com\/cdnoticias.com\/wp-content\/uploads\/2023\/11\/animate-2-scaled.jpg?resize=1024%2C570&amp;ssl=1 1024w, https:\/\/i0.wp.com\/cdnoticias.com\/wp-content\/uploads\/2023\/11\/animate-2-scaled.jpg?resize=300%2C167&amp;ssl=1 300w, https:\/\/i0.wp.com\/cdnoticias.com\/wp-content\/uploads\/2023\/11\/animate-2-scaled.jpg?resize=768%2C427&amp;ssl=1 768w, https:\/\/i0.wp.com\/cdnoticias.com\/wp-content\/uploads\/2023\/11\/animate-2-scaled.jpg?resize=1536%2C855&amp;ssl=1 1536w, https:\/\/i0.wp.com\/cdnoticias.com\/wp-content\/uploads\/2023\/11\/animate-2-scaled.jpg?resize=2048%2C1140&amp;ssl=1 2048w, https:\/\/i0.wp.com\/cdnoticias.com\/wp-content\/uploads\/2023\/11\/animate-2-scaled.jpg?resize=800%2C445&amp;ssl=1 800w, https:\/\/i0.wp.com\/cdnoticias.com\/wp-content\/uploads\/2023\/11\/animate-2-scaled.jpg?w=1600&amp;ssl=1 1600w, https:\/\/i0.wp.com\/cdnoticias.com\/wp-content\/uploads\/2023\/11\/animate-2-scaled.jpg?w=2400&amp;ssl=1 2400w\" sizes=\"auto, (max-width: 800px) 100vw, 800px\" \/><\/figure>\n\n\n\n<p>De hecho, insisti\u00f3 particularmente en<em><strong> \u201ces el tema de las medidas cautelares. Lo pido por favor. Esta familia, las nenas, la mam\u00e1, tengan medidas cautelares, que puedan salir a la calle tranquilas. Lo peor de todo es que una de las v\u00edctimas dijo \u2018para qu\u00e9 denuncie\u2019\u201d.<\/strong><\/em><\/p>\n\n\n\n<p>Virginia, la mam\u00e1 de las v\u00edctimas, r\u00e1pidamente mencion\u00f3 lo \u201cinjusto\u201d del sistema incluso en la votaci\u00f3n: <em>\u201cNecesit\u00e1bamos que de 12, 10 personas lo declaren culpable. \u00bfSab\u00e9s cu\u00e1ntas personas necesita \u00e9l para estar en la calle? 4 de 12. Es al rev\u00e9s. \u00a0Se enter\u00f3 porque pregunt\u00f3 y le informaron v\u00eda mensaje de texto. \u201cNadie me llam\u00f3, siquiera\u201d.<\/em><\/p>\n\n\n\n<p>Visiblemente conmovida por lo sucedido y por las altas expectativas que ten\u00edan por su culpabilidad, cuestion\u00f3<em><strong> \u201cpor qu\u00e9 \u00e9l puede elegir la modalidad de Juicios por Jurados. Si le dieron la preventiva, la Justicia cre\u00eda que era culpable. Estaba todo, las pericias, los testimonios. Todo. Para que ese hdp siga en la c\u00e1rcel. El jurado es inexperto, no tiene la m\u00e1s p\u00e1lida idea del tema que est\u00e1 tratando, mi hija me dijo que cuando declaraba uno de los jurados se dorm\u00eda en su silla\u201d.<\/strong><\/em><\/p>\n\n\n\n<blockquote class=\"wp-block-quote is-layout-flow wp-block-quote-is-layout-flow\">\n<p>\u201cEs inhumano, es cruel, no tiene explicaci\u00f3n, ni sentido\u201d.<\/p>\n<\/blockquote>\n\n\n\n<p><strong>Dijo que no conoc\u00eda siquiera al fiscal de la causa, el doctor Marcos Eguzquiza, de Tandil. <\/strong><em>\u201cNos dijo que no ten\u00eda tiempo para viajar, ten\u00eda cosas importantes para hacer. Porque no eran sus hijas\u201d.<\/em><\/p>\n\n\n\n<p><strong>Agreg\u00f3, a su vez, que el cambio de fiscal (de Serrano a Eguzquiza) fue \u201cun golpe\u201d y se enteraron \u201c15 d\u00edas antes del Juicio\u201d. \u00a0<\/strong><\/p>\n\n\n\n<p>Aqu\u00ed, volvi\u00f3 a uno de los primeros puntos mencionados por Cuenca: denunci\u00f3 que una de las jurados conoc\u00eda a las partes y ten\u00eda inter\u00e9s en la causa: <em>\u201cme enter\u00e9 de casualidad, porque los testigos no se pueden cruzar con los jurados y la vi yendo al ba\u00f1o\u201d. Y se pregunt\u00f3: \u201c\u00bfpor qu\u00e9 minti\u00f3? \u00bfQu\u00e9 inter\u00e9s ten\u00eda para mentir?\u201d. <\/em>Confirmaron que el documento con preguntas tiene car\u00e1cter de declaraci\u00f3n jurada por lo que se la puede acusar de falso testimonio: <em><strong>\u201cla sanci\u00f3n es muy baja, es una sanci\u00f3n econ\u00f3mica y est\u00e1 totalmente desactualizada\u201d<\/strong><\/em> complement\u00f3 la doctora Targiano.<\/p>\n\n\n\n<p>Incluso, <em><strong>\u201cel fiscal anoche nos dijo que estaba todo encaminado, nosotros decimos la verdad por lo que en los testimonios no hab\u00eda contradicciones, incluso desisti\u00f3 de algunos testigos porque consideraba que era innecesario contar el relato que coincid\u00eda al detalle una y otra vez. Con todo lo que hay. Cu\u00e1ntas personas m\u00e1s tienen que decir lo mismo\u201d.<\/strong><\/em><\/p>\n\n\n\n<p>Sin dejar de mostrarse conmovida por los hechos, se pregunt\u00f3:<em> \u201c\u00bfPor qu\u00e9 tengo que estar pensando en vender la casa, irme de Olavarr\u00eda? \u00bfPor qu\u00e9? \u00bfPor qu\u00e9 nos tenemos que sentir inseguras o indefensas?\u201d<\/em><\/p>\n\n\n\n<p>Se\u00f1alaron que se sienten solas <strong>\u201csolamente estuvo Liliana y la gente de Animate. Ni el fiscal levant\u00f3 el tel\u00e9fono para decirme el veredicto del jurado. Termin\u00f3 y se fue a la casa\u201d. Denunci\u00f3 agresiones de familiares de Claudio Gonz\u00e1lez fuera del juzgado e incluso dentro del edificio.<\/strong><\/p>\n\n\n\n<p><em><strong>\u201cSomos otras v\u00edctimas de la no justicia. Despu\u00e9s de 3 a\u00f1os mi hija me volvi\u00f3 a decir que tiene miedo de salir a la calle. 17 a\u00f1os tiene, con todo por vivir, ir al parque, salir con sus amigos, juega al v\u00f3ley. \u00bfQu\u00e9 me espera ahora como mam\u00e1, que no quiere ni salir de casa?\u201d<\/strong><\/em> cerr\u00f3.<\/p>\n","protected":false},"excerpt":{"rendered":"<p>La agrupaci\u00f3n, que acompa\u00f1\u00f3 a las denunciantes del caso, critic\u00f3 con dureza y denunci\u00f3 varias irregularidades en el proceso judicial<\/p>\n","protected":false},"author":2,"featured_media":101528,"comment_status":"closed","ping_status":"closed","sticky":false,"template":"","format":"standard","meta":{"_jetpack_memberships_contains_paid_content":false,"footnotes":""},"categories":[14,1],"tags":[],"class_list":["post-101531","post","type-post","status-publish","format-standard","has-post-thumbnail","hentry","category-policiales","category-portada"],"jetpack_featured_media_url":"https:\/\/i0.wp.com\/cdnoticias.com\/wp-content\/uploads\/2023\/11\/animate-3-scaled.jpg?fit=2560%2C1424&ssl=1","jetpack_sharing_enabled":true,"_links":{"self":[{"href":"https:\/\/cdnoticias.com\/index.php\/wp-json\/wp\/v2\/posts\/101531","targetHints":{"allow":["GET"]}}],"collection":[{"href":"https:\/\/cdnoticias.com\/index.php\/wp-json\/wp\/v2\/posts"}],"about":[{"href":"https:\/\/cdnoticias.com\/index.php\/wp-json\/wp\/v2\/types\/post"}],"author":[{"embeddable":true,"href":"https:\/\/cdnoticias.com\/index.php\/wp-json\/wp\/v2\/users\/2"}],"replies":[{"embeddable":true,"href":"https:\/\/cdnoticias.com\/index.php\/wp-json\/wp\/v2\/comments?post=101531"}],"version-history":[{"count":0,"href":"https:\/\/cdnoticias.com\/index.php\/wp-json\/wp\/v2\/posts\/101531\/revisions"}],"wp:featuredmedia":[{"embeddable":true,"href":"https:\/\/cdnoticias.com\/index.php\/wp-json\/wp\/v2\/media\/101528"}],"wp:attachment":[{"href":"https:\/\/cdnoticias.com\/index.php\/wp-json\/wp\/v2\/media?parent=101531"}],"wp:term":[{"taxonomy":"category","embeddable":true,"href":"https:\/\/cdnoticias.com\/index.php\/wp-json\/wp\/v2\/categories?post=101531"},{"taxonomy":"post_tag","embeddable":true,"href":"https:\/\/cdnoticias.com\/index.php\/wp-json\/wp\/v2\/tags?post=101531"}],"curies":[{"name":"wp","href":"https:\/\/api.w.org\/{rel}","templated":true}]}}