{"id":101510,"date":"2023-11-10T16:40:07","date_gmt":"2023-11-10T19:40:07","guid":{"rendered":"https:\/\/cdnoticias.com\/?p=101510"},"modified":"2023-11-10T17:56:11","modified_gmt":"2023-11-10T20:56:11","slug":"reabrieron-la-discusion-paritaria-con-los-trabajadores-municipales","status":"publish","type":"post","link":"https:\/\/cdnoticias.com\/index.php\/2023\/11\/10\/reabrieron-la-discusion-paritaria-con-los-trabajadores-municipales\/","title":{"rendered":"Reabrieron la discusi\u00f3n paritaria con los trabajadores municipales"},"content":{"rendered":"\n<p>Fue este jueves por la ma\u00f1ana, con la presencia de ambas partes. Por ahora, solo se discutieron condiciones laborales y situaci\u00f3n econ\u00f3mica de los trabajadores.<\/p>\n\n\n\n<hr class=\"wp-block-separator aligncenter has-alpha-channel-opacity\"\/>\n\n\n\n<p>Este<strong> jueves por la ma\u00f1ana se llev\u00f3 a cabo en el sal\u00f3n blanco del palacio San Mart\u00edn una nueva reuni\u00f3n de paritarias entre el Gobierno Municipal y el Sindicato de Trabajadores Municipales de Olavarr\u00eda. <\/strong><\/p>\n\n\n\n<p>Se reabri\u00f3 tras un acuerdo de meses atr\u00e1s, en el que justamente solicitaban la reapertura de las negociaciones durante noviembre. <strong>La particularidad de las elecciones de octubre hizo que la reanudaci\u00f3n del di\u00e1logo se d\u00e9 en plena transici\u00f3n entre la gesti\u00f3n de Ezequiel Galli y Maximiliano Wesner.<\/strong> <\/p>\n\n\n\n<p>De la misma formaron parte el Secretario de Gobierno Hilario Galli, la Secretaria de Econom\u00eda y Hacienda Eugenia Bezzoni, la Secretaria de Desarrollo Humano y Calidad de Vida Guillermina Amespil, el Subsecretario de Legal y T\u00e9cnica Marcelo Fabbi, la Subsecretaria de Recursos del Sistema de Salud Emilia Spina, la Directora de Personal Cintia Bel\u00e9n Acosta y representantes del Sindicato.<\/p>\n\n\n\n<p>Cabe se\u00f1alar que <strong>tambi\u00e9n participa como asesor por parte del Sindicato de Trabajadores Municipales el contador Sergio Milesi, quien trabaja junto a los integrantes de la comisi\u00f3n del STMO en las negociaciones paritarias.<\/strong><\/p>\n\n\n\n<p>Durante el encuentro, <strong>los presentes dialogaron sobre las condiciones laborales y la situaci\u00f3n econ\u00f3mica de los trabajadores municipales.<\/strong><\/p>\n\n\n\n<p>Finalmente, las partes acordaron realizar una nueva <strong>reuni\u00f3n la pr\u00f3xima semana en d\u00eda y horario a confirmar.<\/strong><\/p>\n","protected":false},"excerpt":{"rendered":"<p>Fue este jueves por la ma\u00f1ana, con la presencia de ambas partes. Por ahora, solo se discutieron condiciones laborales y<\/p>\n","protected":false},"author":2,"featured_media":101511,"comment_status":"closed","ping_status":"closed","sticky":false,"template":"","format":"standard","meta":{"_jetpack_memberships_contains_paid_content":false,"footnotes":""},"categories":[5,1],"tags":[],"class_list":["post-101510","post","type-post","status-publish","format-standard","has-post-thumbnail","hentry","category-informacion-general","category-portada"],"jetpack_featured_media_url":"https:\/\/i0.wp.com\/cdnoticias.com\/wp-content\/uploads\/2023\/11\/Reunion-Pariatarias-2023-1-scaled-1.jpg?fit=2560%2C1711&ssl=1","jetpack_sharing_enabled":true,"_links":{"self":[{"href":"https:\/\/cdnoticias.com\/index.php\/wp-json\/wp\/v2\/posts\/101510","targetHints":{"allow":["GET"]}}],"collection":[{"href":"https:\/\/cdnoticias.com\/index.php\/wp-json\/wp\/v2\/posts"}],"about":[{"href":"https:\/\/cdnoticias.com\/index.php\/wp-json\/wp\/v2\/types\/post"}],"author":[{"embeddable":true,"href":"https:\/\/cdnoticias.com\/index.php\/wp-json\/wp\/v2\/users\/2"}],"replies":[{"embeddable":true,"href":"https:\/\/cdnoticias.com\/index.php\/wp-json\/wp\/v2\/comments?post=101510"}],"version-history":[{"count":0,"href":"https:\/\/cdnoticias.com\/index.php\/wp-json\/wp\/v2\/posts\/101510\/revisions"}],"wp:featuredmedia":[{"embeddable":true,"href":"https:\/\/cdnoticias.com\/index.php\/wp-json\/wp\/v2\/media\/101511"}],"wp:attachment":[{"href":"https:\/\/cdnoticias.com\/index.php\/wp-json\/wp\/v2\/media?parent=101510"}],"wp:term":[{"taxonomy":"category","embeddable":true,"href":"https:\/\/cdnoticias.com\/index.php\/wp-json\/wp\/v2\/categories?post=101510"},{"taxonomy":"post_tag","embeddable":true,"href":"https:\/\/cdnoticias.com\/index.php\/wp-json\/wp\/v2\/tags?post=101510"}],"curies":[{"name":"wp","href":"https:\/\/api.w.org\/{rel}","templated":true}]}}