{"id":101499,"date":"2023-11-10T19:39:04","date_gmt":"2023-11-10T22:39:04","guid":{"rendered":"https:\/\/cdnoticias.com\/?p=101499"},"modified":"2023-11-10T19:39:06","modified_gmt":"2023-11-10T22:39:06","slug":"olavarria-sera-sede-de-la-reunion-de-la-federacion-de-bomberos-voluntarios-de-la-provincia","status":"publish","type":"post","link":"https:\/\/cdnoticias.com\/index.php\/2023\/11\/10\/olavarria-sera-sede-de-la-reunion-de-la-federacion-de-bomberos-voluntarios-de-la-provincia\/","title":{"rendered":"Olavarr\u00eda ser\u00e1 sede de la reuni\u00f3n de la Federaci\u00f3n de Bomberos Voluntarios de la Provincia"},"content":{"rendered":"<p>Se llevar\u00e1 a cabo en las instalaciones del Campus Universitario de la ciudad. Se espera la llegada de m\u00e1s de 500 personas que participen de la jornada.<!--more--><\/p>\n<hr \/>\n<p>La <strong>Asociaci\u00f3n de Bomberos Voluntarios de Olavarr\u00eda<\/strong> fue elegida como la sede para llevar a cabo la<strong> \u00faltima reuni\u00f3n de la Federaci\u00f3n de Bomberos Voluntarios de la Provincia de Buenos Aires.<\/strong><br \/>\n&nbsp;<br \/>\nEl evento se realiza cuatro veces al a\u00f1o, invitando a representantes de todos los cuarteles que componen la provincia de Buenos Aires.<br \/>\n&nbsp;<\/p>\n<blockquote><p>En esta oportunidad el encuentro se realizar\u00e1 en las instalaciones del campus universitario de la UNICEN (Del Valle 5737), para poder recibir a las m\u00e1s de 500 personas que participar\u00e1n de la jornada.<\/p><\/blockquote>\n<p>&nbsp;<br \/>\nLa asamblea comenzar\u00e1 este <strong>s\u00e1bado 11 de noviembre<\/strong> por la ma\u00f1ana. Se concretar\u00e1n las primeras reuniones de sistema de \u00e9tica, escuela de cadetes, fondo federativo y finalmente la apertura de la Feria y Exposici\u00f3n.<br \/>\n&nbsp;<br \/>\nA las 11:30 se llevar\u00e1 a cabo el <strong>acto protocolar<\/strong> que dar\u00e1 inicio oficialmente a este \u00faltimo encuentro, d\u00e1ndole la bienvenida a los m\u00e1s de 500 bomberos y bomberas de la provincia.<br \/>\n&nbsp;<\/p>\n","protected":false},"excerpt":{"rendered":"<p>Se llevar\u00e1 a cabo en las instalaciones del Campus Universitario de la ciudad. Se espera la llegada de m\u00e1s de<\/p>\n","protected":false},"author":2,"featured_media":53804,"comment_status":"closed","ping_status":"closed","sticky":false,"template":"","format":"standard","meta":{"_jetpack_memberships_contains_paid_content":false,"footnotes":""},"categories":[5,1],"tags":[],"class_list":["post-101499","post","type-post","status-publish","format-standard","has-post-thumbnail","hentry","category-informacion-general","category-portada"],"jetpack_featured_media_url":"https:\/\/i0.wp.com\/cdnoticias.com\/wp-content\/uploads\/2022\/05\/unicen-campus.jpg?fit=800%2C445&ssl=1","jetpack_sharing_enabled":true,"_links":{"self":[{"href":"https:\/\/cdnoticias.com\/index.php\/wp-json\/wp\/v2\/posts\/101499","targetHints":{"allow":["GET"]}}],"collection":[{"href":"https:\/\/cdnoticias.com\/index.php\/wp-json\/wp\/v2\/posts"}],"about":[{"href":"https:\/\/cdnoticias.com\/index.php\/wp-json\/wp\/v2\/types\/post"}],"author":[{"embeddable":true,"href":"https:\/\/cdnoticias.com\/index.php\/wp-json\/wp\/v2\/users\/2"}],"replies":[{"embeddable":true,"href":"https:\/\/cdnoticias.com\/index.php\/wp-json\/wp\/v2\/comments?post=101499"}],"version-history":[{"count":0,"href":"https:\/\/cdnoticias.com\/index.php\/wp-json\/wp\/v2\/posts\/101499\/revisions"}],"wp:featuredmedia":[{"embeddable":true,"href":"https:\/\/cdnoticias.com\/index.php\/wp-json\/wp\/v2\/media\/53804"}],"wp:attachment":[{"href":"https:\/\/cdnoticias.com\/index.php\/wp-json\/wp\/v2\/media?parent=101499"}],"wp:term":[{"taxonomy":"category","embeddable":true,"href":"https:\/\/cdnoticias.com\/index.php\/wp-json\/wp\/v2\/categories?post=101499"},{"taxonomy":"post_tag","embeddable":true,"href":"https:\/\/cdnoticias.com\/index.php\/wp-json\/wp\/v2\/tags?post=101499"}],"curies":[{"name":"wp","href":"https:\/\/api.w.org\/{rel}","templated":true}]}}